{"id":989,"date":"2022-11-18T01:52:52","date_gmt":"2022-11-18T01:52:52","guid":{"rendered":"https:\/\/quimicositapetininga.org.br\/?p=989"},"modified":"2022-11-18T01:55:42","modified_gmt":"2022-11-18T01:55:42","slug":"trabalhadores-pretos-ganham-402-menos-do-que-brancos-aponta-ibge","status":"publish","type":"post","link":"https:\/\/quimicositapetininga.org.br\/?p=989","title":{"rendered":"Trabalhadores pretos ganham 40,2% menos do que brancos, aponta IBGE"},"content":{"rendered":"\t\t<div data-elementor-type=\"wp-post\" data-elementor-id=\"989\" class=\"elementor elementor-989\" data-elementor-settings=\"[]\">\n\t\t\t\t\t\t\t<div class=\"elementor-section-wrap\">\n\t\t\t\t\t\t\t<section class=\"elementor-section elementor-top-section elementor-element elementor-element-6b71dc3 elementor-section-boxed elementor-section-height-default elementor-section-height-default\" data-id=\"6b71dc3\" data-element_type=\"section\">\n\t\t\t\t\t\t<div class=\"elementor-container elementor-column-gap-default\">\n\t\t\t\t\t<div class=\"elementor-column elementor-col-100 elementor-top-column elementor-element elementor-element-099c220\" data-id=\"099c220\" data-element_type=\"column\">\n\t\t\t<div class=\"elementor-widget-wrap elementor-element-populated\">\n\t\t\t\t\t\t\t\t<div class=\"elementor-element elementor-element-3dde966 elementor-widget elementor-widget-heading\" data-id=\"3dde966\" data-element_type=\"widget\" data-widget_type=\"heading.default\">\n\t\t\t\t<div class=\"elementor-widget-container\">\n\t\t\t<style>\/*! elementor - v3.5.3 - 28-12-2021 *\/\n.elementor-heading-title{padding:0;margin:0;line-height:1}.elementor-widget-heading .elementor-heading-title[class*=elementor-size-]>a{color:inherit;font-size:inherit;line-height:inherit}.elementor-widget-heading .elementor-heading-title.elementor-size-small{font-size:15px}.elementor-widget-heading .elementor-heading-title.elementor-size-medium{font-size:19px}.elementor-widget-heading .elementor-heading-title.elementor-size-large{font-size:29px}.elementor-widget-heading .elementor-heading-title.elementor-size-xl{font-size:39px}.elementor-widget-heading .elementor-heading-title.elementor-size-xxl{font-size:59px}<\/style><h2 class=\"elementor-heading-title elementor-size-xl\">Trabalhadores pretos ganham 40,2% menos do que brancos, aponta IBGE<\/h2>\t\t<\/div>\n\t\t\t\t<\/div>\n\t\t\t\t\t<\/div>\n\t\t<\/div>\n\t\t\t\t\t\t\t<\/div>\n\t\t<\/section>\n\t\t\t\t<section class=\"elementor-section elementor-top-section elementor-element elementor-element-5110847 elementor-section-boxed elementor-section-height-default elementor-section-height-default\" data-id=\"5110847\" data-element_type=\"section\">\n\t\t\t\t\t\t<div class=\"elementor-container elementor-column-gap-default\">\n\t\t\t\t\t<div class=\"elementor-column elementor-col-100 elementor-top-column elementor-element elementor-element-4a97ac4\" data-id=\"4a97ac4\" data-element_type=\"column\">\n\t\t\t<div class=\"elementor-widget-wrap elementor-element-populated\">\n\t\t\t\t\t\t\t\t<div class=\"elementor-element elementor-element-c5cfe01 elementor-widget elementor-widget-image\" data-id=\"c5cfe01\" data-element_type=\"widget\" data-widget_type=\"image.default\">\n\t\t\t\t<div class=\"elementor-widget-container\">\n\t\t\t<style>\/*! elementor - v3.5.3 - 28-12-2021 *\/\n.elementor-widget-image{text-align:center}.elementor-widget-image a{display:inline-block}.elementor-widget-image a img[src$=\".svg\"]{width:48px}.elementor-widget-image img{vertical-align:middle;display:inline-block}<\/style>\t\t\t\t\t\t\t\t\t\t\t\t<img loading=\"lazy\" decoding=\"async\" width=\"768\" height=\"512\" src=\"https:\/\/quimicositapetininga.org.br\/wp-content\/uploads\/2022\/11\/pretos-e-pardos-768x512-1.jpg\" class=\"attachment-large size-large\" alt=\"\" \/>\t\t\t\t\t\t\t\t\t\t\t\t\t\t\t<\/div>\n\t\t\t\t<\/div>\n\t\t\t\t\t<\/div>\n\t\t<\/div>\n\t\t\t\t\t\t\t<\/div>\n\t\t<\/section>\n\t\t\t\t<section class=\"elementor-section elementor-top-section elementor-element elementor-element-f283831 elementor-section-boxed elementor-section-height-default elementor-section-height-default\" data-id=\"f283831\" data-element_type=\"section\">\n\t\t\t\t\t\t<div class=\"elementor-container elementor-column-gap-default\">\n\t\t\t\t\t<div class=\"elementor-column elementor-col-100 elementor-top-column elementor-element elementor-element-9f4bf98\" data-id=\"9f4bf98\" data-element_type=\"column\">\n\t\t\t<div class=\"elementor-widget-wrap elementor-element-populated\">\n\t\t\t\t\t\t\t\t<div class=\"elementor-element elementor-element-1ee3213 elementor-widget elementor-widget-text-editor\" data-id=\"1ee3213\" data-element_type=\"widget\" data-widget_type=\"text-editor.default\">\n\t\t\t\t<div class=\"elementor-widget-container\">\n\t\t\t<style>\/*! elementor - v3.5.3 - 28-12-2021 *\/\n.elementor-widget-text-editor.elementor-drop-cap-view-stacked .elementor-drop-cap{background-color:#818a91;color:#fff}.elementor-widget-text-editor.elementor-drop-cap-view-framed .elementor-drop-cap{color:#818a91;border:3px solid;background-color:transparent}.elementor-widget-text-editor:not(.elementor-drop-cap-view-default) .elementor-drop-cap{margin-top:8px}.elementor-widget-text-editor:not(.elementor-drop-cap-view-default) .elementor-drop-cap-letter{width:1em;height:1em}.elementor-widget-text-editor .elementor-drop-cap{float:left;text-align:center;line-height:1;font-size:50px}.elementor-widget-text-editor .elementor-drop-cap-letter{display:inline-block}<\/style>\t\t\t\t<p>O Brasil praticamente n\u00e3o registrou avan\u00e7os desde 2012 no que se refere \u00e0 renda do trabalho no segmento da popula\u00e7\u00e3o preta, \u00e9 o que aponta a pesquisa divulgada pelo IBGE e, sendo assim,\u00a0os trabalhadores e trabalhadoras pretos do pa\u00eds, mais uma vez, n\u00e3o t\u00eam o que comemorar no pr\u00f3ximo domingo (20 de novembro),\u00a0Dia Nacional da Consci\u00eancia Negra.<\/p><div><p>H\u00e1 10 anos os trabalhadores pretos ganhavam 42,8%, a menos do que os brancos por hora trabalhada. Atualmente, os pretos ganham 40,2% ou seja, a desigualdade salarial se mant\u00e9m praticamente a mesma.<\/p><p>Outras v\u00edtimas desta desigualdade s\u00e3o os trabalhadores pardos que ganham 38,4% menos do que os trabalhadores brancos. Em m\u00e9dia os brancos ganham R$ 19,22; os pretos R$ 11,49 e os pardos R$ 11,84, por hora trabalhada. Isso significa que para ganhar o valor do sal\u00e1rio m\u00ednimo atual de R$ 1.212, os pretos precisam trabalhar quase 105,5 horas, enquanto os brancos 63 horas.<\/p><p>Os dados s\u00e3o da Pesquisa Nacional por Amostragem de Domic\u00edlio (PNAD) Cont\u00ednua, divulgada em agosto pelo Instituto Brasileiro de Geografia e Estat\u00edstica (IBGE), com informa\u00e7\u00f5es referentes ao segundo trimestre do ano.<\/p><\/div><div><div><strong>Educa\u00e7\u00e3o superior<\/strong><\/div><div>\u00a0<\/div><div>A falta de acesso \u00e0 educa\u00e7\u00e3o superior \u00e9 um dos fatores que influenciam na diferen\u00e7a de renda. Segundo um documento do Instituto de Pesquisa Econ\u00f4mica Aplicada (Ipea) divulgado em 2021, nas \u00faltimas duas d\u00e9cadas 65,1% dos cargos de n\u00edvel superior eram ocupados por pessoas brancas. J\u00e1 pretos e pardos preenchiam 27,3% dessas vagas.<\/div><div>\u00a0<\/div><div><strong>Popula\u00e7\u00e3o brasileira por etnia<\/strong><\/div><div>\u00a0<\/div><div>Segundo o IBGE, as popula\u00e7\u00f5es preta e parda representam 9,1% e 47%, respectivamente, da popula\u00e7\u00e3o brasileira. J\u00e1 na for\u00e7a de trabalho, a popula\u00e7\u00e3o parda representa 45%, e a preta, 10,2%.<\/div><div>\u00a0<\/div><div><em>com informa\u00e7\u00f5es do IBGE<\/em><\/div><\/div>\t\t\t\t\t\t<\/div>\n\t\t\t\t<\/div>\n\t\t\t\t\t<\/div>\n\t\t<\/div>\n\t\t\t\t\t\t\t<\/div>\n\t\t<\/section>\n\t\t\t\t\t\t<\/div>\n\t\t\t\t\t<\/div>\n\t\t","protected":false},"excerpt":{"rendered":"<p>Trabalhadores pretos ganham 40,2% menos do que brancos, aponta IBGE O Brasil praticamente n\u00e3o registrou avan\u00e7os desde 2012 no que se refere \u00e0 renda do trabalho no segmento da popula\u00e7\u00e3o preta, \u00e9 o que aponta a pesquisa divulgada pelo IBGE e, sendo assim,\u00a0os trabalhadores e trabalhadoras pretos do pa\u00eds, mais uma vez, n\u00e3o t\u00eam o [&hellip;]<\/p>\n","protected":false},"author":1,"featured_media":0,"comment_status":"closed","ping_status":"closed","sticky":false,"template":"elementor_canvas","format":"standard","meta":{"footnotes":""},"categories":[2],"tags":[],"_links":{"self":[{"href":"https:\/\/quimicositapetininga.org.br\/index.php?rest_route=\/wp\/v2\/posts\/989"}],"collection":[{"href":"https:\/\/quimicositapetininga.org.br\/index.php?rest_route=\/wp\/v2\/posts"}],"about":[{"href":"https:\/\/quimicositapetininga.org.br\/index.php?rest_route=\/wp\/v2\/types\/post"}],"author":[{"embeddable":true,"href":"https:\/\/quimicositapetininga.org.br\/index.php?rest_route=\/wp\/v2\/users\/1"}],"replies":[{"embeddable":true,"href":"https:\/\/quimicositapetininga.org.br\/index.php?rest_route=%2Fwp%2Fv2%2Fcomments&post=989"}],"version-history":[{"count":4,"href":"https:\/\/quimicositapetininga.org.br\/index.php?rest_route=\/wp\/v2\/posts\/989\/revisions"}],"predecessor-version":[{"id":995,"href":"https:\/\/quimicositapetininga.org.br\/index.php?rest_route=\/wp\/v2\/posts\/989\/revisions\/995"}],"wp:attachment":[{"href":"https:\/\/quimicositapetininga.org.br\/index.php?rest_route=%2Fwp%2Fv2%2Fmedia&parent=989"}],"wp:term":[{"taxonomy":"category","embeddable":true,"href":"https:\/\/quimicositapetininga.org.br\/index.php?rest_route=%2Fwp%2Fv2%2Fcategories&post=989"},{"taxonomy":"post_tag","embeddable":true,"href":"https:\/\/quimicositapetininga.org.br\/index.php?rest_route=%2Fwp%2Fv2%2Ftags&post=989"}],"curies":[{"name":"wp","href":"https:\/\/api.w.org\/{rel}","templated":true}]}}