{"id":939,"date":"2022-09-01T00:39:44","date_gmt":"2022-09-01T00:39:44","guid":{"rendered":"https:\/\/www.quimicositapetininga.org.br\/?p=939"},"modified":"2023-06-15T23:03:17","modified_gmt":"2023-06-15T23:03:17","slug":"desemprego-cai-mas-empregados-sem-carteira-assinada-bate-recorde-e-chega-a-131-milhoes","status":"publish","type":"post","link":"https:\/\/quimicositapetininga.org.br\/?p=939","title":{"rendered":"Desemprego cai, mas empregados sem carteira assinada bate recorde e chega a 13,1 milh\u00f5es"},"content":{"rendered":"\t\t<div data-elementor-type=\"wp-post\" data-elementor-id=\"939\" class=\"elementor elementor-939\" data-elementor-settings=\"[]\">\n\t\t\t\t\t\t\t<div class=\"elementor-section-wrap\">\n\t\t\t\t\t\t\t<section class=\"elementor-section elementor-top-section elementor-element elementor-element-3e19489 elementor-section-boxed elementor-section-height-default elementor-section-height-default\" data-id=\"3e19489\" data-element_type=\"section\">\n\t\t\t\t\t\t<div class=\"elementor-container elementor-column-gap-default\">\n\t\t\t\t\t<div class=\"elementor-column elementor-col-100 elementor-top-column elementor-element elementor-element-4b89b42\" data-id=\"4b89b42\" data-element_type=\"column\">\n\t\t\t<div class=\"elementor-widget-wrap elementor-element-populated\">\n\t\t\t\t\t\t\t\t<div class=\"elementor-element elementor-element-5738ba3 elementor-widget elementor-widget-heading\" data-id=\"5738ba3\" data-element_type=\"widget\" data-widget_type=\"heading.default\">\n\t\t\t\t<div class=\"elementor-widget-container\">\n\t\t\t<style>\/*! elementor - v3.5.3 - 28-12-2021 *\/\n.elementor-heading-title{padding:0;margin:0;line-height:1}.elementor-widget-heading .elementor-heading-title[class*=elementor-size-]>a{color:inherit;font-size:inherit;line-height:inherit}.elementor-widget-heading .elementor-heading-title.elementor-size-small{font-size:15px}.elementor-widget-heading .elementor-heading-title.elementor-size-medium{font-size:19px}.elementor-widget-heading .elementor-heading-title.elementor-size-large{font-size:29px}.elementor-widget-heading .elementor-heading-title.elementor-size-xl{font-size:39px}.elementor-widget-heading .elementor-heading-title.elementor-size-xxl{font-size:59px}<\/style><h2 class=\"elementor-heading-title elementor-size-default\">Desemprego cai, mas empregados sem carteira assinada bate recorde e chega a 13,1 milh\u00f5es<\/h2>\t\t<\/div>\n\t\t\t\t<\/div>\n\t\t\t\t\t<\/div>\n\t\t<\/div>\n\t\t\t\t\t\t\t<\/div>\n\t\t<\/section>\n\t\t\t\t<section class=\"elementor-section elementor-top-section elementor-element elementor-element-c59662f elementor-section-boxed elementor-section-height-default elementor-section-height-default\" data-id=\"c59662f\" data-element_type=\"section\">\n\t\t\t\t\t\t<div class=\"elementor-container elementor-column-gap-default\">\n\t\t\t\t\t<div class=\"elementor-column elementor-col-100 elementor-top-column elementor-element elementor-element-bbd2045\" data-id=\"bbd2045\" data-element_type=\"column\">\n\t\t\t<div class=\"elementor-widget-wrap elementor-element-populated\">\n\t\t\t\t\t\t\t\t<div class=\"elementor-element elementor-element-7710a2c elementor-widget elementor-widget-image\" data-id=\"7710a2c\" data-element_type=\"widget\" data-widget_type=\"image.default\">\n\t\t\t\t<div class=\"elementor-widget-container\">\n\t\t\t<style>\/*! elementor - v3.5.3 - 28-12-2021 *\/\n.elementor-widget-image{text-align:center}.elementor-widget-image a{display:inline-block}.elementor-widget-image a img[src$=\".svg\"]{width:48px}.elementor-widget-image img{vertical-align:middle;display:inline-block}<\/style>\t\t\t\t\t\t\t\t\t\t\t\t<img loading=\"lazy\" decoding=\"async\" width=\"1024\" height=\"613\" src=\"https:\/\/quimicositapetininga.org.br\/wp-content\/uploads\/2022\/09\/Tania-Rego-Agencia-Brasil.jpg\" class=\"attachment-large size-large\" alt=\"\" \/>\t\t\t\t\t\t\t\t\t\t\t\t\t\t\t<\/div>\n\t\t\t\t<\/div>\n\t\t\t\t\t<\/div>\n\t\t<\/div>\n\t\t\t\t\t\t\t<\/div>\n\t\t<\/section>\n\t\t\t\t<section class=\"elementor-section elementor-top-section elementor-element elementor-element-289189b elementor-section-boxed elementor-section-height-default elementor-section-height-default\" data-id=\"289189b\" data-element_type=\"section\">\n\t\t\t\t\t\t<div class=\"elementor-container elementor-column-gap-default\">\n\t\t\t\t\t<div class=\"elementor-column elementor-col-100 elementor-top-column elementor-element elementor-element-e5c4fec\" data-id=\"e5c4fec\" data-element_type=\"column\">\n\t\t\t<div class=\"elementor-widget-wrap elementor-element-populated\">\n\t\t\t\t\t\t\t\t<div class=\"elementor-element elementor-element-fbc594f elementor-widget elementor-widget-text-editor\" data-id=\"fbc594f\" data-element_type=\"widget\" data-widget_type=\"text-editor.default\">\n\t\t\t\t<div class=\"elementor-widget-container\">\n\t\t\t<style>\/*! elementor - v3.5.3 - 28-12-2021 *\/\n.elementor-widget-text-editor.elementor-drop-cap-view-stacked .elementor-drop-cap{background-color:#818a91;color:#fff}.elementor-widget-text-editor.elementor-drop-cap-view-framed .elementor-drop-cap{color:#818a91;border:3px solid;background-color:transparent}.elementor-widget-text-editor:not(.elementor-drop-cap-view-default) .elementor-drop-cap{margin-top:8px}.elementor-widget-text-editor:not(.elementor-drop-cap-view-default) .elementor-drop-cap-letter{width:1em;height:1em}.elementor-widget-text-editor .elementor-drop-cap{float:left;text-align:center;line-height:1;font-size:50px}.elementor-widget-text-editor .elementor-drop-cap-letter{display:inline-block}<\/style>\t\t\t\t<p>O n\u00edvel de ocupa\u00e7\u00e3o foi de 57%, queda de 1,1 ponto percentual em rela\u00e7\u00e3o ao trimestre encerrado em abril.<\/p><p>Duas atividades influenciaram a queda do desemprego em julho: no com\u00e9rcio, repara\u00e7\u00e3o de ve\u00edculos automotores e motocicletas houve um acr\u00e9scimo de 692 mil pessoas no mercado de trabalho (3,7%) em compara\u00e7\u00e3o com o trimestre anterior e no setor administra\u00e7\u00e3o p\u00fablica, defesa, seguridade social, educa\u00e7\u00e3o, sa\u00fade humana e servi\u00e7os sociais o incremento foi de 648 mil pessoas (3,9%).<\/p><p>Apenas o setor de \u201cAgricultura, pecu\u00e1ria, produ\u00e7\u00e3o florestal, pesca e aquicultura\u201d n\u00e3o apresentou crescimento na popula\u00e7\u00e3o ocupada. Nenhum grupo de atividade econ\u00f4mica apresentou perda de ocupa\u00e7\u00e3o<\/p><p><strong>N\u00famero de empregados sem carteira assinada chega a 13,1 milh\u00f5es e bate recorde<\/strong><\/p><p>O acr\u00e9scimo de pessoas no mercado de trabalho tamb\u00e9m foi disseminado quando observamos as categorias de emprego. Destaque para o n\u00famero de trabalhadores dom\u00e9sticos (5,9 milh\u00f5es de pessoas), que subiu 4,4% frente ao trimestre anterior e para o n\u00famero de empregadores (4,3 milh\u00f5es de pessoas), que cresceu 3,9%.<\/p><p>O n\u00famero de empregados com carteira de trabalho assinada no setor privado (exclusive trabalhadores dom\u00e9sticos) tamb\u00e9m subiu: 1,6% contra o trimestre anterior, alcan\u00e7ando 35,8 milh\u00f5es. J\u00e1 a quantidade de trabalhadores por conta pr\u00f3pria foi de 25,9 milh\u00f5es de pessoas, o que significa um crescimento de 1,3%.<\/p><p>O n\u00famero de empregados no setor p\u00fablico foi de 12 milh\u00f5es, aumento de 4,7% no trimestre.<\/p><p>Por fim, o n\u00famero de empregados sem carteira assinada no setor privado bateu recorde da s\u00e9rie hist\u00f3rica e chegou a 13,1 milh\u00f5es de pessoas, um aumento de 4,8% em rela\u00e7\u00e3o ao trimestre encerrado em abril. A taxa de informalidade foi de 39,8% da popula\u00e7\u00e3o ocupada (contra 40% no trimestre anterior) e chegou a 39,3 milh\u00f5es. Entre as pessoas sem ocupa\u00e7\u00e3o, a popula\u00e7\u00e3o fora da for\u00e7a de trabalho ficou est\u00e1vel em julho e foi de 64,7 milh\u00f5es de pessoas. J\u00e1 a popula\u00e7\u00e3o desalentada caiu 5% e chegou a 4,2 milh\u00f5es de pessoas.<\/p><p><strong>Rendimento m\u00e9dio volta a crescer depois de 2 anos<\/strong><\/p><p>A PNAD Cont\u00ednua divulgada pelo IBGE mostra, ainda, que o rendimento real habitual voltou a crescer depois de dois anos e chegou a R$ 2.693 no tri encerrado em julho, 2,9% maior que no trimestre anterior, mas 2,9% menor que no mesmo per\u00edodo de 2021. O aumento foi puxado pelo rendimento dos empregadores (6,1%, ou mais R$ 369) dos militares e funcion\u00e1rio p\u00fablico estatut\u00e1rio (3,8%, ou mais R$ 176) e dos trabalhadores por conta pr\u00f3pria (3,0% ou mais R$ 63). Os demais grupamentos n\u00e3o variaram. J\u00e1 a massa de rendimento real habitual foi R$ 260,7 bilh\u00f5es, aumento de 5,3% frente ao trimestre encerrado em abril e de 6,1% na compara\u00e7\u00e3o anual.<\/p><p><strong>Fonte: IBGE<\/strong><\/p>\t\t\t\t\t\t<\/div>\n\t\t\t\t<\/div>\n\t\t\t\t\t<\/div>\n\t\t<\/div>\n\t\t\t\t\t\t\t<\/div>\n\t\t<\/section>\n\t\t\t\t\t\t<\/div>\n\t\t\t\t\t<\/div>\n\t\t","protected":false},"excerpt":{"rendered":"<p>Desemprego cai, mas empregados sem carteira assinada bate recorde e chega a 13,1 milh\u00f5es O n\u00edvel de ocupa\u00e7\u00e3o foi de 57%, queda de 1,1 ponto percentual em rela\u00e7\u00e3o ao trimestre encerrado em abril. Duas atividades influenciaram a queda do desemprego em julho: no com\u00e9rcio, repara\u00e7\u00e3o de ve\u00edculos automotores e motocicletas houve um acr\u00e9scimo de 692 [&hellip;]<\/p>\n","protected":false},"author":1,"featured_media":0,"comment_status":"closed","ping_status":"closed","sticky":false,"template":"elementor_canvas","format":"standard","meta":{"footnotes":""},"categories":[2],"tags":[],"_links":{"self":[{"href":"https:\/\/quimicositapetininga.org.br\/index.php?rest_route=\/wp\/v2\/posts\/939"}],"collection":[{"href":"https:\/\/quimicositapetininga.org.br\/index.php?rest_route=\/wp\/v2\/posts"}],"about":[{"href":"https:\/\/quimicositapetininga.org.br\/index.php?rest_route=\/wp\/v2\/types\/post"}],"author":[{"embeddable":true,"href":"https:\/\/quimicositapetininga.org.br\/index.php?rest_route=\/wp\/v2\/users\/1"}],"replies":[{"embeddable":true,"href":"https:\/\/quimicositapetininga.org.br\/index.php?rest_route=%2Fwp%2Fv2%2Fcomments&post=939"}],"version-history":[{"count":4,"href":"https:\/\/quimicositapetininga.org.br\/index.php?rest_route=\/wp\/v2\/posts\/939\/revisions"}],"predecessor-version":[{"id":945,"href":"https:\/\/quimicositapetininga.org.br\/index.php?rest_route=\/wp\/v2\/posts\/939\/revisions\/945"}],"wp:attachment":[{"href":"https:\/\/quimicositapetininga.org.br\/index.php?rest_route=%2Fwp%2Fv2%2Fmedia&parent=939"}],"wp:term":[{"taxonomy":"category","embeddable":true,"href":"https:\/\/quimicositapetininga.org.br\/index.php?rest_route=%2Fwp%2Fv2%2Fcategories&post=939"},{"taxonomy":"post_tag","embeddable":true,"href":"https:\/\/quimicositapetininga.org.br\/index.php?rest_route=%2Fwp%2Fv2%2Ftags&post=939"}],"curies":[{"name":"wp","href":"https:\/\/api.w.org\/{rel}","templated":true}]}}