{"id":868,"date":"2022-08-06T22:49:19","date_gmt":"2022-08-06T22:49:19","guid":{"rendered":"https:\/\/www.quimicositapetininga.org.br\/?p=868"},"modified":"2022-08-06T22:58:30","modified_gmt":"2022-08-06T22:58:30","slug":"seminario-da-industriall-termina-com-plano-estrategico-para-sindicalizacao","status":"publish","type":"post","link":"https:\/\/quimicositapetininga.org.br\/?p=868","title":{"rendered":"Semin\u00e1rio da IndustriALL termina com Plano Estrat\u00e9gico para Sindicaliza\u00e7\u00e3o"},"content":{"rendered":"\t\t<div data-elementor-type=\"wp-post\" data-elementor-id=\"868\" class=\"elementor elementor-868\" data-elementor-settings=\"[]\">\n\t\t\t\t\t\t\t<div class=\"elementor-section-wrap\">\n\t\t\t\t\t\t\t<section class=\"elementor-section elementor-top-section elementor-element elementor-element-afe66ef elementor-section-boxed elementor-section-height-default elementor-section-height-default\" data-id=\"afe66ef\" data-element_type=\"section\">\n\t\t\t\t\t\t<div class=\"elementor-container elementor-column-gap-default\">\n\t\t\t\t\t<div class=\"elementor-column elementor-col-100 elementor-top-column elementor-element elementor-element-590a7fc\" data-id=\"590a7fc\" data-element_type=\"column\">\n\t\t\t<div class=\"elementor-widget-wrap elementor-element-populated\">\n\t\t\t\t\t\t\t\t<div class=\"elementor-element elementor-element-b335a11 elementor-widget elementor-widget-heading\" data-id=\"b335a11\" data-element_type=\"widget\" data-widget_type=\"heading.default\">\n\t\t\t\t<div class=\"elementor-widget-container\">\n\t\t\t<style>\/*! elementor - v3.5.3 - 28-12-2021 *\/\n.elementor-heading-title{padding:0;margin:0;line-height:1}.elementor-widget-heading .elementor-heading-title[class*=elementor-size-]>a{color:inherit;font-size:inherit;line-height:inherit}.elementor-widget-heading .elementor-heading-title.elementor-size-small{font-size:15px}.elementor-widget-heading .elementor-heading-title.elementor-size-medium{font-size:19px}.elementor-widget-heading .elementor-heading-title.elementor-size-large{font-size:29px}.elementor-widget-heading .elementor-heading-title.elementor-size-xl{font-size:39px}.elementor-widget-heading .elementor-heading-title.elementor-size-xxl{font-size:59px}<\/style><h2 class=\"elementor-heading-title elementor-size-default\">Semin\u00e1rio da IndustriALL termina com Plano Estrat\u00e9gico para Sindicaliza\u00e7\u00e3o<\/h2>\t\t<\/div>\n\t\t\t\t<\/div>\n\t\t\t\t\t<\/div>\n\t\t<\/div>\n\t\t\t\t\t\t\t<\/div>\n\t\t<\/section>\n\t\t\t\t<section class=\"elementor-section elementor-top-section elementor-element elementor-element-998f74c elementor-section-boxed elementor-section-height-default elementor-section-height-default\" data-id=\"998f74c\" data-element_type=\"section\">\n\t\t\t\t\t\t<div class=\"elementor-container elementor-column-gap-default\">\n\t\t\t\t\t<div class=\"elementor-column elementor-col-100 elementor-top-column elementor-element elementor-element-bdf2d73\" data-id=\"bdf2d73\" data-element_type=\"column\">\n\t\t\t<div class=\"elementor-widget-wrap elementor-element-populated\">\n\t\t\t\t\t\t\t\t<div class=\"elementor-element elementor-element-de23cc2 elementor-widget elementor-widget-image\" data-id=\"de23cc2\" data-element_type=\"widget\" data-widget_type=\"image.default\">\n\t\t\t\t<div class=\"elementor-widget-container\">\n\t\t\t<style>\/*! elementor - v3.5.3 - 28-12-2021 *\/\n.elementor-widget-image{text-align:center}.elementor-widget-image a{display:inline-block}.elementor-widget-image a img[src$=\".svg\"]{width:48px}.elementor-widget-image img{vertical-align:middle;display:inline-block}<\/style>\t\t\t\t\t\t\t\t\t\t\t\t<img loading=\"lazy\" decoding=\"async\" width=\"696\" height=\"313\" src=\"https:\/\/quimicositapetininga.org.br\/wp-content\/uploads\/2022\/08\/industriall_03-08-2022-696x313-1.jpeg\" class=\"attachment-large size-large\" alt=\"\" \/>\t\t\t\t\t\t\t\t\t\t\t\t\t\t\t<\/div>\n\t\t\t\t<\/div>\n\t\t\t\t\t<\/div>\n\t\t<\/div>\n\t\t\t\t\t\t\t<\/div>\n\t\t<\/section>\n\t\t\t\t<section class=\"elementor-section elementor-top-section elementor-element elementor-element-9180cdc elementor-section-boxed elementor-section-height-default elementor-section-height-default\" data-id=\"9180cdc\" data-element_type=\"section\">\n\t\t\t\t\t\t<div class=\"elementor-container elementor-column-gap-default\">\n\t\t\t\t\t<div class=\"elementor-column elementor-col-100 elementor-top-column elementor-element elementor-element-b90e733\" data-id=\"b90e733\" data-element_type=\"column\">\n\t\t\t<div class=\"elementor-widget-wrap elementor-element-populated\">\n\t\t\t\t\t\t\t\t<div class=\"elementor-element elementor-element-ee5bbfe elementor-widget elementor-widget-text-editor\" data-id=\"ee5bbfe\" data-element_type=\"widget\" data-widget_type=\"text-editor.default\">\n\t\t\t\t<div class=\"elementor-widget-container\">\n\t\t\t<style>\/*! elementor - v3.5.3 - 28-12-2021 *\/\n.elementor-widget-text-editor.elementor-drop-cap-view-stacked .elementor-drop-cap{background-color:#818a91;color:#fff}.elementor-widget-text-editor.elementor-drop-cap-view-framed .elementor-drop-cap{color:#818a91;border:3px solid;background-color:transparent}.elementor-widget-text-editor:not(.elementor-drop-cap-view-default) .elementor-drop-cap{margin-top:8px}.elementor-widget-text-editor:not(.elementor-drop-cap-view-default) .elementor-drop-cap-letter{width:1em;height:1em}.elementor-widget-text-editor .elementor-drop-cap{float:left;text-align:center;line-height:1;font-size:50px}.elementor-widget-text-editor .elementor-drop-cap-letter{display:inline-block}<\/style>\t\t\t\t<p>O Semin\u00e1rio \u201cPoder da Contrata\u00e7\u00e3o Coletiva \u2013 Plano Estrat\u00e9gico para Sindicaliza\u00e7\u00e3o\u201d realizado pela IndustriALL Global Union e IndustriALL Brasil foi encerrado hoje com a forma\u00e7\u00e3o de formadores para desenvolver campanhas e a\u00e7\u00f5es voltadas \u00e0 sindicaliza\u00e7\u00e3o.<\/p><p>Edson Dias Bicalho, secret\u00e1rio geral da FEQUIMFAR e membro do Comit\u00ea Executivo da IndustriALL, explica que durante os tr\u00eas dias de encontro, foi criado um plano de trabalho com a proposta de que cada participante forme outros dez dirigentes sindicais em sua base. \u201cSer\u00e3o cerca de 400 lideran\u00e7as sindicais envolvidas em atividades e campanhas de sindicaliza\u00e7\u00e3o\u201d, diz ele.<\/p><p>A fim de manter o debate e apoiar todo o processo, o grupo dever\u00e1 se reunir semanalmente, via Zoom, pelas pr\u00f3ximas seis semanas.<\/p><p>Os Qu\u00edmicos da For\u00e7a tamb\u00e9m estiveram representados pelos companheiros Vanderlei, do Sindicato dos Qu\u00edmicos de Bauru, Eliza, do Sindicato dos Qu\u00edmicos de Mar\u00edlia, Laura, do Sindicato dos Qu\u00edmicos de Itapetininga, Chiquinho, do Sindicato do Papel de Piracicaba, e Daniel Ferrer, do DIEESE.<\/p>\t\t\t\t\t\t<\/div>\n\t\t\t\t<\/div>\n\t\t\t\t\t<\/div>\n\t\t<\/div>\n\t\t\t\t\t\t\t<\/div>\n\t\t<\/section>\n\t\t\t\t\t\t<\/div>\n\t\t\t\t\t<\/div>\n\t\t","protected":false},"excerpt":{"rendered":"<p>Semin\u00e1rio da IndustriALL termina com Plano Estrat\u00e9gico para Sindicaliza\u00e7\u00e3o O Semin\u00e1rio \u201cPoder da Contrata\u00e7\u00e3o Coletiva \u2013 Plano Estrat\u00e9gico para Sindicaliza\u00e7\u00e3o\u201d realizado pela IndustriALL Global Union e IndustriALL Brasil foi encerrado hoje com a forma\u00e7\u00e3o de formadores para desenvolver campanhas e a\u00e7\u00f5es voltadas \u00e0 sindicaliza\u00e7\u00e3o. Edson Dias Bicalho, secret\u00e1rio geral da FEQUIMFAR e membro do Comit\u00ea [&hellip;]<\/p>\n","protected":false},"author":1,"featured_media":0,"comment_status":"closed","ping_status":"closed","sticky":false,"template":"elementor_canvas","format":"standard","meta":{"footnotes":""},"categories":[9],"tags":[],"_links":{"self":[{"href":"https:\/\/quimicositapetininga.org.br\/index.php?rest_route=\/wp\/v2\/posts\/868"}],"collection":[{"href":"https:\/\/quimicositapetininga.org.br\/index.php?rest_route=\/wp\/v2\/posts"}],"about":[{"href":"https:\/\/quimicositapetininga.org.br\/index.php?rest_route=\/wp\/v2\/types\/post"}],"author":[{"embeddable":true,"href":"https:\/\/quimicositapetininga.org.br\/index.php?rest_route=\/wp\/v2\/users\/1"}],"replies":[{"embeddable":true,"href":"https:\/\/quimicositapetininga.org.br\/index.php?rest_route=%2Fwp%2Fv2%2Fcomments&post=868"}],"version-history":[{"count":7,"href":"https:\/\/quimicositapetininga.org.br\/index.php?rest_route=\/wp\/v2\/posts\/868\/revisions"}],"predecessor-version":[{"id":878,"href":"https:\/\/quimicositapetininga.org.br\/index.php?rest_route=\/wp\/v2\/posts\/868\/revisions\/878"}],"wp:attachment":[{"href":"https:\/\/quimicositapetininga.org.br\/index.php?rest_route=%2Fwp%2Fv2%2Fmedia&parent=868"}],"wp:term":[{"taxonomy":"category","embeddable":true,"href":"https:\/\/quimicositapetininga.org.br\/index.php?rest_route=%2Fwp%2Fv2%2Fcategories&post=868"},{"taxonomy":"post_tag","embeddable":true,"href":"https:\/\/quimicositapetininga.org.br\/index.php?rest_route=%2Fwp%2Fv2%2Ftags&post=868"}],"curies":[{"name":"wp","href":"https:\/\/api.w.org\/{rel}","templated":true}]}}