{"id":841,"date":"2022-07-24T22:09:37","date_gmt":"2022-07-24T22:09:37","guid":{"rendered":"https:\/\/www.quimicositapetininga.org.br\/?p=841"},"modified":"2022-07-24T22:13:50","modified_gmt":"2022-07-24T22:13:50","slug":"trabalhador-que-recebe-15-salario-minimo-vai-pagar-ir-em-2023","status":"publish","type":"post","link":"https:\/\/quimicositapetininga.org.br\/?p=841","title":{"rendered":"Trabalhador que recebe 1,5 sal\u00e1rio m\u00ednimo vai pagar IR em 2023"},"content":{"rendered":"\t\t<div data-elementor-type=\"wp-post\" data-elementor-id=\"841\" class=\"elementor elementor-841\" data-elementor-settings=\"[]\">\n\t\t\t\t\t\t\t<div class=\"elementor-section-wrap\">\n\t\t\t\t\t\t\t<section class=\"elementor-section elementor-top-section elementor-element elementor-element-cfaedef elementor-section-boxed elementor-section-height-default elementor-section-height-default\" data-id=\"cfaedef\" data-element_type=\"section\">\n\t\t\t\t\t\t<div class=\"elementor-container elementor-column-gap-default\">\n\t\t\t\t\t<div class=\"elementor-column elementor-col-100 elementor-top-column elementor-element elementor-element-1381d18\" data-id=\"1381d18\" data-element_type=\"column\">\n\t\t\t<div class=\"elementor-widget-wrap elementor-element-populated\">\n\t\t\t\t\t\t\t\t<div class=\"elementor-element elementor-element-fb111fc elementor-widget elementor-widget-heading\" data-id=\"fb111fc\" data-element_type=\"widget\" data-widget_type=\"heading.default\">\n\t\t\t\t<div class=\"elementor-widget-container\">\n\t\t\t<style>\/*! elementor - v3.5.3 - 28-12-2021 *\/\n.elementor-heading-title{padding:0;margin:0;line-height:1}.elementor-widget-heading .elementor-heading-title[class*=elementor-size-]>a{color:inherit;font-size:inherit;line-height:inherit}.elementor-widget-heading .elementor-heading-title.elementor-size-small{font-size:15px}.elementor-widget-heading .elementor-heading-title.elementor-size-medium{font-size:19px}.elementor-widget-heading .elementor-heading-title.elementor-size-large{font-size:29px}.elementor-widget-heading .elementor-heading-title.elementor-size-xl{font-size:39px}.elementor-widget-heading .elementor-heading-title.elementor-size-xxl{font-size:59px}<\/style><h2 class=\"elementor-heading-title elementor-size-default\">Trabalhador que recebe 1,5 sal\u00e1rio m\u00ednimo vai pagar IR em 2023<\/h2>\t\t<\/div>\n\t\t\t\t<\/div>\n\t\t\t\t\t<\/div>\n\t\t<\/div>\n\t\t\t\t\t\t\t<\/div>\n\t\t<\/section>\n\t\t\t\t<section class=\"elementor-section elementor-top-section elementor-element elementor-element-b2daecc elementor-section-boxed elementor-section-height-default elementor-section-height-default\" data-id=\"b2daecc\" data-element_type=\"section\">\n\t\t\t\t\t\t<div class=\"elementor-container elementor-column-gap-default\">\n\t\t\t\t\t<div class=\"elementor-column elementor-col-100 elementor-top-column elementor-element elementor-element-6ab3e44\" data-id=\"6ab3e44\" data-element_type=\"column\">\n\t\t\t<div class=\"elementor-widget-wrap elementor-element-populated\">\n\t\t\t\t\t\t\t\t<div class=\"elementor-element elementor-element-c98c130 elementor-widget elementor-widget-image\" data-id=\"c98c130\" data-element_type=\"widget\" data-widget_type=\"image.default\">\n\t\t\t\t<div class=\"elementor-widget-container\">\n\t\t\t<style>\/*! elementor - v3.5.3 - 28-12-2021 *\/\n.elementor-widget-image{text-align:center}.elementor-widget-image a{display:inline-block}.elementor-widget-image a img[src$=\".svg\"]{width:48px}.elementor-widget-image img{vertical-align:middle;display:inline-block}<\/style>\t\t\t\t\t\t\t\t\t\t\t\t<img loading=\"lazy\" decoding=\"async\" width=\"585\" height=\"290\" src=\"https:\/\/quimicositapetininga.org.br\/wp-content\/uploads\/2022\/07\/31713-carteira.jpg\" class=\"attachment-large size-large\" alt=\"\" \/>\t\t\t\t\t\t\t\t\t\t\t\t\t\t\t<\/div>\n\t\t\t\t<\/div>\n\t\t\t\t\t<\/div>\n\t\t<\/div>\n\t\t\t\t\t\t\t<\/div>\n\t\t<\/section>\n\t\t\t\t<section class=\"elementor-section elementor-top-section elementor-element elementor-element-44982f3 elementor-section-boxed elementor-section-height-default elementor-section-height-default\" data-id=\"44982f3\" data-element_type=\"section\">\n\t\t\t\t\t\t<div class=\"elementor-container elementor-column-gap-default\">\n\t\t\t\t\t<div class=\"elementor-column elementor-col-100 elementor-top-column elementor-element elementor-element-5c1f861\" data-id=\"5c1f861\" data-element_type=\"column\">\n\t\t\t<div class=\"elementor-widget-wrap elementor-element-populated\">\n\t\t\t\t\t\t\t\t<div class=\"elementor-element elementor-element-2a85ec3 elementor-widget elementor-widget-text-editor\" data-id=\"2a85ec3\" data-element_type=\"widget\" data-widget_type=\"text-editor.default\">\n\t\t\t\t<div class=\"elementor-widget-container\">\n\t\t\t<style>\/*! elementor - v3.5.3 - 28-12-2021 *\/\n.elementor-widget-text-editor.elementor-drop-cap-view-stacked .elementor-drop-cap{background-color:#818a91;color:#fff}.elementor-widget-text-editor.elementor-drop-cap-view-framed .elementor-drop-cap{color:#818a91;border:3px solid;background-color:transparent}.elementor-widget-text-editor:not(.elementor-drop-cap-view-default) .elementor-drop-cap{margin-top:8px}.elementor-widget-text-editor:not(.elementor-drop-cap-view-default) .elementor-drop-cap-letter{width:1em;height:1em}.elementor-widget-text-editor .elementor-drop-cap{float:left;text-align:center;line-height:1;font-size:50px}.elementor-widget-text-editor .elementor-drop-cap-letter{display:inline-block}<\/style>\t\t\t\t<div>A tabela de faixas de valores do Imposto de Renda (IR) n\u00e3o \u00e9 atualizada desde 2015, sendo assim, conforme a previs\u00e3o do sal\u00e1rio m\u00ednimo para 2023 (R$ 1.294), quem recebe 1,5 piso ter\u00e1 que pagar o tributo.<\/div><div>\u00a0<\/div><div>Diante tal situa\u00e7\u00e3o, parlamentares est\u00e3o com propostas em aberto solicitando a atualiza\u00e7\u00e3o da tabela do Imposto de Renda, a fim de aumentar a faixa de isen\u00e7\u00e3o. No total, seis Projetos de Leis (PLs) foram elaborados.<\/div><div>\u00a0<\/div><div><strong>Senadores defendem altera\u00e7\u00e3o na tabela do imposto de renda<\/strong><\/div><div>V\u00e1rios projetos que buscam corrigir a defasagem da faixa de isen\u00e7\u00e3o do IR tramitam no Senado Federal. Um dos textos \u00e9 o PLS 46\/2018, do senador Lasier Martins. A inten\u00e7\u00e3o \u00e9 promover o reajuste anual da tabela.<\/div><div>\u00a0<\/div><div>\u201cSegundo estudo realizado pelo Sindicato dos Auditores Fiscais (Sindifisco), a defasagem na tabela \u00e9 de 113,09%. Isso significa que a atual isen\u00e7\u00e3o salarial para os que possuem um ganho mensal em torno de R$ 1.903 deveria passar para R$ 4.022. Mais uma vez a l\u00f3gica se inverte, os brasileiros que recebem sal\u00e1rios mais baixos s\u00e3o os mais afetados pela defasagem\u201d, afirmou o senador Paulo Paim, apoiador da proposta.<\/div><div>\u00a0<\/div><div>Para o senador Fabiano Contarato, o Governo Federal \u00e9 omisso quanto a atualiza\u00e7\u00e3o da tabela. O parlamentar apresentou o PL 999\/2021, que prev\u00ea a isen\u00e7\u00e3o do importo para quem ganha at\u00e9 R$ 4.135. Al\u00e9m disso, o texto garante que reajustes sejam realizados anualmente com base no \u00cdndice Nacional de Pre\u00e7os ao Consumidor Amplo (IPCA).<\/div><div>\u00a0<\/div><div>Na mesma perspectiva, o senador Jorge Kajuru apresentou um projeto (PL 2.988\/2019) que cria uma nova faixa de na tabela progressiva do Imposto de Renda. A proposta tamb\u00e9m determina a incid\u00eancia desse tributo sobre lucros e dividendos pagos ou creditados pelas pessoas jur\u00eddicas.<\/div><div>\u00a0<\/div><div>Kajuru ainda ressalta que a nova al\u00edquota, de 40%, impactaria negativamente quem recebe acima de R$ 49.900, al\u00e9m de contribuir para a justi\u00e7a tribut\u00e1ria. Ele destaca quem caso o projeto seja aprovado, cidad\u00e3os de todas as classes pagar\u00e3o os impostos, n\u00e3o s\u00f3 os pobres.<\/div>\t\t\t\t\t\t<\/div>\n\t\t\t\t<\/div>\n\t\t\t\t\t<\/div>\n\t\t<\/div>\n\t\t\t\t\t\t\t<\/div>\n\t\t<\/section>\n\t\t\t\t\t\t<\/div>\n\t\t\t\t\t<\/div>\n\t\t","protected":false},"excerpt":{"rendered":"<p>Trabalhador que recebe 1,5 sal\u00e1rio m\u00ednimo vai pagar IR em 2023 A tabela de faixas de valores do Imposto de Renda (IR) n\u00e3o \u00e9 atualizada desde 2015, sendo assim, conforme a previs\u00e3o do sal\u00e1rio m\u00ednimo para 2023 (R$ 1.294), quem recebe 1,5 piso ter\u00e1 que pagar o tributo.\u00a0Diante tal situa\u00e7\u00e3o, parlamentares est\u00e3o com propostas em [&hellip;]<\/p>\n","protected":false},"author":1,"featured_media":0,"comment_status":"closed","ping_status":"closed","sticky":false,"template":"elementor_canvas","format":"standard","meta":{"footnotes":""},"categories":[2],"tags":[],"_links":{"self":[{"href":"https:\/\/quimicositapetininga.org.br\/index.php?rest_route=\/wp\/v2\/posts\/841"}],"collection":[{"href":"https:\/\/quimicositapetininga.org.br\/index.php?rest_route=\/wp\/v2\/posts"}],"about":[{"href":"https:\/\/quimicositapetininga.org.br\/index.php?rest_route=\/wp\/v2\/types\/post"}],"author":[{"embeddable":true,"href":"https:\/\/quimicositapetininga.org.br\/index.php?rest_route=\/wp\/v2\/users\/1"}],"replies":[{"embeddable":true,"href":"https:\/\/quimicositapetininga.org.br\/index.php?rest_route=%2Fwp%2Fv2%2Fcomments&post=841"}],"version-history":[{"count":4,"href":"https:\/\/quimicositapetininga.org.br\/index.php?rest_route=\/wp\/v2\/posts\/841\/revisions"}],"predecessor-version":[{"id":848,"href":"https:\/\/quimicositapetininga.org.br\/index.php?rest_route=\/wp\/v2\/posts\/841\/revisions\/848"}],"wp:attachment":[{"href":"https:\/\/quimicositapetininga.org.br\/index.php?rest_route=%2Fwp%2Fv2%2Fmedia&parent=841"}],"wp:term":[{"taxonomy":"category","embeddable":true,"href":"https:\/\/quimicositapetininga.org.br\/index.php?rest_route=%2Fwp%2Fv2%2Fcategories&post=841"},{"taxonomy":"post_tag","embeddable":true,"href":"https:\/\/quimicositapetininga.org.br\/index.php?rest_route=%2Fwp%2Fv2%2Ftags&post=841"}],"curies":[{"name":"wp","href":"https:\/\/api.w.org\/{rel}","templated":true}]}}