{"id":834,"date":"2022-07-24T21:53:56","date_gmt":"2022-07-24T21:53:56","guid":{"rendered":"https:\/\/www.quimicositapetininga.org.br\/?p=834"},"modified":"2022-07-24T22:00:08","modified_gmt":"2022-07-24T22:00:08","slug":"nova-carteira-de-identidade-comeca-a-ser-emitida-na-proxima-semana","status":"publish","type":"post","link":"https:\/\/quimicositapetininga.org.br\/?p=834","title":{"rendered":"Nova carteira de identidade come\u00e7a a ser emitida na pr\u00f3xima semana"},"content":{"rendered":"\t\t<div data-elementor-type=\"wp-post\" data-elementor-id=\"834\" class=\"elementor elementor-834\" data-elementor-settings=\"[]\">\n\t\t\t\t\t\t\t<div class=\"elementor-section-wrap\">\n\t\t\t\t\t\t\t<section class=\"elementor-section elementor-top-section elementor-element elementor-element-d4d323c elementor-section-boxed elementor-section-height-default elementor-section-height-default\" data-id=\"d4d323c\" data-element_type=\"section\">\n\t\t\t\t\t\t<div class=\"elementor-container elementor-column-gap-default\">\n\t\t\t\t\t<div class=\"elementor-column elementor-col-100 elementor-top-column elementor-element elementor-element-7256baf\" data-id=\"7256baf\" data-element_type=\"column\">\n\t\t\t<div class=\"elementor-widget-wrap elementor-element-populated\">\n\t\t\t\t\t\t\t\t<div class=\"elementor-element elementor-element-06121cf elementor-widget elementor-widget-heading\" data-id=\"06121cf\" data-element_type=\"widget\" data-widget_type=\"heading.default\">\n\t\t\t\t<div class=\"elementor-widget-container\">\n\t\t\t<style>\/*! elementor - v3.5.3 - 28-12-2021 *\/\n.elementor-heading-title{padding:0;margin:0;line-height:1}.elementor-widget-heading .elementor-heading-title[class*=elementor-size-]>a{color:inherit;font-size:inherit;line-height:inherit}.elementor-widget-heading .elementor-heading-title.elementor-size-small{font-size:15px}.elementor-widget-heading .elementor-heading-title.elementor-size-medium{font-size:19px}.elementor-widget-heading .elementor-heading-title.elementor-size-large{font-size:29px}.elementor-widget-heading .elementor-heading-title.elementor-size-xl{font-size:39px}.elementor-widget-heading .elementor-heading-title.elementor-size-xxl{font-size:59px}<\/style><h2 class=\"elementor-heading-title elementor-size-default\">Nova carteira de identidade come\u00e7a a ser emitida na pr\u00f3xima semana<\/h2>\t\t<\/div>\n\t\t\t\t<\/div>\n\t\t\t\t\t<\/div>\n\t\t<\/div>\n\t\t\t\t\t\t\t<\/div>\n\t\t<\/section>\n\t\t\t\t<section class=\"elementor-section elementor-top-section elementor-element elementor-element-a0428ee elementor-section-boxed elementor-section-height-default elementor-section-height-default\" data-id=\"a0428ee\" data-element_type=\"section\">\n\t\t\t\t\t\t<div class=\"elementor-container elementor-column-gap-default\">\n\t\t\t\t\t<div class=\"elementor-column elementor-col-100 elementor-top-column elementor-element elementor-element-c30c18c\" data-id=\"c30c18c\" data-element_type=\"column\">\n\t\t\t<div class=\"elementor-widget-wrap elementor-element-populated\">\n\t\t\t\t\t\t\t\t<div class=\"elementor-element elementor-element-62412a2 elementor-widget elementor-widget-image\" data-id=\"62412a2\" data-element_type=\"widget\" data-widget_type=\"image.default\">\n\t\t\t\t<div class=\"elementor-widget-container\">\n\t\t\t<style>\/*! elementor - v3.5.3 - 28-12-2021 *\/\n.elementor-widget-image{text-align:center}.elementor-widget-image a{display:inline-block}.elementor-widget-image a img[src$=\".svg\"]{width:48px}.elementor-widget-image img{vertical-align:middle;display:inline-block}<\/style>\t\t\t\t\t\t\t\t\t\t\t\t<img loading=\"lazy\" decoding=\"async\" width=\"1024\" height=\"613\" src=\"https:\/\/quimicositapetininga.org.br\/wp-content\/uploads\/2022\/07\/nova-carteira-de-identidade.jpg\" class=\"attachment-large size-large\" alt=\"\" \/>\t\t\t\t\t\t\t\t\t\t\t\t\t\t\t<\/div>\n\t\t\t\t<\/div>\n\t\t\t\t\t<\/div>\n\t\t<\/div>\n\t\t\t\t\t\t\t<\/div>\n\t\t<\/section>\n\t\t\t\t<section class=\"elementor-section elementor-top-section elementor-element elementor-element-bdecce0 elementor-section-boxed elementor-section-height-default elementor-section-height-default\" data-id=\"bdecce0\" data-element_type=\"section\">\n\t\t\t\t\t\t<div class=\"elementor-container elementor-column-gap-default\">\n\t\t\t\t\t<div class=\"elementor-column elementor-col-100 elementor-top-column elementor-element elementor-element-2e51fa8\" data-id=\"2e51fa8\" data-element_type=\"column\">\n\t\t\t<div class=\"elementor-widget-wrap elementor-element-populated\">\n\t\t\t\t\t\t\t\t<div class=\"elementor-element elementor-element-b456279 elementor-widget elementor-widget-text-editor\" data-id=\"b456279\" data-element_type=\"widget\" data-widget_type=\"text-editor.default\">\n\t\t\t\t<div class=\"elementor-widget-container\">\n\t\t\t<style>\/*! elementor - v3.5.3 - 28-12-2021 *\/\n.elementor-widget-text-editor.elementor-drop-cap-view-stacked .elementor-drop-cap{background-color:#818a91;color:#fff}.elementor-widget-text-editor.elementor-drop-cap-view-framed .elementor-drop-cap{color:#818a91;border:3px solid;background-color:transparent}.elementor-widget-text-editor:not(.elementor-drop-cap-view-default) .elementor-drop-cap{margin-top:8px}.elementor-widget-text-editor:not(.elementor-drop-cap-view-default) .elementor-drop-cap-letter{width:1em;height:1em}.elementor-widget-text-editor .elementor-drop-cap{float:left;text-align:center;line-height:1;font-size:50px}.elementor-widget-text-editor .elementor-drop-cap-letter{display:inline-block}<\/style>\t\t\t\t<p>A nova carteira de identidade nacional come\u00e7ar\u00e1 a ser emitida na pr\u00f3xima semana. O documento adotar\u00e1 o n\u00famero de inscri\u00e7\u00e3o no Cadastro de Pessoas F\u00edsicas (CPF) como registro geral, \u00fanico e v\u00e1lido para todo o pa\u00eds. As primeiras unidades federativas a receberem o novo documento s\u00e3o Acre, Distrito Federal, Goi\u00e1s, Minas Gerais, Paran\u00e1 e Rio Grande do Sul, esta \u00faltima j\u00e1 no dia 26.<\/p><p>A nova identidade vem com um QR Code que pode ser lido por qualquer dispositivo apropriado, como um smartphone \u2013 o que permitir\u00e1 a valida\u00e7\u00e3o eletr\u00f4nica de sua autenticidade, bem como saber se ele foi furtado ou extraviado.<\/p><p>Essa nova vers\u00e3o do documento de identifica\u00e7\u00e3o servir\u00e1 tamb\u00e9m de documento de viagem, devido \u00e0 inclus\u00e3o de um c\u00f3digo de padr\u00e3o internacional chamado MRZ, o mesmo usado em passaportes.<\/p><p>At\u00e9 o momento, por\u00e9m, o Brasil s\u00f3 tem acordos para uso do documento de identidade nos postos imigrat\u00f3rios com pa\u00edses do Mercosul. Para os demais pa\u00edses, o passaporte continua sendo obrigat\u00f3rio.<\/p><p>O novo RG ter\u00e1 validade de 10 anos para pessoas com at\u00e9 60 anos de idade. Para os maiores de 60 anos, o RG antigo continuar\u00e1 valendo por tempo indeterminado.<\/p><p>De acordo com o Minist\u00e9rio da Economia, \u201cneste primeiro momento, somente ser\u00e3o emitidas as novas identidades para cidad\u00e3os que estiverem com as informa\u00e7\u00f5es no CPF de acordo com suas certid\u00f5es atualizadas. Cidad\u00e3os que n\u00e3o possu\u00edrem ou estiverem com as informa\u00e7\u00f5es incorretas no CPF poder\u00e3o recorrer aos canais de atendimento \u00e0 dist\u00e2ncia da Receita Federal para resolver sua situa\u00e7\u00e3o. No futuro, os pr\u00f3prios \u00f3rg\u00e3os de identifica\u00e7\u00e3o civil far\u00e3o novas inscri\u00e7\u00f5es e atualiza\u00e7\u00f5es no CPF\u201d.<\/p><p>A atualiza\u00e7\u00e3o das informa\u00e7\u00f5es no CPF pode ser feita gratuitamente pela internet, no site da Receita Federal. Dependendo da situa\u00e7\u00e3o, pode ser necess\u00e1rio o envio de documentos para a Receita Federal via e-mail.<\/p><p>A lista de documentos necess\u00e1rios para a atualiza\u00e7\u00e3o do CPF foi disponibilizada no site do Minist\u00e9rio da Economia, bem como os e-mails da Receita, para onde os documentos devem ser enviados.<\/p><p>Fonte: Ag\u00eancia Brasil<\/p>\t\t\t\t\t\t<\/div>\n\t\t\t\t<\/div>\n\t\t\t\t\t<\/div>\n\t\t<\/div>\n\t\t\t\t\t\t\t<\/div>\n\t\t<\/section>\n\t\t\t\t\t\t<\/div>\n\t\t\t\t\t<\/div>\n\t\t","protected":false},"excerpt":{"rendered":"<p>Nova carteira de identidade come\u00e7a a ser emitida na pr\u00f3xima semana A nova carteira de identidade nacional come\u00e7ar\u00e1 a ser emitida na pr\u00f3xima semana. O documento adotar\u00e1 o n\u00famero de inscri\u00e7\u00e3o no Cadastro de Pessoas F\u00edsicas (CPF) como registro geral, \u00fanico e v\u00e1lido para todo o pa\u00eds. As primeiras unidades federativas a receberem o novo [&hellip;]<\/p>\n","protected":false},"author":1,"featured_media":0,"comment_status":"closed","ping_status":"closed","sticky":false,"template":"elementor_canvas","format":"standard","meta":{"footnotes":""},"categories":[2],"tags":[],"_links":{"self":[{"href":"https:\/\/quimicositapetininga.org.br\/index.php?rest_route=\/wp\/v2\/posts\/834"}],"collection":[{"href":"https:\/\/quimicositapetininga.org.br\/index.php?rest_route=\/wp\/v2\/posts"}],"about":[{"href":"https:\/\/quimicositapetininga.org.br\/index.php?rest_route=\/wp\/v2\/types\/post"}],"author":[{"embeddable":true,"href":"https:\/\/quimicositapetininga.org.br\/index.php?rest_route=\/wp\/v2\/users\/1"}],"replies":[{"embeddable":true,"href":"https:\/\/quimicositapetininga.org.br\/index.php?rest_route=%2Fwp%2Fv2%2Fcomments&post=834"}],"version-history":[{"count":4,"href":"https:\/\/quimicositapetininga.org.br\/index.php?rest_route=\/wp\/v2\/posts\/834\/revisions"}],"predecessor-version":[{"id":840,"href":"https:\/\/quimicositapetininga.org.br\/index.php?rest_route=\/wp\/v2\/posts\/834\/revisions\/840"}],"wp:attachment":[{"href":"https:\/\/quimicositapetininga.org.br\/index.php?rest_route=%2Fwp%2Fv2%2Fmedia&parent=834"}],"wp:term":[{"taxonomy":"category","embeddable":true,"href":"https:\/\/quimicositapetininga.org.br\/index.php?rest_route=%2Fwp%2Fv2%2Fcategories&post=834"},{"taxonomy":"post_tag","embeddable":true,"href":"https:\/\/quimicositapetininga.org.br\/index.php?rest_route=%2Fwp%2Fv2%2Ftags&post=834"}],"curies":[{"name":"wp","href":"https:\/\/api.w.org\/{rel}","templated":true}]}}