{"id":825,"date":"2022-07-14T01:56:11","date_gmt":"2022-07-14T01:56:11","guid":{"rendered":"https:\/\/www.quimicositapetininga.org.br\/?p=825"},"modified":"2022-07-14T02:00:48","modified_gmt":"2022-07-14T02:00:48","slug":"de-sacos-de-laranja-a-215-bilhoes-na-economia-60-anos-da-conquista-do-13o-salario","status":"publish","type":"post","link":"https:\/\/quimicositapetininga.org.br\/?p=825","title":{"rendered":"De sacos de laranja \u00e0 215 bilh\u00f5es na economia: 60 anos da conquista do 13\u00ba sal\u00e1rio"},"content":{"rendered":"\t\t<div data-elementor-type=\"wp-post\" data-elementor-id=\"825\" class=\"elementor elementor-825\" data-elementor-settings=\"[]\">\n\t\t\t\t\t\t\t<div class=\"elementor-section-wrap\">\n\t\t\t\t\t\t\t<section class=\"elementor-section elementor-top-section elementor-element elementor-element-76a608a elementor-section-boxed elementor-section-height-default elementor-section-height-default\" data-id=\"76a608a\" data-element_type=\"section\">\n\t\t\t\t\t\t<div class=\"elementor-container elementor-column-gap-default\">\n\t\t\t\t\t<div class=\"elementor-column elementor-col-100 elementor-top-column elementor-element elementor-element-1e9db71\" data-id=\"1e9db71\" data-element_type=\"column\">\n\t\t\t<div class=\"elementor-widget-wrap elementor-element-populated\">\n\t\t\t\t\t\t\t\t<div class=\"elementor-element elementor-element-029d901 elementor-widget elementor-widget-heading\" data-id=\"029d901\" data-element_type=\"widget\" data-widget_type=\"heading.default\">\n\t\t\t\t<div class=\"elementor-widget-container\">\n\t\t\t<style>\/*! elementor - v3.5.3 - 28-12-2021 *\/\n.elementor-heading-title{padding:0;margin:0;line-height:1}.elementor-widget-heading .elementor-heading-title[class*=elementor-size-]>a{color:inherit;font-size:inherit;line-height:inherit}.elementor-widget-heading .elementor-heading-title.elementor-size-small{font-size:15px}.elementor-widget-heading .elementor-heading-title.elementor-size-medium{font-size:19px}.elementor-widget-heading .elementor-heading-title.elementor-size-large{font-size:29px}.elementor-widget-heading .elementor-heading-title.elementor-size-xl{font-size:39px}.elementor-widget-heading .elementor-heading-title.elementor-size-xxl{font-size:59px}<\/style><h2 class=\"elementor-heading-title elementor-size-default\">De sacos de laranja \u00e0 215 bilh\u00f5es na economia: 60 anos da conquista do 13\u00ba sal\u00e1rio<\/h2>\t\t<\/div>\n\t\t\t\t<\/div>\n\t\t\t\t\t<\/div>\n\t\t<\/div>\n\t\t\t\t\t\t\t<\/div>\n\t\t<\/section>\n\t\t\t\t<section class=\"elementor-section elementor-top-section elementor-element elementor-element-35ea646 elementor-section-boxed elementor-section-height-default elementor-section-height-default\" data-id=\"35ea646\" data-element_type=\"section\">\n\t\t\t\t\t\t<div class=\"elementor-container elementor-column-gap-default\">\n\t\t\t\t\t<div class=\"elementor-column elementor-col-100 elementor-top-column elementor-element elementor-element-cfee49f\" data-id=\"cfee49f\" data-element_type=\"column\">\n\t\t\t<div class=\"elementor-widget-wrap elementor-element-populated\">\n\t\t\t\t\t\t\t\t<div class=\"elementor-element elementor-element-aabedd2 elementor-widget elementor-widget-image\" data-id=\"aabedd2\" data-element_type=\"widget\" data-widget_type=\"image.default\">\n\t\t\t\t<div class=\"elementor-widget-container\">\n\t\t\t<style>\/*! elementor - v3.5.3 - 28-12-2021 *\/\n.elementor-widget-image{text-align:center}.elementor-widget-image a{display:inline-block}.elementor-widget-image a img[src$=\".svg\"]{width:48px}.elementor-widget-image img{vertical-align:middle;display:inline-block}<\/style>\t\t\t\t\t\t\t\t\t\t\t\t<img loading=\"lazy\" decoding=\"async\" width=\"1024\" height=\"682\" src=\"https:\/\/quimicositapetininga.org.br\/wp-content\/uploads\/2022\/07\/PIXNIO-1251565-1900x1266-1-1536x1023-1.jpg\" class=\"attachment-large size-large\" alt=\"\" \/>\t\t\t\t\t\t\t\t\t\t\t\t\t\t\t<\/div>\n\t\t\t\t<\/div>\n\t\t\t\t\t<\/div>\n\t\t<\/div>\n\t\t\t\t\t\t\t<\/div>\n\t\t<\/section>\n\t\t\t\t<section class=\"elementor-section elementor-top-section elementor-element elementor-element-e388d29 elementor-section-boxed elementor-section-height-default elementor-section-height-default\" data-id=\"e388d29\" data-element_type=\"section\">\n\t\t\t\t\t\t<div class=\"elementor-container elementor-column-gap-default\">\n\t\t\t\t\t<div class=\"elementor-column elementor-col-100 elementor-top-column elementor-element elementor-element-6798152\" data-id=\"6798152\" data-element_type=\"column\">\n\t\t\t<div class=\"elementor-widget-wrap elementor-element-populated\">\n\t\t\t\t\t\t\t\t<div class=\"elementor-element elementor-element-20d74cc elementor-widget elementor-widget-text-editor\" data-id=\"20d74cc\" data-element_type=\"widget\" data-widget_type=\"text-editor.default\">\n\t\t\t\t<div class=\"elementor-widget-container\">\n\t\t\t<style>\/*! elementor - v3.5.3 - 28-12-2021 *\/\n.elementor-widget-text-editor.elementor-drop-cap-view-stacked .elementor-drop-cap{background-color:#818a91;color:#fff}.elementor-widget-text-editor.elementor-drop-cap-view-framed .elementor-drop-cap{color:#818a91;border:3px solid;background-color:transparent}.elementor-widget-text-editor:not(.elementor-drop-cap-view-default) .elementor-drop-cap{margin-top:8px}.elementor-widget-text-editor:not(.elementor-drop-cap-view-default) .elementor-drop-cap-letter{width:1em;height:1em}.elementor-widget-text-editor .elementor-drop-cap{float:left;text-align:center;line-height:1;font-size:50px}.elementor-widget-text-editor .elementor-drop-cap-letter{display:inline-block}<\/style>\t\t\t\t<p>A lei 4090, que garante o pagamento do 13\u00ba aos trabalhadores, de 13 de julho de 1962, \u201cesconde uma s\u00e9rie de batalhas travadas entre patr\u00f5es e oper\u00e1rios ainda na d\u00e9cada de 1950\u201d. \u00c9 o que conclui a historiadora Larissa Rosa Corr\u00eaa no artigo \u201cAbono de natal: gorjeta, pr\u00eamio ou direito? Trabalhadores t\u00eaxteis e a justi\u00e7a do trabalho\u201d[1].<\/p><p>Elaborada pelo deputado Aar\u00e3o Steinbruch, do antigo Partido Trabalhista Brasileiro (PTB)[2] de Jango e Vargas, a lei teve apoio dos sindicatos e precisou de greves, manifesta\u00e7\u00f5es e peti\u00e7\u00f5es ao Congresso Nacional para se tornar uma realidade a todos os trabalhadores e trabalhadoras do pa\u00eds.<\/p><p>O abono de Natal j\u00e1 existia na conven\u00e7\u00e3o coletiva de algumas categorias, mas at\u00e9 julho de 1962 n\u00e3o era um direito nacional previsto em Lei.<\/p><p>Naquela \u00e9poca o Brasil passava por uma acelerada transi\u00e7\u00e3o de um perfil predominantemente rural para um pa\u00eds urbanizado, e os trabalhadores, com as bases de suas organiza\u00e7\u00f5es consolidadas, j\u00e1 viviam sob a cobertura da Consolida\u00e7\u00e3o das Leis do Trabalho (CLT) h\u00e1 quase 20 anos. Isso faz diferen\u00e7a uma vez que expressa uma classe oper\u00e1ria com alguma experi\u00eancia, consciente da sua import\u00e2ncia, que pleiteava direitos que iam al\u00e9m da mera sobreviv\u00eancia, diferente do que ocorreu na greve geral de 1917, por exemplo.<\/p><p><strong>Sacos de laranjas e cortes de tecidos<\/strong><\/p><p>As batalhas travadas a que Larissa se refere v\u00e3o ainda mais longe na hist\u00f3ria. Elas remontam \u00e0 pelo menos a d\u00e9cada de 1940, conforme deixa claro o depoimento do l\u00edder t\u00eaxtil Ant\u00f4nio Chamorro, descrito por Larissa.<\/p><p>Em depoimento ao Centro de Mem\u00f3ria Sindical, Chamorro lembra que quando era oper\u00e1rio numa f\u00e1brica t\u00eaxtil participou de uma a\u00e7\u00e3o, em 1946, onde os trabalhadores, ao reivindicarem a gratifica\u00e7\u00e3o natalina, foram contemplados com sacos de laranja.<\/p><p>Aquilo demonstrava todo o desrespeito que os patr\u00f5es tinham com os trabalhadores, mas eles n\u00e3o desistiram. No Natal seguinte, propuseram cortes de tecido no lugar das laranjas, recebendo ent\u00e3o tecidos de \u201cm\u00e1 qualidade\u201d e quentes para o fim do ano. \u201cMesmo assim, os funcion\u00e1rios da f\u00e1brica resolveram aceitar\u201d, conta ela. Para a historiadora, aquelas eram formas de os trabalhadores aproveitarem \u201cbrechas\u201d para obter conquistas que, afinal, eram justas. \u201cO empregador cedeu uma vez; na pr\u00f3xima ele n\u00e3o teve argumentos para n\u00e3o fornecer o beneficio novamente, e, desta vez, a gratifica\u00e7\u00e3o teria que ser melhor, e assim por diante\u201d.<\/p><p>Mais do que o tecido ou as laranjas, tratava-se do in\u00edcio de uma negocia\u00e7\u00e3o maior. E, quando se iniciou a d\u00e9cada de 1960, a campanha pelo abono de Natal j\u00e1 estava forte.<\/p><p><strong>A greve de dezembro de 1961<\/strong><\/p><p>A campanha ganhava a ades\u00e3o dos trabalhadores de um setor que crescia de vento em popa no bojo da pol\u00edtica desenvolvimentista de Juscelino Kubitschek: os metal\u00fargicos.<\/p><p>Tamb\u00e9m em depoimento ao Centro de Mem\u00f3ria Sindical, o metal\u00fargico Afonso Delellis disse que este processo, marcado por uma grande e violenta greve pela aprova\u00e7\u00e3o da Lei 4090, foi o resultado de oito anos de luta, uma vez que \u201co abono de Natal tinha constado das listas de reivindica\u00e7\u00f5es nos diss\u00eddios coletivos e sido pauta nas assembleias dos sindicatos\u201d. Segundo Delellis, os trabalhadores tinham consci\u00eancia de que a gratifica\u00e7\u00e3o jamais seria fruto das negocia\u00e7\u00f5es com os patr\u00f5es e muito menos de uma decis\u00e3o da Justi\u00e7a do Trabalho\u201d. Era preciso lutar.<\/p><p>Neste sentido, pode-se dizer que a ocorr\u00eancia de uma greve nacional foi um desdobramento natural e inevit\u00e1vel das tens\u00f5es do momento. E ela eclodiu pouco antes do Natal de 1961, no dia 13 de dezembro, com apenas tr\u00eas meses de vig\u00eancia do governo de Jo\u00e3o Goulart. Foi uma greve dura com cerca de 6 mil trabalhadores detidos.<\/p><p>Ao fim, a aprova\u00e7\u00e3o do projeto de Steinbruch ocorreu com base em negocia\u00e7\u00f5es diretas com o presidente, intermediadas pela CNTI (Confedera\u00e7\u00e3o Nacional dos Trabalhadores da Ind\u00fastria), entidade sindical comandada, \u00e0 \u00e9poca, por sindicalistas filiados ao PTB e ao Partido Comunista Brasileiro (PCB).<\/p><p>Vale ressaltar aqui a contribui\u00e7\u00e3o de Clodesmidt Riani, vice-presidente da entidade, que j\u00e1 cultivava uma boa rela\u00e7\u00e3o com Goulart desde a d\u00e9cada de 1950.<\/p><p>Finalmente, a classe oper\u00e1ria havia conquistado legalmente o 13\u00ba sal\u00e1rio.<\/p>\t\t\t\t\t\t<\/div>\n\t\t\t\t<\/div>\n\t\t\t\t\t<\/div>\n\t\t<\/div>\n\t\t\t\t\t\t\t<\/div>\n\t\t<\/section>\n\t\t\t\t\t\t<\/div>\n\t\t\t\t\t<\/div>\n\t\t","protected":false},"excerpt":{"rendered":"<p>De sacos de laranja \u00e0 215 bilh\u00f5es na economia: 60 anos da conquista do 13\u00ba sal\u00e1rio A lei 4090, que garante o pagamento do 13\u00ba aos trabalhadores, de 13 de julho de 1962, \u201cesconde uma s\u00e9rie de batalhas travadas entre patr\u00f5es e oper\u00e1rios ainda na d\u00e9cada de 1950\u201d. \u00c9 o que conclui a historiadora Larissa [&hellip;]<\/p>\n","protected":false},"author":1,"featured_media":0,"comment_status":"closed","ping_status":"closed","sticky":false,"template":"elementor_canvas","format":"standard","meta":{"footnotes":""},"categories":[2],"tags":[],"_links":{"self":[{"href":"https:\/\/quimicositapetininga.org.br\/index.php?rest_route=\/wp\/v2\/posts\/825"}],"collection":[{"href":"https:\/\/quimicositapetininga.org.br\/index.php?rest_route=\/wp\/v2\/posts"}],"about":[{"href":"https:\/\/quimicositapetininga.org.br\/index.php?rest_route=\/wp\/v2\/types\/post"}],"author":[{"embeddable":true,"href":"https:\/\/quimicositapetininga.org.br\/index.php?rest_route=\/wp\/v2\/users\/1"}],"replies":[{"embeddable":true,"href":"https:\/\/quimicositapetininga.org.br\/index.php?rest_route=%2Fwp%2Fv2%2Fcomments&post=825"}],"version-history":[{"count":4,"href":"https:\/\/quimicositapetininga.org.br\/index.php?rest_route=\/wp\/v2\/posts\/825\/revisions"}],"predecessor-version":[{"id":832,"href":"https:\/\/quimicositapetininga.org.br\/index.php?rest_route=\/wp\/v2\/posts\/825\/revisions\/832"}],"wp:attachment":[{"href":"https:\/\/quimicositapetininga.org.br\/index.php?rest_route=%2Fwp%2Fv2%2Fmedia&parent=825"}],"wp:term":[{"taxonomy":"category","embeddable":true,"href":"https:\/\/quimicositapetininga.org.br\/index.php?rest_route=%2Fwp%2Fv2%2Fcategories&post=825"},{"taxonomy":"post_tag","embeddable":true,"href":"https:\/\/quimicositapetininga.org.br\/index.php?rest_route=%2Fwp%2Fv2%2Ftags&post=825"}],"curies":[{"name":"wp","href":"https:\/\/api.w.org\/{rel}","templated":true}]}}