{"id":811,"date":"2022-06-20T01:57:02","date_gmt":"2022-06-20T01:57:02","guid":{"rendered":"https:\/\/www.quimicositapetininga.org.br\/?p=811"},"modified":"2022-06-20T02:06:57","modified_gmt":"2022-06-20T02:06:57","slug":"sindicalistas-cobram-reducao-da-taxa-de-juros-em-frente-ao-bc-na-paulista","status":"publish","type":"post","link":"https:\/\/quimicositapetininga.org.br\/?p=811","title":{"rendered":"Sindicalistas cobram redu\u00e7\u00e3o da taxa de juros em frente ao BC na Paulista"},"content":{"rendered":"\t\t<div data-elementor-type=\"wp-post\" data-elementor-id=\"811\" class=\"elementor elementor-811\" data-elementor-settings=\"[]\">\n\t\t\t\t\t\t\t<div class=\"elementor-section-wrap\">\n\t\t\t\t\t\t\t<section class=\"elementor-section elementor-top-section elementor-element elementor-element-8bd8927 elementor-section-boxed elementor-section-height-default elementor-section-height-default\" data-id=\"8bd8927\" data-element_type=\"section\">\n\t\t\t\t\t\t<div class=\"elementor-container elementor-column-gap-default\">\n\t\t\t\t\t<div class=\"elementor-column elementor-col-100 elementor-top-column elementor-element elementor-element-aceceb8\" data-id=\"aceceb8\" data-element_type=\"column\">\n\t\t\t<div class=\"elementor-widget-wrap elementor-element-populated\">\n\t\t\t\t\t\t\t\t<div class=\"elementor-element elementor-element-c018941 elementor-widget elementor-widget-heading\" data-id=\"c018941\" data-element_type=\"widget\" data-widget_type=\"heading.default\">\n\t\t\t\t<div class=\"elementor-widget-container\">\n\t\t\t<style>\/*! elementor - v3.5.3 - 28-12-2021 *\/\n.elementor-heading-title{padding:0;margin:0;line-height:1}.elementor-widget-heading .elementor-heading-title[class*=elementor-size-]>a{color:inherit;font-size:inherit;line-height:inherit}.elementor-widget-heading .elementor-heading-title.elementor-size-small{font-size:15px}.elementor-widget-heading .elementor-heading-title.elementor-size-medium{font-size:19px}.elementor-widget-heading .elementor-heading-title.elementor-size-large{font-size:29px}.elementor-widget-heading .elementor-heading-title.elementor-size-xl{font-size:39px}.elementor-widget-heading .elementor-heading-title.elementor-size-xxl{font-size:59px}<\/style><h2 class=\"elementor-heading-title elementor-size-default\">Sindicalistas cobram redu\u00e7\u00e3o da taxa de juros em frente ao BC na Paulista<\/h2>\t\t<\/div>\n\t\t\t\t<\/div>\n\t\t\t\t\t<\/div>\n\t\t<\/div>\n\t\t\t\t\t\t\t<\/div>\n\t\t<\/section>\n\t\t\t\t<section class=\"elementor-section elementor-top-section elementor-element elementor-element-21596d2 elementor-section-boxed elementor-section-height-default elementor-section-height-default\" data-id=\"21596d2\" data-element_type=\"section\">\n\t\t\t\t\t\t<div class=\"elementor-container elementor-column-gap-default\">\n\t\t\t\t\t<div class=\"elementor-column elementor-col-100 elementor-top-column elementor-element elementor-element-f4dcc7b\" data-id=\"f4dcc7b\" data-element_type=\"column\">\n\t\t\t<div class=\"elementor-widget-wrap elementor-element-populated\">\n\t\t\t\t\t\t\t\t<div class=\"elementor-element elementor-element-0724c50 elementor-widget elementor-widget-image\" data-id=\"0724c50\" data-element_type=\"widget\" data-widget_type=\"image.default\">\n\t\t\t\t<div class=\"elementor-widget-container\">\n\t\t\t<style>\/*! elementor - v3.5.3 - 28-12-2021 *\/\n.elementor-widget-image{text-align:center}.elementor-widget-image a{display:inline-block}.elementor-widget-image a img[src$=\".svg\"]{width:48px}.elementor-widget-image img{vertical-align:middle;display:inline-block}<\/style>\t\t\t\t\t\t\t\t\t\t\t\t<img loading=\"lazy\" decoding=\"async\" width=\"768\" height=\"576\" src=\"https:\/\/quimicositapetininga.org.br\/wp-content\/uploads\/2022\/06\/WhatsApp-Image-2022-06-14-at-10.24.52-1-768x576-1.jpeg\" class=\"attachment-large size-large\" alt=\"\" \/>\t\t\t\t\t\t\t\t\t\t\t\t\t\t\t<\/div>\n\t\t\t\t<\/div>\n\t\t\t\t\t<\/div>\n\t\t<\/div>\n\t\t\t\t\t\t\t<\/div>\n\t\t<\/section>\n\t\t\t\t<section class=\"elementor-section elementor-top-section elementor-element elementor-element-1e8d9eb elementor-section-boxed elementor-section-height-default elementor-section-height-default\" data-id=\"1e8d9eb\" data-element_type=\"section\" data-settings=\"{&quot;background_background&quot;:&quot;classic&quot;}\">\n\t\t\t\t\t\t<div class=\"elementor-container elementor-column-gap-default\">\n\t\t\t\t\t<div class=\"elementor-column elementor-col-100 elementor-top-column elementor-element elementor-element-fbc32a4\" data-id=\"fbc32a4\" data-element_type=\"column\">\n\t\t\t<div class=\"elementor-widget-wrap elementor-element-populated\">\n\t\t\t\t\t\t\t\t<div class=\"elementor-element elementor-element-79f8af0 elementor-widget elementor-widget-text-editor\" data-id=\"79f8af0\" data-element_type=\"widget\" data-widget_type=\"text-editor.default\">\n\t\t\t\t<div class=\"elementor-widget-container\">\n\t\t\t<style>\/*! elementor - v3.5.3 - 28-12-2021 *\/\n.elementor-widget-text-editor.elementor-drop-cap-view-stacked .elementor-drop-cap{background-color:#818a91;color:#fff}.elementor-widget-text-editor.elementor-drop-cap-view-framed .elementor-drop-cap{color:#818a91;border:3px solid;background-color:transparent}.elementor-widget-text-editor:not(.elementor-drop-cap-view-default) .elementor-drop-cap{margin-top:8px}.elementor-widget-text-editor:not(.elementor-drop-cap-view-default) .elementor-drop-cap-letter{width:1em;height:1em}.elementor-widget-text-editor .elementor-drop-cap{float:left;text-align:center;line-height:1;font-size:50px}.elementor-widget-text-editor .elementor-drop-cap-letter{display:inline-block}<\/style>\t\t\t\t<h5>As centrais sindicais (For\u00e7a Sindical, CUT, UGT, CTB, Nova Central) realizaram na manh\u00e3 desta ter\u00e7a-feira (14) uma manifesta\u00e7\u00e3o, em frente a sede do Banco Central, em S\u00e3o Paulo, para cobrar a redu\u00e7\u00e3o da taxa b\u00e1sica de juros (Taxa Selic).<\/h5><h5>Os sindicalistas levaram ao ato dois carrinhos de pipoca para distribuir aos populares que passaram na regi\u00e3o durante o ato como forma de protesto diante de um governo, que segundo as lideran\u00e7as sindicais, est\u00e1 \u201cpipocando\u201d em buscar solu\u00e7\u00f5es aos problemas da economia: juros altos, desemprego, fome, carestia, infla\u00e7\u00e3o, pre\u00e7o da gasolina e do diesel. Participaram sindicatos de diversas categorias: banc\u00e1rios, borracheiros, costureiras, comerci\u00e1rios, metal\u00fargicos, qu\u00edmicos, servidores p\u00fablicos.<\/h5><h5>\u201cMais de 33 milh\u00f5es de pessoas est\u00e3o passando fome hoje no Brasil\u201d, \u201cmetade das mulheres n\u00e3o sabe o que vai dar para o filho comer amanh\u00e3\u201d e \u201co Brasil produz muitos alimentos e o povo passa fome\u201d, foram fatos citados pelas lideran\u00e7as na Avenida Paulista.<\/h5><h5>O ato foi realizado justamente no dia em que os membros do Copom (Comit\u00ea de Pol\u00edtica Econ\u00f4mica) come\u00e7aram a discutir sobre o aumento na taxa de juros. Vale lembrar que a taxa b\u00e1sica de juros, a Selic, teve 10 aumentos consecutivos e saiu de 2% (em mar\u00e7o de 2021) para 12,75% ao ano, maior n\u00edvel desde 2017.<br \/>As lideran\u00e7as sindicais foram unanimes ao apontarem que o \u00fanico caminho para que o Brasil saia da crise e retome o rumo do desenvolvimento, da gera\u00e7\u00e3o de emprego e, principalmente, tenha pol\u00edticas que garantam aos brasileiros condi\u00e7\u00f5es dignas para viver \u00e9 derrotando nas urnas o atual governo.<\/h5><h5>Miguel Torres, presidente da For\u00e7a Sindical ressalta que o Brasil est\u00e1 atravessando, principalmente devido ao descaso do governo federal, um momento muito dif\u00edcil economicamente e socialmente e que os juros altos castigam ainda muito mais a classe trabalhadora. \u201c\u00c9 importante realizarmos atos em todas as regi\u00f5es, pois precisamos alertar a sociedade sobre a perversa situa\u00e7\u00e3o que o Brasil atravessa, principalmente os menos favorecidos economicamente\u201d, afirma o presidente da For\u00e7a Sindical, Miguel Torres.<\/h5><h5>O secret\u00e1rio-geral da For\u00e7a Sindical, Jo\u00e3o Carlos Gon\u00e7alves, Juruna, destacou que o movimento sindical quis, com este ato, chamar a aten\u00e7\u00e3o da sociedade, do governo e dos empres\u00e1rios que quando aumenta o juros b\u00e1sico, aumenta os pre\u00e7os, diminuindo o consumo da popula\u00e7\u00e3o e consequentemente gerando mais desemprego em nosso pa\u00eds.<\/h5><h5>\u201cNossa manifesta\u00e7\u00e3o \u00e9 clara, somos contra a pol\u00edtica econ\u00f4mica do governo que ai est\u00e1. Nosso ato, unit\u00e1rio, quer refor\u00e7ar que \u00e9 importante estarmos nas ruas para manifestar nossa insatisfa\u00e7\u00e3o. Devemos dar nossa resposta nas urnas e eleger um governo que se importe com a nossa causa e com o nosso povo\u201d, defendeu Juruna que refor\u00e7ou: \u201cEm outubro podemos modificar essa pol\u00edtica, eleger algu\u00e9m comprometido com a causa e hoje, sem d\u00favida, quem pode \u00e9 Lula\u201d, disse o sindicalista.<\/h5>\t\t\t\t\t\t<\/div>\n\t\t\t\t<\/div>\n\t\t\t\t\t<\/div>\n\t\t<\/div>\n\t\t\t\t\t\t\t<\/div>\n\t\t<\/section>\n\t\t\t\t\t\t<\/div>\n\t\t\t\t\t<\/div>\n\t\t","protected":false},"excerpt":{"rendered":"<p>Sindicalistas cobram redu\u00e7\u00e3o da taxa de juros em frente ao BC na Paulista As centrais sindicais (For\u00e7a Sindical, CUT, UGT, CTB, Nova Central) realizaram na manh\u00e3 desta ter\u00e7a-feira (14) uma manifesta\u00e7\u00e3o, em frente a sede do Banco Central, em S\u00e3o Paulo, para cobrar a redu\u00e7\u00e3o da taxa b\u00e1sica de juros (Taxa Selic). Os sindicalistas levaram [&hellip;]<\/p>\n","protected":false},"author":1,"featured_media":0,"comment_status":"closed","ping_status":"closed","sticky":false,"template":"elementor_canvas","format":"standard","meta":{"footnotes":""},"categories":[9],"tags":[],"_links":{"self":[{"href":"https:\/\/quimicositapetininga.org.br\/index.php?rest_route=\/wp\/v2\/posts\/811"}],"collection":[{"href":"https:\/\/quimicositapetininga.org.br\/index.php?rest_route=\/wp\/v2\/posts"}],"about":[{"href":"https:\/\/quimicositapetininga.org.br\/index.php?rest_route=\/wp\/v2\/types\/post"}],"author":[{"embeddable":true,"href":"https:\/\/quimicositapetininga.org.br\/index.php?rest_route=\/wp\/v2\/users\/1"}],"replies":[{"embeddable":true,"href":"https:\/\/quimicositapetininga.org.br\/index.php?rest_route=%2Fwp%2Fv2%2Fcomments&post=811"}],"version-history":[{"count":10,"href":"https:\/\/quimicositapetininga.org.br\/index.php?rest_route=\/wp\/v2\/posts\/811\/revisions"}],"predecessor-version":[{"id":823,"href":"https:\/\/quimicositapetininga.org.br\/index.php?rest_route=\/wp\/v2\/posts\/811\/revisions\/823"}],"wp:attachment":[{"href":"https:\/\/quimicositapetininga.org.br\/index.php?rest_route=%2Fwp%2Fv2%2Fmedia&parent=811"}],"wp:term":[{"taxonomy":"category","embeddable":true,"href":"https:\/\/quimicositapetininga.org.br\/index.php?rest_route=%2Fwp%2Fv2%2Fcategories&post=811"},{"taxonomy":"post_tag","embeddable":true,"href":"https:\/\/quimicositapetininga.org.br\/index.php?rest_route=%2Fwp%2Fv2%2Ftags&post=811"}],"curies":[{"name":"wp","href":"https:\/\/api.w.org\/{rel}","templated":true}]}}