{"id":752,"date":"2022-05-13T00:32:45","date_gmt":"2022-05-13T00:32:45","guid":{"rendered":"https:\/\/www.quimicositapetininga.org.br\/?p=752"},"modified":"2022-05-13T00:36:00","modified_gmt":"2022-05-13T00:36:00","slug":"retrocesso-camara-aprova-mp-que-tira-mais-direitos-dos-trabalhadores","status":"publish","type":"post","link":"https:\/\/quimicositapetininga.org.br\/?p=752","title":{"rendered":"Retrocesso | C\u00e2mara aprova MP que tira mais direitos dos trabalhadores"},"content":{"rendered":"\t\t<div data-elementor-type=\"wp-post\" data-elementor-id=\"752\" class=\"elementor elementor-752\" data-elementor-settings=\"[]\">\n\t\t\t\t\t\t\t<div class=\"elementor-section-wrap\">\n\t\t\t\t\t\t\t<section class=\"elementor-section elementor-top-section elementor-element elementor-element-748918c elementor-section-boxed elementor-section-height-default elementor-section-height-default\" data-id=\"748918c\" data-element_type=\"section\">\n\t\t\t\t\t\t<div class=\"elementor-container elementor-column-gap-default\">\n\t\t\t\t\t<div class=\"elementor-column elementor-col-100 elementor-top-column elementor-element elementor-element-62fa898\" data-id=\"62fa898\" data-element_type=\"column\">\n\t\t\t<div class=\"elementor-widget-wrap elementor-element-populated\">\n\t\t\t\t\t\t\t\t<div class=\"elementor-element elementor-element-6c5ef81 elementor-widget elementor-widget-heading\" data-id=\"6c5ef81\" data-element_type=\"widget\" data-widget_type=\"heading.default\">\n\t\t\t\t<div class=\"elementor-widget-container\">\n\t\t\t<style>\/*! elementor - v3.5.3 - 28-12-2021 *\/\n.elementor-heading-title{padding:0;margin:0;line-height:1}.elementor-widget-heading .elementor-heading-title[class*=elementor-size-]>a{color:inherit;font-size:inherit;line-height:inherit}.elementor-widget-heading .elementor-heading-title.elementor-size-small{font-size:15px}.elementor-widget-heading .elementor-heading-title.elementor-size-medium{font-size:19px}.elementor-widget-heading .elementor-heading-title.elementor-size-large{font-size:29px}.elementor-widget-heading .elementor-heading-title.elementor-size-xl{font-size:39px}.elementor-widget-heading .elementor-heading-title.elementor-size-xxl{font-size:59px}<\/style><h2 class=\"elementor-heading-title elementor-size-default\">Retrocesso | C\u00e2mara aprova MP que tira mais direitos dos trabalhadores<\/h2>\t\t<\/div>\n\t\t\t\t<\/div>\n\t\t\t\t\t<\/div>\n\t\t<\/div>\n\t\t\t\t\t\t\t<\/div>\n\t\t<\/section>\n\t\t\t\t<section class=\"elementor-section elementor-top-section elementor-element elementor-element-0270780 elementor-section-boxed elementor-section-height-default elementor-section-height-default\" data-id=\"0270780\" data-element_type=\"section\">\n\t\t\t\t\t\t<div class=\"elementor-container elementor-column-gap-default\">\n\t\t\t\t\t<div class=\"elementor-column elementor-col-100 elementor-top-column elementor-element elementor-element-03316ed\" data-id=\"03316ed\" data-element_type=\"column\">\n\t\t\t<div class=\"elementor-widget-wrap elementor-element-populated\">\n\t\t\t\t\t\t\t\t<div class=\"elementor-element elementor-element-b355306 elementor-widget elementor-widget-image\" data-id=\"b355306\" data-element_type=\"widget\" data-widget_type=\"image.default\">\n\t\t\t\t<div class=\"elementor-widget-container\">\n\t\t\t<style>\/*! elementor - v3.5.3 - 28-12-2021 *\/\n.elementor-widget-image{text-align:center}.elementor-widget-image a{display:inline-block}.elementor-widget-image a img[src$=\".svg\"]{width:48px}.elementor-widget-image img{vertical-align:middle;display:inline-block}<\/style>\t\t\t\t\t\t\t\t\t\t\t\t<img loading=\"lazy\" decoding=\"async\" width=\"768\" height=\"513\" src=\"https:\/\/quimicositapetininga.org.br\/wp-content\/uploads\/2022\/05\/img20220511210129786-768x513-1.jpeg\" class=\"attachment-large size-large\" alt=\"\" \/>\t\t\t\t\t\t\t\t\t\t\t\t\t\t\t<\/div>\n\t\t\t\t<\/div>\n\t\t\t\t\t<\/div>\n\t\t<\/div>\n\t\t\t\t\t\t\t<\/div>\n\t\t<\/section>\n\t\t\t\t<section class=\"elementor-section elementor-top-section elementor-element elementor-element-c721fd8 elementor-section-boxed elementor-section-height-default elementor-section-height-default\" data-id=\"c721fd8\" data-element_type=\"section\">\n\t\t\t\t\t\t<div class=\"elementor-container elementor-column-gap-default\">\n\t\t\t\t\t<div class=\"elementor-column elementor-col-100 elementor-top-column elementor-element elementor-element-1e55a26\" data-id=\"1e55a26\" data-element_type=\"column\">\n\t\t\t<div class=\"elementor-widget-wrap elementor-element-populated\">\n\t\t\t\t\t\t\t\t<div class=\"elementor-element elementor-element-d243111 elementor-widget elementor-widget-text-editor\" data-id=\"d243111\" data-element_type=\"widget\" data-widget_type=\"text-editor.default\">\n\t\t\t\t<div class=\"elementor-widget-container\">\n\t\t\t<style>\/*! elementor - v3.5.3 - 28-12-2021 *\/\n.elementor-widget-text-editor.elementor-drop-cap-view-stacked .elementor-drop-cap{background-color:#818a91;color:#fff}.elementor-widget-text-editor.elementor-drop-cap-view-framed .elementor-drop-cap{color:#818a91;border:3px solid;background-color:transparent}.elementor-widget-text-editor:not(.elementor-drop-cap-view-default) .elementor-drop-cap{margin-top:8px}.elementor-widget-text-editor:not(.elementor-drop-cap-view-default) .elementor-drop-cap-letter{width:1em;height:1em}.elementor-widget-text-editor .elementor-drop-cap{float:left;text-align:center;line-height:1;font-size:50px}.elementor-widget-text-editor .elementor-drop-cap-letter{display:inline-block}<\/style>\t\t\t\t<p>A C\u00e2mara dos Deputados aprovou, nesta quarta-feira (11), a Medida Provis\u00f3ria 1099\/22, que cria um Programa Nacional de Presta\u00e7\u00e3o de Servi\u00e7o Civil Volunt\u00e1rio, proposta que flexibiliza ainda mais a legisla\u00e7\u00e3o trabalhista com pagamentos abaixo do m\u00ednimo, sem v\u00ednculo empregat\u00edcio ou direitos.<\/p><p class=\"p1\">O projeto cria um\u00a0programa de servi\u00e7o civil volunt\u00e1rio remunerado por bolsas pagas pelos munic\u00edpios e vinculado \u00e0 realiza\u00e7\u00e3o de cursos pelos benefici\u00e1rios. Vinculado ao Minist\u00e9rio do Trabalho e Previd\u00eancia, os munic\u00edpios pagar\u00e3o bolsas, em raz\u00e3o da presta\u00e7\u00e3o de servi\u00e7os em atividades consideradas pela cidade como de interesse p\u00fablico. O programa \u00e9 direcionado a jovens de 18 a 29 anos e a pessoas com 50 anos ou mais sem emprego formal h\u00e1 mais de 24 meses.<\/p><p class=\"p1\">A l\u00edder do Psol, deputada federal S\u00e2mia Bomfim (SP), avaliou que a medida provis\u00f3ria \u00e9 \u201celeitoreira\u201d e vai piorar as rela\u00e7\u00f5es de trabalho no pa\u00eds. Os deputados da oposi\u00e7\u00e3o denunciam que essa proposta visa atrair votos da popula\u00e7\u00e3o de baixa renda ao oferecer condi\u00e7\u00f5es precarizadas de trabalho para os benefici\u00e1rios do Aux\u00edlio Brasil, popula\u00e7\u00e3o j\u00e1 t\u00e3o debilitada pelos impactos da crise econ\u00f4mica.<\/p><p class=\"p1\">\u201cS\u00e3o contrata\u00e7\u00f5es sem nenhum v\u00ednculo empregat\u00edcio, sem nenhum direito trabalhista ou previdenci\u00e1rio assegurado, com um valor salarial de R$ 572. Isso \u00e9 cerca de 47% do valor de um sal\u00e1rio m\u00ednimo\u201d, criticou.<\/p><p class=\"p1\">A proposta se soma aos in\u00fameros retrocessos que a classe trabalhadora sofreu com a reforma trabalhista aprovada por Michel Temer em 2017. \u00c0 \u00e9poca, a medida se anunciava como uma moderniza\u00e7\u00e3o, mas na verdade significou a perda de direitos trabalhistas conquistados h\u00e1 70, 80 anos atr\u00e1s e precarizou ainda mais a vida dos trabalhadores e trabalhadoras.<\/p><p class=\"p1\">A oposi\u00e7\u00e3o protestou contra a aprova\u00e7\u00e3o defendida por Bia Kicis e pela base governista. Deputados do Psol, do PCdoB, do PT, do PSB, do PV e da Rede criticaram o texto e tentaram adiar a vota\u00e7\u00e3o em Plen\u00e1rio. Para o\u00a0deputado Jos\u00e9 Guimar\u00e3es (PT-CE), a proposta \u00e9 \u201ca s\u00edntese da improvisa\u00e7\u00e3o\u201d. \u201cEsta medida provis\u00f3ria traz precariza\u00e7\u00e3o, n\u00e3o garante direitos e faz contrata\u00e7\u00f5es provis\u00f3rias daquelas pessoas, coitadas, que est\u00e3o no mundo da amargura, desempregadas, e que ser\u00e3o contratadas apenas com objetivo eleitoreiro, porque a qualquer momento essas pessoas podem ser demitidas\u201d, declarou.<\/p><p>O texto agora segue para a aprecia\u00e7\u00e3o no Senado.<\/p>\t\t\t\t\t\t<\/div>\n\t\t\t\t<\/div>\n\t\t\t\t\t<\/div>\n\t\t<\/div>\n\t\t\t\t\t\t\t<\/div>\n\t\t<\/section>\n\t\t\t\t\t\t<\/div>\n\t\t\t\t\t<\/div>\n\t\t","protected":false},"excerpt":{"rendered":"<p>Retrocesso | C\u00e2mara aprova MP que tira mais direitos dos trabalhadores A C\u00e2mara dos Deputados aprovou, nesta quarta-feira (11), a Medida Provis\u00f3ria 1099\/22, que cria um Programa Nacional de Presta\u00e7\u00e3o de Servi\u00e7o Civil Volunt\u00e1rio, proposta que flexibiliza ainda mais a legisla\u00e7\u00e3o trabalhista com pagamentos abaixo do m\u00ednimo, sem v\u00ednculo empregat\u00edcio ou direitos. O projeto cria [&hellip;]<\/p>\n","protected":false},"author":1,"featured_media":0,"comment_status":"closed","ping_status":"closed","sticky":false,"template":"elementor_canvas","format":"standard","meta":{"footnotes":""},"categories":[3],"tags":[],"_links":{"self":[{"href":"https:\/\/quimicositapetininga.org.br\/index.php?rest_route=\/wp\/v2\/posts\/752"}],"collection":[{"href":"https:\/\/quimicositapetininga.org.br\/index.php?rest_route=\/wp\/v2\/posts"}],"about":[{"href":"https:\/\/quimicositapetininga.org.br\/index.php?rest_route=\/wp\/v2\/types\/post"}],"author":[{"embeddable":true,"href":"https:\/\/quimicositapetininga.org.br\/index.php?rest_route=\/wp\/v2\/users\/1"}],"replies":[{"embeddable":true,"href":"https:\/\/quimicositapetininga.org.br\/index.php?rest_route=%2Fwp%2Fv2%2Fcomments&post=752"}],"version-history":[{"count":4,"href":"https:\/\/quimicositapetininga.org.br\/index.php?rest_route=\/wp\/v2\/posts\/752\/revisions"}],"predecessor-version":[{"id":758,"href":"https:\/\/quimicositapetininga.org.br\/index.php?rest_route=\/wp\/v2\/posts\/752\/revisions\/758"}],"wp:attachment":[{"href":"https:\/\/quimicositapetininga.org.br\/index.php?rest_route=%2Fwp%2Fv2%2Fmedia&parent=752"}],"wp:term":[{"taxonomy":"category","embeddable":true,"href":"https:\/\/quimicositapetininga.org.br\/index.php?rest_route=%2Fwp%2Fv2%2Fcategories&post=752"},{"taxonomy":"post_tag","embeddable":true,"href":"https:\/\/quimicositapetininga.org.br\/index.php?rest_route=%2Fwp%2Fv2%2Ftags&post=752"}],"curies":[{"name":"wp","href":"https:\/\/api.w.org\/{rel}","templated":true}]}}