{"id":606,"date":"2022-03-09T00:58:22","date_gmt":"2022-03-09T00:58:22","guid":{"rendered":"https:\/\/www.quimicositapetininga.org.br\/?p=606"},"modified":"2022-03-09T01:04:17","modified_gmt":"2022-03-09T01:04:17","slug":"quimicos-presentes-no-marco-mulher-2022-da-forca-sindical","status":"publish","type":"post","link":"https:\/\/quimicositapetininga.org.br\/?p=606","title":{"rendered":"Qu\u00edmicos presentes no Mar\u00e7o Mulher 2022 da For\u00e7a Sindical"},"content":{"rendered":"\t\t<div data-elementor-type=\"wp-post\" data-elementor-id=\"606\" class=\"elementor elementor-606\" data-elementor-settings=\"[]\">\n\t\t\t\t\t\t\t<div class=\"elementor-section-wrap\">\n\t\t\t\t\t\t\t<section class=\"elementor-section elementor-top-section elementor-element elementor-element-082a5fd elementor-section-boxed elementor-section-height-default elementor-section-height-default\" data-id=\"082a5fd\" data-element_type=\"section\">\n\t\t\t\t\t\t<div class=\"elementor-container elementor-column-gap-default\">\n\t\t\t\t\t<div class=\"elementor-column elementor-col-100 elementor-top-column elementor-element elementor-element-1f014e0\" data-id=\"1f014e0\" data-element_type=\"column\">\n\t\t\t<div class=\"elementor-widget-wrap elementor-element-populated\">\n\t\t\t\t\t\t\t\t<div class=\"elementor-element elementor-element-c600dba elementor-widget elementor-widget-heading\" data-id=\"c600dba\" data-element_type=\"widget\" data-widget_type=\"heading.default\">\n\t\t\t\t<div class=\"elementor-widget-container\">\n\t\t\t<style>\/*! elementor - v3.5.3 - 28-12-2021 *\/\n.elementor-heading-title{padding:0;margin:0;line-height:1}.elementor-widget-heading .elementor-heading-title[class*=elementor-size-]>a{color:inherit;font-size:inherit;line-height:inherit}.elementor-widget-heading .elementor-heading-title.elementor-size-small{font-size:15px}.elementor-widget-heading .elementor-heading-title.elementor-size-medium{font-size:19px}.elementor-widget-heading .elementor-heading-title.elementor-size-large{font-size:29px}.elementor-widget-heading .elementor-heading-title.elementor-size-xl{font-size:39px}.elementor-widget-heading .elementor-heading-title.elementor-size-xxl{font-size:59px}<\/style><h2 class=\"elementor-heading-title elementor-size-large\">Qu\u00edmicos presentes no Mar\u00e7o Mulher 2022 da For\u00e7a Sindical<\/h2>\t\t<\/div>\n\t\t\t\t<\/div>\n\t\t\t\t\t<\/div>\n\t\t<\/div>\n\t\t\t\t\t\t\t<\/div>\n\t\t<\/section>\n\t\t\t\t<section class=\"elementor-section elementor-top-section elementor-element elementor-element-57aca76 elementor-section-boxed elementor-section-height-default elementor-section-height-default\" data-id=\"57aca76\" data-element_type=\"section\">\n\t\t\t\t\t\t<div class=\"elementor-container elementor-column-gap-default\">\n\t\t\t\t\t<div class=\"elementor-column elementor-col-100 elementor-top-column elementor-element elementor-element-785289d\" data-id=\"785289d\" data-element_type=\"column\">\n\t\t\t<div class=\"elementor-widget-wrap elementor-element-populated\">\n\t\t\t\t\t\t\t\t<div class=\"elementor-element elementor-element-bd9cefc elementor-widget elementor-widget-image\" data-id=\"bd9cefc\" data-element_type=\"widget\" data-widget_type=\"image.default\">\n\t\t\t\t<div class=\"elementor-widget-container\">\n\t\t\t<style>\/*! elementor - v3.5.3 - 28-12-2021 *\/\n.elementor-widget-image{text-align:center}.elementor-widget-image a{display:inline-block}.elementor-widget-image a img[src$=\".svg\"]{width:48px}.elementor-widget-image img{vertical-align:middle;display:inline-block}<\/style>\t\t\t\t\t\t\t\t\t\t\t\t<img loading=\"lazy\" decoding=\"async\" width=\"696\" height=\"392\" src=\"https:\/\/quimicositapetininga.org.br\/wp-content\/uploads\/2022\/03\/mulher_forca-sp_08-03-2022-17-696x392-1.jpg\" class=\"attachment-large size-large\" alt=\"\" \/>\t\t\t\t\t\t\t\t\t\t\t\t\t\t\t<\/div>\n\t\t\t\t<\/div>\n\t\t\t\t\t<\/div>\n\t\t<\/div>\n\t\t\t\t\t\t\t<\/div>\n\t\t<\/section>\n\t\t\t\t<section class=\"elementor-section elementor-top-section elementor-element elementor-element-be15cb9 elementor-section-boxed elementor-section-height-default elementor-section-height-default\" data-id=\"be15cb9\" data-element_type=\"section\">\n\t\t\t\t\t\t<div class=\"elementor-container elementor-column-gap-default\">\n\t\t\t\t\t<div class=\"elementor-column elementor-col-100 elementor-top-column elementor-element elementor-element-366f9c1\" data-id=\"366f9c1\" data-element_type=\"column\">\n\t\t\t<div class=\"elementor-widget-wrap elementor-element-populated\">\n\t\t\t\t\t\t\t\t<div class=\"elementor-element elementor-element-7afa27a elementor-widget elementor-widget-text-editor\" data-id=\"7afa27a\" data-element_type=\"widget\" data-widget_type=\"text-editor.default\">\n\t\t\t\t<div class=\"elementor-widget-container\">\n\t\t\t<style>\/*! elementor - v3.5.3 - 28-12-2021 *\/\n.elementor-widget-text-editor.elementor-drop-cap-view-stacked .elementor-drop-cap{background-color:#818a91;color:#fff}.elementor-widget-text-editor.elementor-drop-cap-view-framed .elementor-drop-cap{color:#818a91;border:3px solid;background-color:transparent}.elementor-widget-text-editor:not(.elementor-drop-cap-view-default) .elementor-drop-cap{margin-top:8px}.elementor-widget-text-editor:not(.elementor-drop-cap-view-default) .elementor-drop-cap-letter{width:1em;height:1em}.elementor-widget-text-editor .elementor-drop-cap{float:left;text-align:center;line-height:1;font-size:50px}.elementor-widget-text-editor .elementor-drop-cap-letter{display:inline-block}<\/style>\t\t\t\t<p>Lideran\u00e7as da FEQUIMFAR e Sindicatos filiados marcaram presen\u00e7a hoje, dia 8 de mar\u00e7o, do evento comemorativo ao Dia Internacional da Mulher, realizado pela For\u00e7a Sindical Nacional e pela For\u00e7a Estadual S\u00e3o Paulo.<\/p><p>Com os temas \u201cTransversalidade de G\u00eanero\u201d e \u201c90 anos do Voto Feminino no Brasil\u201d, o evento aconteceu de forma h\u00edbrida e teve a participa\u00e7\u00e3o de dirigentes sindicais homens e mulheres de todo o pa\u00eds. Os assuntos foram abordados por Maria Ang\u00e9lica Louren\u00e7o e Camila Ikuta, do DIEESE.<\/p><p>Miguel Torres, presidente da For\u00e7a Sindical, falou sobre a import\u00e2ncia de incentivar e fortalecer as candidaturas de mulheres para avan\u00e7ar na representa\u00e7\u00e3o das companheiras no cen\u00e1rio pol\u00edtico.<\/p><p>Danilo Pereira da Silva, presidente da For\u00e7a Sindical S\u00e3o Paulo, destacou a import\u00e2ncia da Conven\u00e7\u00e3o 190 da OIT na luta pelo fim da viol\u00eancia contra a mulher.<\/p><p><span class=\"JsGRdQ\">Em sua fala, Laura Santos, c<\/span><span class=\"JsGRdQ\">oordenadora do Departamento da Mulher da FEQUIMFAR, s<\/span><span class=\"JsGRdQ\">ecret\u00e1ria de Pol\u00edticas para Mulheres da For\u00e7a Sindical S\u00e3o Paulo e\u00a0<\/span><span class=\"JsGRdQ\">diretora do Sindicato dos Qu\u00edmicos de Itapetininga e Regi\u00e3o,\u00a0tamb\u00e9m destacou a import\u00e2ncia das mulheres\u00a0participarem do cen\u00e1rio pol\u00edtico e aproveitarem a chance de fazer a diferen\u00e7a neste processo eleitoral de 2022 que \u00e9 decisivo para a classe trabalhadora e o povo brasileiro.<\/span><\/p><p>Na oportunidade, algumas lideran\u00e7as sindicais foram homenageadas com o Pr\u00eamio Nair Goulart, entre elas, Sergio Luiz Leite, o Serginho, presidente da Federa\u00e7\u00e3o dos Qu\u00edmicos e vice-presidente da For\u00e7a Sindical.<\/p><p>Serginho recebeu o Pr\u00eamio por todo o seu trabalho junto \u00e0 Federa\u00e7\u00e3o dos Qu\u00edmicos e Sindicatos filiados na defesa da igualdade de oportunidades, combate \u00e0 discrimina\u00e7\u00e3o, bem como das pol\u00edticas afirmativas na quest\u00e3o de g\u00eanero, ra\u00e7a e etnia.<\/p><p>\u201cGratid\u00e3o pelo reconhecimento! Divido esse pr\u00eamio com todos e todas as lideran\u00e7as sindicais da Fam\u00edlia\u00a0Qu\u00edmica\u201d, diz Serginho.<\/p><p>\u201cO pr\u00eamio tem como objetivo, al\u00e9m de reverenciar a mem\u00f3ria da grande guerreira e lutadora que foi Nair Goulart, reconhecer, valorizar e incentivar o trabalho de institui\u00e7\u00f5es, entidades e pessoas que se destacaram com programas, projetos, a\u00e7\u00f5es e contribui\u00e7\u00f5es\u201d, explica Maria Auxiliadora dos Santos, secret\u00e1ria de Pol\u00edticas para Mulheres e G\u00eanero da For\u00e7a Sindical.<\/p>\t\t\t\t\t\t<\/div>\n\t\t\t\t<\/div>\n\t\t\t\t\t<\/div>\n\t\t<\/div>\n\t\t\t\t\t\t\t<\/div>\n\t\t<\/section>\n\t\t\t\t\t\t<\/div>\n\t\t\t\t\t<\/div>\n\t\t","protected":false},"excerpt":{"rendered":"<p>Qu\u00edmicos presentes no Mar\u00e7o Mulher 2022 da For\u00e7a Sindical Lideran\u00e7as da FEQUIMFAR e Sindicatos filiados marcaram presen\u00e7a hoje, dia 8 de mar\u00e7o, do evento comemorativo ao Dia Internacional da Mulher, realizado pela For\u00e7a Sindical Nacional e pela For\u00e7a Estadual S\u00e3o Paulo. Com os temas \u201cTransversalidade de G\u00eanero\u201d e \u201c90 anos do Voto Feminino no Brasil\u201d, [&hellip;]<\/p>\n","protected":false},"author":1,"featured_media":0,"comment_status":"closed","ping_status":"closed","sticky":false,"template":"elementor_canvas","format":"standard","meta":{"footnotes":""},"categories":[5],"tags":[],"_links":{"self":[{"href":"https:\/\/quimicositapetininga.org.br\/index.php?rest_route=\/wp\/v2\/posts\/606"}],"collection":[{"href":"https:\/\/quimicositapetininga.org.br\/index.php?rest_route=\/wp\/v2\/posts"}],"about":[{"href":"https:\/\/quimicositapetininga.org.br\/index.php?rest_route=\/wp\/v2\/types\/post"}],"author":[{"embeddable":true,"href":"https:\/\/quimicositapetininga.org.br\/index.php?rest_route=\/wp\/v2\/users\/1"}],"replies":[{"embeddable":true,"href":"https:\/\/quimicositapetininga.org.br\/index.php?rest_route=%2Fwp%2Fv2%2Fcomments&post=606"}],"version-history":[{"count":4,"href":"https:\/\/quimicositapetininga.org.br\/index.php?rest_route=\/wp\/v2\/posts\/606\/revisions"}],"predecessor-version":[{"id":612,"href":"https:\/\/quimicositapetininga.org.br\/index.php?rest_route=\/wp\/v2\/posts\/606\/revisions\/612"}],"wp:attachment":[{"href":"https:\/\/quimicositapetininga.org.br\/index.php?rest_route=%2Fwp%2Fv2%2Fmedia&parent=606"}],"wp:term":[{"taxonomy":"category","embeddable":true,"href":"https:\/\/quimicositapetininga.org.br\/index.php?rest_route=%2Fwp%2Fv2%2Fcategories&post=606"},{"taxonomy":"post_tag","embeddable":true,"href":"https:\/\/quimicositapetininga.org.br\/index.php?rest_route=%2Fwp%2Fv2%2Ftags&post=606"}],"curies":[{"name":"wp","href":"https:\/\/api.w.org\/{rel}","templated":true}]}}