{"id":281,"date":"2022-01-06T01:41:36","date_gmt":"2022-01-06T01:41:36","guid":{"rendered":"http:\/\/www.quimicositapetininga.org.br\/?p=281"},"modified":"2022-01-06T01:52:40","modified_gmt":"2022-01-06T01:52:40","slug":"espanha-revoga-reforma-trabalhista-que-precarizou-trabalho-sindicatos-comemoram","status":"publish","type":"post","link":"https:\/\/quimicositapetininga.org.br\/?p=281","title":{"rendered":"Espanha revoga reforma trabalhista que precarizou trabalho; sindicatos comemoram"},"content":{"rendered":"\t\t<div data-elementor-type=\"wp-post\" data-elementor-id=\"281\" class=\"elementor elementor-281\" data-elementor-settings=\"[]\">\n\t\t\t\t\t\t\t<div class=\"elementor-section-wrap\">\n\t\t\t\t\t\t\t<section class=\"elementor-section elementor-top-section elementor-element elementor-element-ac87312 elementor-section-boxed elementor-section-height-default elementor-section-height-default\" data-id=\"ac87312\" data-element_type=\"section\">\n\t\t\t\t\t\t<div class=\"elementor-container elementor-column-gap-default\">\n\t\t\t\t\t<div class=\"elementor-column elementor-col-100 elementor-top-column elementor-element elementor-element-bba5466\" data-id=\"bba5466\" data-element_type=\"column\">\n\t\t\t<div class=\"elementor-widget-wrap elementor-element-populated\">\n\t\t\t\t\t\t\t\t<div class=\"elementor-element elementor-element-83b6d63 elementor-widget elementor-widget-heading\" data-id=\"83b6d63\" data-element_type=\"widget\" data-widget_type=\"heading.default\">\n\t\t\t\t<div class=\"elementor-widget-container\">\n\t\t\t<style>\/*! elementor - v3.5.3 - 28-12-2021 *\/\n.elementor-heading-title{padding:0;margin:0;line-height:1}.elementor-widget-heading .elementor-heading-title[class*=elementor-size-]>a{color:inherit;font-size:inherit;line-height:inherit}.elementor-widget-heading .elementor-heading-title.elementor-size-small{font-size:15px}.elementor-widget-heading .elementor-heading-title.elementor-size-medium{font-size:19px}.elementor-widget-heading .elementor-heading-title.elementor-size-large{font-size:29px}.elementor-widget-heading .elementor-heading-title.elementor-size-xl{font-size:39px}.elementor-widget-heading .elementor-heading-title.elementor-size-xxl{font-size:59px}<\/style><h2 class=\"elementor-heading-title elementor-size-xl\">Espanha revoga reforma trabalhista que precarizou trabalho; sindicatos comemoram<\/h2>\t\t<\/div>\n\t\t\t\t<\/div>\n\t\t\t\t\t<\/div>\n\t\t<\/div>\n\t\t\t\t\t\t\t<\/div>\n\t\t<\/section>\n\t\t\t\t<section class=\"elementor-section elementor-top-section elementor-element elementor-element-fd518c4 elementor-section-boxed elementor-section-height-default elementor-section-height-default\" data-id=\"fd518c4\" data-element_type=\"section\">\n\t\t\t\t\t\t<div class=\"elementor-container elementor-column-gap-default\">\n\t\t\t\t\t<div class=\"elementor-column elementor-col-100 elementor-top-column elementor-element elementor-element-ed01972\" data-id=\"ed01972\" data-element_type=\"column\">\n\t\t\t<div class=\"elementor-widget-wrap elementor-element-populated\">\n\t\t\t\t\t\t\t\t<div class=\"elementor-element elementor-element-34fc9a4 elementor-widget elementor-widget-heading\" data-id=\"34fc9a4\" data-element_type=\"widget\" data-widget_type=\"heading.default\">\n\t\t\t\t<div class=\"elementor-widget-container\">\n\t\t\t<h2 class=\"elementor-heading-title elementor-size-default\">As centrais sindicais espanholas UGT (Uni\u00e3o Geral dos Trabalhadores) e CCOO (Comissiones Obreras), aprovaram a medida e esperam que o Real Decreto seja validado por ampla maioria parlamentar.<\/h2>\t\t<\/div>\n\t\t\t\t<\/div>\n\t\t\t\t\t<\/div>\n\t\t<\/div>\n\t\t\t\t\t\t\t<\/div>\n\t\t<\/section>\n\t\t\t\t<section class=\"elementor-section elementor-top-section elementor-element elementor-element-1149745 elementor-section-boxed elementor-section-height-default elementor-section-height-default\" data-id=\"1149745\" data-element_type=\"section\">\n\t\t\t\t\t\t<div class=\"elementor-container elementor-column-gap-default\">\n\t\t\t\t\t<div class=\"elementor-column elementor-col-100 elementor-top-column elementor-element elementor-element-9e42237\" data-id=\"9e42237\" data-element_type=\"column\">\n\t\t\t<div class=\"elementor-widget-wrap elementor-element-populated\">\n\t\t\t\t\t\t\t\t<div class=\"elementor-element elementor-element-c79b1ac elementor-widget elementor-widget-image\" data-id=\"c79b1ac\" data-element_type=\"widget\" data-widget_type=\"image.default\">\n\t\t\t\t<div class=\"elementor-widget-container\">\n\t\t\t<style>\/*! elementor - v3.5.3 - 28-12-2021 *\/\n.elementor-widget-image{text-align:center}.elementor-widget-image a{display:inline-block}.elementor-widget-image a img[src$=\".svg\"]{width:48px}.elementor-widget-image img{vertical-align:middle;display:inline-block}<\/style>\t\t\t\t\t\t\t\t\t\t\t\t<img loading=\"lazy\" decoding=\"async\" width=\"600\" height=\"374\" src=\"https:\/\/quimicositapetininga.org.br\/wp-content\/uploads\/2022\/01\/paro_desempleo_ugt_abril.jpg\" class=\"attachment-large size-large\" alt=\"\" srcset=\"https:\/\/quimicositapetininga.org.br\/wp-content\/uploads\/2022\/01\/paro_desempleo_ugt_abril.jpg 600w, https:\/\/quimicositapetininga.org.br\/wp-content\/uploads\/2022\/01\/paro_desempleo_ugt_abril-300x187.jpg 300w\" sizes=\"(max-width: 600px) 100vw, 600px\" \/>\t\t\t\t\t\t\t\t\t\t\t\t\t\t\t<\/div>\n\t\t\t\t<\/div>\n\t\t\t\t\t<\/div>\n\t\t<\/div>\n\t\t\t\t\t\t\t<\/div>\n\t\t<\/section>\n\t\t\t\t<section class=\"elementor-section elementor-top-section elementor-element elementor-element-bfac7d1 elementor-section-boxed elementor-section-height-default elementor-section-height-default\" data-id=\"bfac7d1\" data-element_type=\"section\">\n\t\t\t\t\t\t<div class=\"elementor-container elementor-column-gap-default\">\n\t\t\t\t\t<div class=\"elementor-column elementor-col-100 elementor-top-column elementor-element elementor-element-ae5a3ad\" data-id=\"ae5a3ad\" data-element_type=\"column\">\n\t\t\t<div class=\"elementor-widget-wrap elementor-element-populated\">\n\t\t\t\t\t\t\t\t<div class=\"elementor-element elementor-element-80b2853 elementor-widget elementor-widget-text-editor\" data-id=\"80b2853\" data-element_type=\"widget\" data-widget_type=\"text-editor.default\">\n\t\t\t\t<div class=\"elementor-widget-container\">\n\t\t\t<style>\/*! elementor - v3.5.3 - 28-12-2021 *\/\n.elementor-widget-text-editor.elementor-drop-cap-view-stacked .elementor-drop-cap{background-color:#818a91;color:#fff}.elementor-widget-text-editor.elementor-drop-cap-view-framed .elementor-drop-cap{color:#818a91;border:3px solid;background-color:transparent}.elementor-widget-text-editor:not(.elementor-drop-cap-view-default) .elementor-drop-cap{margin-top:8px}.elementor-widget-text-editor:not(.elementor-drop-cap-view-default) .elementor-drop-cap-letter{width:1em;height:1em}.elementor-widget-text-editor .elementor-drop-cap{float:left;text-align:center;line-height:1;font-size:50px}.elementor-widget-text-editor .elementor-drop-cap-letter{display:inline-block}<\/style>\t\t\t\t<p>A Espanha entrou em 2022 com nova legisla\u00e7\u00e3o, que revoga os efeitos nocivos da reforma trabalhista de 2012. A mudan\u00e7a faz parte de uma negocia\u00e7\u00e3o que envolveu empresas, sindicatos e partidos da coaliza\u00e7\u00e3o que d\u00e1 suporte ao Partido Socialista Espanhol (Psoe), que hoje governa o pa\u00eds.<\/p><p>Depois de aprovado pelo conselho de ministros na \u00faltima ter\u00e7a-feira (28), o projeto foi convertido em \u201creal decreto-lei\u201d \u2013 um esp\u00e9cie de medida provis\u00f3ria, que coloca as regras em vigor at\u00e9 que sejam ratificadas pelo Legislativo.<\/p><p>Essa nova reforma trabalhista na Espanha, agora com objetivo de resgatar direitos, \u00e9 parte do acordo entre o partido do governo e o Podemos que ajudou a formar a maioria necess\u00e1ria ao Psoe para indicar o primeiro-ministro Pedro S\u00e1nchez, ap\u00f3s a elei\u00e7\u00e3o de abril de 2019.<\/p><p>A reforma trabalhista da Espanha de uma d\u00e9cada atr\u00e1s foi uma das inspira\u00e7\u00f5es para a \u201creforma\u201d feita no Brasil em 2017, sob o governo de Michel Temer. L\u00e1 como aqui, a nova lei promoveu um barateamento das contrata\u00e7\u00f5es sob pretexto de \u201ccriar mais empregos\u201d. O fracasso foi retumbante. A principal consequ\u00eancia foi a precariza\u00e7\u00e3o do trabalho e a cria\u00e7\u00e3o de vagas mal remuneradas, com menos direitos e condi\u00e7\u00f5es ruins de trabalho. Com a pandemia a situa\u00e7\u00e3o que j\u00e1 era muito ruim, virou uma calamidade.<\/p><p>\u00a0<\/p><p><img loading=\"lazy\" decoding=\"async\" class=\"alignright wp-image-74133 size-full\" title=\"Primeiro-ministro Pedro S\u00e1nchez, do partido socialista, chefia coaliza\u00e7\u00e3o que costurou acordo\" src=\"https:\/\/radiopeaobrasil.com.br\/wp-content\/uploads\/2022\/01\/systemuploadsnewsf1c4dabd360a3d17e5f-700x460xfit-bf2c5.jpg\" sizes=\"(max-width: 700px) 100vw, 700px\" srcset=\"https:\/\/radiopeaobrasil.com.br\/wp-content\/uploads\/2022\/01\/systemuploadsnewsf1c4dabd360a3d17e5f-700x460xfit-bf2c5.jpg 700w, https:\/\/radiopeaobrasil.com.br\/wp-content\/uploads\/2022\/01\/systemuploadsnewsf1c4dabd360a3d17e5f-700x460xfit-bf2c5-300x197.jpg 300w, https:\/\/radiopeaobrasil.com.br\/wp-content\/uploads\/2022\/01\/systemuploadsnewsf1c4dabd360a3d17e5f-700x460xfit-bf2c5-600x394.jpg 600w\" alt=\"Primeiro-ministro Pedro S\u00e1nchez, do partido socialista, chefia coaliza\u00e7\u00e3o que costurou acordo\" width=\"700\" height=\"460\" \/>Dez anos depois, a Espanha voltou atr\u00e1s para al\u00edvio dos trabalhadores. O decreto de 30 de dezembro atende ainda a um compromisso do primeiro-ministro Pedro S\u00e1nchez com a Comiss\u00e3o Europeia, para garantir a pr\u00f3xima parcela de fundos da Uni\u00e3o Europeia. Atualmente, o pa\u00eds conta com taxa de desemprego de 14,5%, uma das mais altas do bloco econ\u00f4mico.<\/p><p><strong>Trabalho tempor\u00e1rio e terceiriza\u00e7\u00f5es<\/strong><\/p><p>O principal objetivo da nova reforma espanhola \u00e9 acabar com abuso de contrata\u00e7\u00f5es tempor\u00e1rias, que hoje responde por mais de um quarto das ocupa\u00e7\u00f5es no pa\u00eds. A ideia \u00e9 estimular a contrata\u00e7\u00e3o por prazo indeterminado, que d\u00e3o mais seguran\u00e7a aos trabalhadores e, portanto, \u00e0 economia. Al\u00e9m disso, a nova regra extingue a chamada contrata\u00e7\u00e3o \u201cpor obra ou servi\u00e7o\u201d, equivalente ao \u201ctrabalho intermitente\u201d da reforma de Temer.<\/p><p>Os prazos de contrata\u00e7\u00f5es tempor\u00e1rias passam a ser limitados a seis meses, podendo chegar a um ano, caso haja autoriza\u00e7\u00e3o em negocia\u00e7\u00e3o coletiva. Em situa\u00e7\u00f5es temporalmente previstas \u2013 como datas festivas ou atividades agr\u00edcolas \u2013 o per\u00edodo m\u00e1ximo \u00e9 de 90 dias.<\/p><p>Outro aspecto importante da nova lei \u00e9 o de tentar coibir as terceiriza\u00e7\u00f5es. Com isso, trabalhadores contratados por meio de empresas de terceiriza\u00e7\u00e3o ter\u00e3o obrigatoriamente de receber sal\u00e1rios iguais aos dos empregados diretos. Por exemplo, no setor financeiro, um terceirizado dever\u00e1 receber conforme a conven\u00e7\u00e3o coletiva firmada entre bancos e os sindicatos de banc\u00e1rios.<\/p><p>O decreto-lei de pro\u00edbe ainda demiss\u00f5es de funcion\u00e1rios por motivos econ\u00f4micos e institui de forma permanente o Expediente de Regula\u00e7\u00e3o do Trabalho Tempor\u00e1rio. A medida foi criada durante a pandemia para evitar que trabalhadores percam o sal\u00e1rio e o emprego devido \u00e0 suspens\u00e3o da atividade nas suas empresas.<\/p><p><strong>Negocia\u00e7\u00f5es coletivas<\/strong><\/p><p>A reforma espanhola pretende reequilibrar os par\u00e2metros de negocia\u00e7\u00e3o coletiva, revogando a limita\u00e7\u00e3o de ultratividade \u2013 a perda de vig\u00eancia de um acordo coletivo quando expira seu prazo de validade. A medida dificultava as negocia\u00e7\u00f5es entre empresas e sindicatos. E agora, ent\u00e3o, o novo texto estende a vig\u00eancia dos acordos coletivos, at\u00e9 a conclus\u00e3o de nova negocia\u00e7\u00e3o.<\/p><p>Por outro lado, h\u00e1 extens\u00e3o de regras ent\u00e3o criadas para auxiliar empresas afetadas pela covid-19. Em situa\u00e7\u00f5es cr\u00edticas, causadas por crises macroecon\u00f4micas, se permitir\u00e1 redu\u00e7\u00e3o de obriga\u00e7\u00f5es previdenci\u00e1rias. Tamb\u00e9m poder\u00e3o se socorrer de mecanismos de flexibiliza\u00e7\u00e3o, com facilita\u00e7\u00f5es de folgas compensat\u00f3rias.<\/p><p><strong>UGT e CCOO comemoram aprova\u00e7\u00e3o da reforma trabalhista<\/strong><\/p><p>UGT e CCOO expressaram sua satisfa\u00e7\u00e3o com o acordo alcan\u00e7ado na semana passada, ap\u00f3s mais de nove meses de negocia\u00e7\u00f5es, que modifica tanto aspectos centrais da reforma trabalhista levada a cabo pelo Partido Popular em 2012, como tamb\u00e9m quest\u00f5es de outras reformas que t\u00eam profundamente desvalorizou direitos trabalhistas e salariais em nosso pa\u00eds.<\/p><p>Com este acordo e com o pr\u00f3ximo culminar do processo de eleva\u00e7\u00e3o do SMI a 60% do sal\u00e1rio m\u00e9dio, a Espanha dar\u00e1 um grande passo para melhorar a qualidade do emprego e reduzir o emprego tempor\u00e1rio e estar\u00e1 na vanguarda do trabalho progressivo legisla\u00e7\u00e3o. \u00c9 um marco indiscut\u00edvel na hist\u00f3ria do nosso pa\u00eds, porque \u00e9 um acordo acordado e ambicioso que representa uma clara recupera\u00e7\u00e3o e uma evidente melhoria dos direitos laborais da classe trabalhadora.<\/p><p><strong>A reforma \u00e9 articulada com base em tr\u00eas elementos fundamentais:<\/strong><\/p><p>\u2013 Recuperar o equil\u00edbrio e o valor da negocia\u00e7\u00e3o coletiva.<\/p><p>\u2013 Limita a contrata\u00e7\u00e3o tempor\u00e1ria.<\/p><p>\u2013 Aborda medidas de flexibilidade interna como alternativas \u00e0s demiss\u00f5es por meio do Mecanismo RED.<\/p><p>O reequil\u00edbrio da negocia\u00e7\u00e3o coletiva \u00e9 absolutamente fundamental para o CCOO e a UGT. A reforma trabalhista de 2012 colocou em quest\u00e3o a sobreviv\u00eancia dos acordos coletivos. Se um acordo n\u00e3o for alcan\u00e7ado em um acordo, ele pode desaparecer. Nesta altura recuper\u00e1mos a ultra-actividade dos acordos colectivos, da mesma forma que invertemos a regra segundo a qual os acordos de empresa podiam reduzir as condi\u00e7\u00f5es de trabalho dos trabalhadores e, sobretudo, das trabalhadoras. Deixaremos de haver acordos de empresa abaixo dos acordos setoriais, e voltamos a uma negocia\u00e7\u00e3o coletiva articulada entre o setor, o territ\u00f3rio e a empresa.<\/p><p>A Espanha \u00e9 h\u00e1 muito tempo campe\u00e3 da Europa temporariamente. Com este acordo, o contrato de trabalho ou servi\u00e7o \u00e9 eliminado e o uso da temporalidade \u00e9 limitado. O eventual contrato decorrente dessa reforma pode durar seis meses, prorrog\u00e1veis \u200b\u200bat\u00e9 doze em negocia\u00e7\u00e3o coletiva, ante os quatro anos que a obra ou servi\u00e7o poderia atingir.<\/p><p>As ERTEs utilizadas durante a pandemia para evitar a destrui\u00e7\u00e3o massiva de empregos foram algo sem precedentes na Espanha e isto \u00e9, na maior crise econ\u00f4mica conhecida, pela primeira vez mais empregos n\u00e3o foram destru\u00eddos do que a economia caiu. A UGT e o CCOO v\u00eam reivindicando medidas para restringir as demiss\u00f5es, viabilizando f\u00f3rmulas de adapta\u00e7\u00e3o tempor\u00e1ria da jornada de trabalho. Essas abordagens est\u00e3o amplamente refletidas no Mecanismo RED, que permite a adapta\u00e7\u00e3o tempor\u00e1ria da jornada de trabalho, a cobran\u00e7a de um benef\u00edcio social que n\u00e3o consome o desemprego dos trabalhadores em troca de restri\u00e7\u00f5es ao despedimento.<\/p><p>Em \u00faltima inst\u00e2ncia, para CCOO e UGT este acordo consolida uma mudan\u00e7a de tend\u00eancia na regulamenta\u00e7\u00e3o e legisla\u00e7\u00e3o trabalhista, assumindo um ponto de inflex\u00e3o ap\u00f3s 20 anos ininterruptos de reformas prejudiciais \u00e0 classe trabalhadora, que os dois sindicatos continuar\u00e3o a aprofundar com novas e novas reformas propostas nos pr\u00f3ximos meses.<\/p><p>Portanto, reclamam a responsabilidade dos partidos pol\u00edticos, desde o plen\u00e1rio no que se refere ao trabalho das c\u00e2maras parlamentares, em seu auge, para validar no Congresso t\u00e3o importante acordo, que elimina aqueles aspectos que t\u00eam contribu\u00eddo para o empobrecimento do classe trabalhadora, por influenciar a desigualdade social e a pobreza laboral, e tem retardado a recupera\u00e7\u00e3o econ\u00f4mica ap\u00f3s as diferentes crises, \u00e9 tamb\u00e9m o resultado do consenso de alguns agentes sociais que se mostraram no auge do papel que a legisla\u00e7\u00e3o atual e a sociedade nos conceda.<\/p><p><strong>A elei\u00e7\u00e3o de 2022 no Brasil pode definir o rumo das reformas de Temer e Bolsonaro<\/strong><\/p><p>O ex-presidente Luiz In\u00e1cio Lula da Silva afirmou em seu twitter: \u201c\u00c9 importante que os brasileiros acompanhem de perto o que est\u00e1 acontecendo na Reforma Trabalhista da Espanha, onde o presidente Pedro Sanchez est\u00e1 trabalhando para recuperar direitos dos trabalhadores.\u201d<\/p>\t\t\t\t\t\t<\/div>\n\t\t\t\t<\/div>\n\t\t\t\t\t<\/div>\n\t\t<\/div>\n\t\t\t\t\t\t\t<\/div>\n\t\t<\/section>\n\t\t\t\t\t\t<\/div>\n\t\t\t\t\t<\/div>\n\t\t","protected":false},"excerpt":{"rendered":"<p>Espanha revoga reforma trabalhista que precarizou trabalho; sindicatos comemoram As centrais sindicais espanholas UGT (Uni\u00e3o Geral dos Trabalhadores) e CCOO (Comissiones Obreras), aprovaram a medida e esperam que o Real Decreto seja validado por ampla maioria parlamentar. A Espanha entrou em 2022 com nova legisla\u00e7\u00e3o, que revoga os efeitos nocivos da reforma trabalhista de 2012. [&hellip;]<\/p>\n","protected":false},"author":1,"featured_media":0,"comment_status":"open","ping_status":"open","sticky":false,"template":"elementor_canvas","format":"standard","meta":{"footnotes":""},"categories":[6],"tags":[],"_links":{"self":[{"href":"https:\/\/quimicositapetininga.org.br\/index.php?rest_route=\/wp\/v2\/posts\/281"}],"collection":[{"href":"https:\/\/quimicositapetininga.org.br\/index.php?rest_route=\/wp\/v2\/posts"}],"about":[{"href":"https:\/\/quimicositapetininga.org.br\/index.php?rest_route=\/wp\/v2\/types\/post"}],"author":[{"embeddable":true,"href":"https:\/\/quimicositapetininga.org.br\/index.php?rest_route=\/wp\/v2\/users\/1"}],"replies":[{"embeddable":true,"href":"https:\/\/quimicositapetininga.org.br\/index.php?rest_route=%2Fwp%2Fv2%2Fcomments&post=281"}],"version-history":[{"count":5,"href":"https:\/\/quimicositapetininga.org.br\/index.php?rest_route=\/wp\/v2\/posts\/281\/revisions"}],"predecessor-version":[{"id":290,"href":"https:\/\/quimicositapetininga.org.br\/index.php?rest_route=\/wp\/v2\/posts\/281\/revisions\/290"}],"wp:attachment":[{"href":"https:\/\/quimicositapetininga.org.br\/index.php?rest_route=%2Fwp%2Fv2%2Fmedia&parent=281"}],"wp:term":[{"taxonomy":"category","embeddable":true,"href":"https:\/\/quimicositapetininga.org.br\/index.php?rest_route=%2Fwp%2Fv2%2Fcategories&post=281"},{"taxonomy":"post_tag","embeddable":true,"href":"https:\/\/quimicositapetininga.org.br\/index.php?rest_route=%2Fwp%2Fv2%2Ftags&post=281"}],"curies":[{"name":"wp","href":"https:\/\/api.w.org\/{rel}","templated":true}]}}