{"id":2734,"date":"2026-07-22T13:41:59","date_gmt":"2026-07-22T13:41:59","guid":{"rendered":"https:\/\/quimicositapetininga.org.br\/?p=2734"},"modified":"2026-07-22T13:58:24","modified_gmt":"2026-07-22T13:58:24","slug":"segundo-dia-de-curso-sindical-praia-grande-sp","status":"publish","type":"post","link":"https:\/\/quimicositapetininga.org.br\/?p=2734","title":{"rendered":"SEGUNDO DIA DE CURSO SINDICAL, PRAIA GRANDE &#8211; SP"},"content":{"rendered":"\t\t<div data-elementor-type=\"wp-post\" data-elementor-id=\"2734\" class=\"elementor elementor-2734\" data-elementor-settings=\"[]\">\n\t\t\t\t\t\t\t<div class=\"elementor-section-wrap\">\n\t\t\t\t\t\t\t<section class=\"elementor-section elementor-top-section elementor-element elementor-element-dd3dc71 elementor-section-boxed elementor-section-height-default elementor-section-height-default\" data-id=\"dd3dc71\" data-element_type=\"section\">\n\t\t\t\t\t\t<div class=\"elementor-container elementor-column-gap-default\">\n\t\t\t\t\t<div class=\"elementor-column elementor-col-100 elementor-top-column elementor-element elementor-element-9acbdfc\" data-id=\"9acbdfc\" data-element_type=\"column\">\n\t\t\t<div class=\"elementor-widget-wrap elementor-element-populated\">\n\t\t\t\t\t\t\t\t<div class=\"elementor-element elementor-element-2ea47a6 elementor-widget elementor-widget-image\" data-id=\"2ea47a6\" data-element_type=\"widget\" data-widget_type=\"image.default\">\n\t\t\t\t<div class=\"elementor-widget-container\">\n\t\t\t<style>\/*! elementor - v3.5.3 - 28-12-2021 *\/\n.elementor-widget-image{text-align:center}.elementor-widget-image a{display:inline-block}.elementor-widget-image a img[src$=\".svg\"]{width:48px}.elementor-widget-image img{vertical-align:middle;display:inline-block}<\/style>\t\t\t\t\t\t\t\t\t\t\t\t<img loading=\"lazy\" decoding=\"async\" width=\"768\" height=\"574\" src=\"https:\/\/quimicositapetininga.org.br\/wp-content\/uploads\/2026\/07\/cca97d9f-ddaa-41d5-a037-7011edcb7f23.jpg\" class=\"attachment-medium_large size-medium_large\" alt=\"\" \/>\t\t\t\t\t\t\t\t\t\t\t\t\t\t\t<\/div>\n\t\t\t\t<\/div>\n\t\t\t\t\t<\/div>\n\t\t<\/div>\n\t\t\t\t\t\t\t<\/div>\n\t\t<\/section>\n\t\t\t\t<section class=\"elementor-section elementor-top-section elementor-element elementor-element-adb1c34 elementor-section-boxed elementor-section-height-default elementor-section-height-default\" data-id=\"adb1c34\" data-element_type=\"section\">\n\t\t\t\t\t\t<div class=\"elementor-container elementor-column-gap-default\">\n\t\t\t\t\t<div class=\"elementor-column elementor-col-100 elementor-top-column elementor-element elementor-element-b2e109e\" data-id=\"b2e109e\" data-element_type=\"column\">\n\t\t\t<div class=\"elementor-widget-wrap elementor-element-populated\">\n\t\t\t\t\t\t\t\t<div class=\"elementor-element elementor-element-41c2c7d elementor-widget elementor-widget-text-editor\" data-id=\"41c2c7d\" data-element_type=\"widget\" data-widget_type=\"text-editor.default\">\n\t\t\t\t<div class=\"elementor-widget-container\">\n\t\t\t<style>\/*! elementor - v3.5.3 - 28-12-2021 *\/\n.elementor-widget-text-editor.elementor-drop-cap-view-stacked .elementor-drop-cap{background-color:#818a91;color:#fff}.elementor-widget-text-editor.elementor-drop-cap-view-framed .elementor-drop-cap{color:#818a91;border:3px solid;background-color:transparent}.elementor-widget-text-editor:not(.elementor-drop-cap-view-default) .elementor-drop-cap{margin-top:8px}.elementor-widget-text-editor:not(.elementor-drop-cap-view-default) .elementor-drop-cap-letter{width:1em;height:1em}.elementor-widget-text-editor .elementor-drop-cap{float:left;text-align:center;line-height:1;font-size:50px}.elementor-widget-text-editor .elementor-drop-cap-letter{display:inline-block}<\/style>\t\t\t\t<p class=\"isSelectedEnd\">Nesta quarta-feira (22), em Praia Grande (SP), o segundo dia do curso de forma\u00e7\u00e3o sindical teve in\u00edcio com uma din\u00e2mica em grupo voltada \u00e0 reflex\u00e3o e ao compartilhamento de experi\u00eancias entre os participantes. A atividade reuniu dirigentes sindicais para discutir situa\u00e7\u00f5es recorrentes vivenciadas em suas bases, promovendo um espa\u00e7o de di\u00e1logo, escuta e constru\u00e7\u00e3o coletiva.<\/p><p class=\"isSelectedEnd\">Representando o Sindicato dos Qu\u00edmicos de Itapetininga, os diretores <strong>Laura Santos, Mario Marco Barbosa, Luciano Gomes e Dan Fernandes<\/strong> participaram da atividade, que buscou incentivar a an\u00e1lise dos desafios enfrentados na atua\u00e7\u00e3o sindical, estimulando a troca de experi\u00eancias e a constru\u00e7\u00e3o de estrat\u00e9gias para fortalecer a comunica\u00e7\u00e3o e ampliar o di\u00e1logo com os trabalhadores.<\/p><p>A din\u00e2mica abriu a programa\u00e7\u00e3o do segundo dia do curso, reafirmando o compromisso da forma\u00e7\u00e3o com o fortalecimento da atua\u00e7\u00e3o sindical por meio da troca de conhecimentos e da constru\u00e7\u00e3o coletiva. Ao longo do curso, os participantes t\u00eam acesso a conte\u00fados e debates voltados \u00e0 atualiza\u00e7\u00e3o dos dirigentes sindicais, contribuindo para uma atua\u00e7\u00e3o cada vez mais qualificada, preparada e alinhada aos desafios enfrentados na defesa dos direitos e dos interesses da classe trabalhadora.<\/p>\t\t\t\t\t\t<\/div>\n\t\t\t\t<\/div>\n\t\t\t\t\t<\/div>\n\t\t<\/div>\n\t\t\t\t\t\t\t<\/div>\n\t\t<\/section>\n\t\t\t\t<section class=\"elementor-section elementor-top-section elementor-element elementor-element-95ddb31 elementor-section-boxed elementor-section-height-default elementor-section-height-default\" data-id=\"95ddb31\" data-element_type=\"section\">\n\t\t\t\t\t\t<div class=\"elementor-container elementor-column-gap-default\">\n\t\t\t\t\t<div class=\"elementor-column elementor-col-33 elementor-top-column elementor-element elementor-element-1456a1a\" data-id=\"1456a1a\" data-element_type=\"column\">\n\t\t\t<div class=\"elementor-widget-wrap elementor-element-populated\">\n\t\t\t\t\t\t\t\t<div class=\"elementor-element elementor-element-e419366 elementor-widget elementor-widget-image\" data-id=\"e419366\" data-element_type=\"widget\" data-widget_type=\"image.default\">\n\t\t\t\t<div class=\"elementor-widget-container\">\n\t\t\t\t\t\t\t\t\t\t\t\t\t\t\t<img loading=\"lazy\" decoding=\"async\" width=\"1024\" height=\"768\" src=\"https:\/\/quimicositapetininga.org.br\/wp-content\/uploads\/2026\/07\/IMG_8487.jpeg\" class=\"attachment-large size-large\" alt=\"\" \/>\t\t\t\t\t\t\t\t\t\t\t\t\t\t\t<\/div>\n\t\t\t\t<\/div>\n\t\t\t\t\t<\/div>\n\t\t<\/div>\n\t\t\t\t<div class=\"elementor-column elementor-col-33 elementor-top-column elementor-element elementor-element-f957c2e\" data-id=\"f957c2e\" data-element_type=\"column\">\n\t\t\t<div class=\"elementor-widget-wrap elementor-element-populated\">\n\t\t\t\t\t\t\t\t<div class=\"elementor-element elementor-element-b322084 elementor-widget elementor-widget-image\" data-id=\"b322084\" data-element_type=\"widget\" data-widget_type=\"image.default\">\n\t\t\t\t<div class=\"elementor-widget-container\">\n\t\t\t\t\t\t\t\t\t\t\t\t\t\t\t<img loading=\"lazy\" decoding=\"async\" width=\"1024\" height=\"768\" src=\"https:\/\/quimicositapetininga.org.br\/wp-content\/uploads\/2026\/07\/IMG_8512-1.jpeg\" class=\"attachment-large size-large\" alt=\"\" \/>\t\t\t\t\t\t\t\t\t\t\t\t\t\t\t<\/div>\n\t\t\t\t<\/div>\n\t\t\t\t\t<\/div>\n\t\t<\/div>\n\t\t\t\t<div class=\"elementor-column elementor-col-33 elementor-top-column elementor-element elementor-element-19e5f18\" data-id=\"19e5f18\" data-element_type=\"column\">\n\t\t\t<div class=\"elementor-widget-wrap elementor-element-populated\">\n\t\t\t\t\t\t\t\t<div class=\"elementor-element elementor-element-9852acf elementor-widget elementor-widget-image\" data-id=\"9852acf\" data-element_type=\"widget\" data-widget_type=\"image.default\">\n\t\t\t\t<div class=\"elementor-widget-container\">\n\t\t\t\t\t\t\t\t\t\t\t\t\t\t\t<img loading=\"lazy\" decoding=\"async\" width=\"768\" height=\"1024\" src=\"https:\/\/quimicositapetininga.org.br\/wp-content\/uploads\/2026\/07\/IMG_8505-1.jpeg\" class=\"attachment-large size-large\" alt=\"\" \/>\t\t\t\t\t\t\t\t\t\t\t\t\t\t\t<\/div>\n\t\t\t\t<\/div>\n\t\t\t\t\t<\/div>\n\t\t<\/div>\n\t\t\t\t\t\t\t<\/div>\n\t\t<\/section>\n\t\t\t\t\t\t<\/div>\n\t\t\t\t\t<\/div>\n\t\t","protected":false},"excerpt":{"rendered":"<p>Nesta quarta-feira (22), em Praia Grande (SP), o segundo dia do curso de forma\u00e7\u00e3o sindical teve in\u00edcio com uma din\u00e2mica em grupo voltada \u00e0 reflex\u00e3o e ao compartilhamento de experi\u00eancias entre os participantes. A atividade reuniu dirigentes sindicais para discutir situa\u00e7\u00f5es recorrentes vivenciadas em suas bases, promovendo um espa\u00e7o de di\u00e1logo, escuta e constru\u00e7\u00e3o coletiva. [&hellip;]<\/p>\n","protected":false},"author":1,"featured_media":0,"comment_status":"closed","ping_status":"closed","sticky":false,"template":"","format":"standard","meta":{"footnotes":""},"categories":[20,9],"tags":[],"_links":{"self":[{"href":"https:\/\/quimicositapetininga.org.br\/index.php?rest_route=\/wp\/v2\/posts\/2734"}],"collection":[{"href":"https:\/\/quimicositapetininga.org.br\/index.php?rest_route=\/wp\/v2\/posts"}],"about":[{"href":"https:\/\/quimicositapetininga.org.br\/index.php?rest_route=\/wp\/v2\/types\/post"}],"author":[{"embeddable":true,"href":"https:\/\/quimicositapetininga.org.br\/index.php?rest_route=\/wp\/v2\/users\/1"}],"replies":[{"embeddable":true,"href":"https:\/\/quimicositapetininga.org.br\/index.php?rest_route=%2Fwp%2Fv2%2Fcomments&post=2734"}],"version-history":[{"count":4,"href":"https:\/\/quimicositapetininga.org.br\/index.php?rest_route=\/wp\/v2\/posts\/2734\/revisions"}],"predecessor-version":[{"id":2745,"href":"https:\/\/quimicositapetininga.org.br\/index.php?rest_route=\/wp\/v2\/posts\/2734\/revisions\/2745"}],"wp:attachment":[{"href":"https:\/\/quimicositapetininga.org.br\/index.php?rest_route=%2Fwp%2Fv2%2Fmedia&parent=2734"}],"wp:term":[{"taxonomy":"category","embeddable":true,"href":"https:\/\/quimicositapetininga.org.br\/index.php?rest_route=%2Fwp%2Fv2%2Fcategories&post=2734"},{"taxonomy":"post_tag","embeddable":true,"href":"https:\/\/quimicositapetininga.org.br\/index.php?rest_route=%2Fwp%2Fv2%2Ftags&post=2734"}],"curies":[{"name":"wp","href":"https:\/\/api.w.org\/{rel}","templated":true}]}}