{"id":2717,"date":"2026-07-21T14:07:44","date_gmt":"2026-07-21T14:07:44","guid":{"rendered":"https:\/\/quimicositapetininga.org.br\/?p=2717"},"modified":"2026-07-22T13:59:13","modified_gmt":"2026-07-22T13:59:13","slug":"2717","status":"publish","type":"post","link":"https:\/\/quimicositapetininga.org.br\/?p=2717","title":{"rendered":"DA ECONOMIA AO VOTO: PERCEP\u00c7\u00d5ES EM DISPUTA"},"content":{"rendered":"\t\t<div data-elementor-type=\"wp-post\" data-elementor-id=\"2717\" class=\"elementor elementor-2717\" data-elementor-settings=\"[]\">\n\t\t\t\t\t\t\t<div class=\"elementor-section-wrap\">\n\t\t\t\t\t\t\t<section class=\"elementor-section elementor-top-section elementor-element elementor-element-dd3dc71 elementor-section-boxed elementor-section-height-default elementor-section-height-default\" data-id=\"dd3dc71\" data-element_type=\"section\">\n\t\t\t\t\t\t<div class=\"elementor-container elementor-column-gap-default\">\n\t\t\t\t\t<div class=\"elementor-column elementor-col-100 elementor-top-column elementor-element elementor-element-9acbdfc\" data-id=\"9acbdfc\" data-element_type=\"column\">\n\t\t\t<div class=\"elementor-widget-wrap elementor-element-populated\">\n\t\t\t\t\t\t\t\t<div class=\"elementor-element elementor-element-2ea47a6 elementor-widget elementor-widget-image\" data-id=\"2ea47a6\" data-element_type=\"widget\" data-widget_type=\"image.default\">\n\t\t\t\t<div class=\"elementor-widget-container\">\n\t\t\t<style>\/*! elementor - v3.5.3 - 28-12-2021 *\/\n.elementor-widget-image{text-align:center}.elementor-widget-image a{display:inline-block}.elementor-widget-image a img[src$=\".svg\"]{width:48px}.elementor-widget-image img{vertical-align:middle;display:inline-block}<\/style>\t\t\t\t\t\t\t\t\t\t\t\t<img loading=\"lazy\" decoding=\"async\" width=\"768\" height=\"385\" src=\"https:\/\/quimicositapetininga.org.br\/wp-content\/uploads\/2026\/07\/capa.jpeg\" class=\"attachment-medium_large size-medium_large\" alt=\"\" \/>\t\t\t\t\t\t\t\t\t\t\t\t\t\t\t<\/div>\n\t\t\t\t<\/div>\n\t\t\t\t\t<\/div>\n\t\t<\/div>\n\t\t\t\t\t\t\t<\/div>\n\t\t<\/section>\n\t\t\t\t<section class=\"elementor-section elementor-top-section elementor-element elementor-element-adb1c34 elementor-section-boxed elementor-section-height-default elementor-section-height-default\" data-id=\"adb1c34\" data-element_type=\"section\">\n\t\t\t\t\t\t<div class=\"elementor-container elementor-column-gap-default\">\n\t\t\t\t\t<div class=\"elementor-column elementor-col-100 elementor-top-column elementor-element elementor-element-b2e109e\" data-id=\"b2e109e\" data-element_type=\"column\">\n\t\t\t<div class=\"elementor-widget-wrap elementor-element-populated\">\n\t\t\t\t\t\t\t\t<div class=\"elementor-element elementor-element-67f6676 elementor-widget elementor-widget-heading\" data-id=\"67f6676\" data-element_type=\"widget\" data-widget_type=\"heading.default\">\n\t\t\t\t<div class=\"elementor-widget-container\">\n\t\t\t<style>\/*! elementor - v3.5.3 - 28-12-2021 *\/\n.elementor-heading-title{padding:0;margin:0;line-height:1}.elementor-widget-heading .elementor-heading-title[class*=elementor-size-]>a{color:inherit;font-size:inherit;line-height:inherit}.elementor-widget-heading .elementor-heading-title.elementor-size-small{font-size:15px}.elementor-widget-heading .elementor-heading-title.elementor-size-medium{font-size:19px}.elementor-widget-heading .elementor-heading-title.elementor-size-large{font-size:29px}.elementor-widget-heading .elementor-heading-title.elementor-size-xl{font-size:39px}.elementor-widget-heading .elementor-heading-title.elementor-size-xxl{font-size:59px}<\/style><h2 class=\"elementor-heading-title elementor-size-medium\"><h1><strong>DA ECONOMIA AO VOTO: PERCEP\u00c7\u00d5ES EM DISPUTA<\/strong><\/h1><\/h2>\t\t<\/div>\n\t\t\t\t<\/div>\n\t\t\t\t<div class=\"elementor-element elementor-element-41c2c7d elementor-widget elementor-widget-text-editor\" data-id=\"41c2c7d\" data-element_type=\"widget\" data-widget_type=\"text-editor.default\">\n\t\t\t\t<div class=\"elementor-widget-container\">\n\t\t\t<style>\/*! elementor - v3.5.3 - 28-12-2021 *\/\n.elementor-widget-text-editor.elementor-drop-cap-view-stacked .elementor-drop-cap{background-color:#818a91;color:#fff}.elementor-widget-text-editor.elementor-drop-cap-view-framed .elementor-drop-cap{color:#818a91;border:3px solid;background-color:transparent}.elementor-widget-text-editor:not(.elementor-drop-cap-view-default) .elementor-drop-cap{margin-top:8px}.elementor-widget-text-editor:not(.elementor-drop-cap-view-default) .elementor-drop-cap-letter{width:1em;height:1em}.elementor-widget-text-editor .elementor-drop-cap{float:left;text-align:center;line-height:1;font-size:50px}.elementor-widget-text-editor .elementor-drop-cap-letter{display:inline-block}<\/style>\t\t\t\t<p class=\"isSelectedEnd\">Como parte de um curso de forma\u00e7\u00e3o sindical realizado em Praia Grande (SP), dirigentes e representantes sindicais participaram da palestra <strong>&#8220;Economia ao Voto: Percep\u00e7\u00f5es e Disputas&#8221;<\/strong>, voltada \u00e0 an\u00e1lise da rela\u00e7\u00e3o entre indicadores econ\u00f4micos, percep\u00e7\u00e3o popular e comportamento eleitoral. Representando o Sindicato dos Qu\u00edmicos de Itapetininga, estiveram presentes o presidente <strong>Jurandir Pedro de Souza<\/strong>, a diretora <strong>Laura Santos<\/strong>, al\u00e9m dos diretores <strong>Luciano Gomes<\/strong>, <strong>Mario Marco Barbosa<\/strong> e <strong>Dan Fernandes<\/strong>.<\/p><p class=\"isSelectedEnd\">O debate teve in\u00edcio com uma reflex\u00e3o sobre os crit\u00e9rios utilizados pela popula\u00e7\u00e3o para avaliar o desempenho econ\u00f4mico de um governo. Durante a palestra, foi destacado que o atual mandato do presidente Luiz In\u00e1cio Lula da Silva tamb\u00e9m \u00e9 frequentemente comparado \u00e0s suas gest\u00f5es anteriores, levando em considera\u00e7\u00e3o as expectativas criadas em torno do cen\u00e1rio econ\u00f4mico.<\/p><p class=\"isSelectedEnd\">Como ponto central da discuss\u00e3o, o palestrante levantou o seguinte questionamento: <strong>por que o desempenho econ\u00f4mico do terceiro mandato de Lula n\u00e3o se converte, necessariamente, em maior popularidade?<\/strong> A partir dessa provoca\u00e7\u00e3o, o debate foi aberto aos participantes, e diversos sindicalistas compartilharam suas percep\u00e7\u00f5es sobre a rela\u00e7\u00e3o entre economia, opini\u00e3o p\u00fablica e comportamento do eleitorado.<\/p><p class=\"isSelectedEnd\">Na sequ\u00eancia, foram apresentados dados do \u00cdndice Nacional de Pre\u00e7os ao Consumidor (INPC), com compara\u00e7\u00f5es entre o \u00edndice geral e o grupo Alimenta\u00e7\u00e3o e Bebidas no per\u00edodo de 1998 a 2025. A an\u00e1lise buscou contextualizar as mudan\u00e7as no comportamento da infla\u00e7\u00e3o ao longo das \u00faltimas d\u00e9cadas e discutir como a varia\u00e7\u00e3o dos pre\u00e7os, especialmente dos alimentos, influencia a percep\u00e7\u00e3o da popula\u00e7\u00e3o sobre a economia.<\/p><p class=\"isSelectedEnd\">Ao longo da palestra, tamb\u00e9m foram discutidos o poder de compra da popula\u00e7\u00e3o brasileira e os fatores que influenciam a percep\u00e7\u00e3o econ\u00f4mica do eleitorado. Outro tema abordado foi a rela\u00e7\u00e3o das novas gera\u00e7\u00f5es com a pol\u00edtica, considerando que parte dos jovens n\u00e3o vivenciou os primeiros governos de Luiz In\u00e1cio Lula da Silva, aspecto apontado como um dos elementos que podem influenciar a forma como diferentes per\u00edodos s\u00e3o comparados. A discuss\u00e3o ainda ressaltou a import\u00e2ncia da educa\u00e7\u00e3o pol\u00edtica nas escolas como ferramenta para ampliar a compreens\u00e3o sobre economia, cidadania e funcionamento das institui\u00e7\u00f5es democr\u00e1ticas.<\/p><p>Na etapa final, o palestrante apresentou compara\u00e7\u00f5es relacionadas \u00e0 evolu\u00e7\u00e3o do Produto Interno Bruto (PIB) e aos diferentes perfis de eleitores presentes na sociedade brasileira. A exposi\u00e7\u00e3o abordou como caracter\u00edsticas sociais, econ\u00f4micas e geracionais influenciam a forma\u00e7\u00e3o da opini\u00e3o p\u00fablica e discutiu estrat\u00e9gias de comunica\u00e7\u00e3o e politiza\u00e7\u00e3o voltadas a p\u00fablicos espec\u00edficos, destacando a import\u00e2ncia de compreender as diferentes realidades do eleitorado na constru\u00e7\u00e3o do debate pol\u00edtico.<\/p>\t\t\t\t\t\t<\/div>\n\t\t\t\t<\/div>\n\t\t\t\t\t<\/div>\n\t\t<\/div>\n\t\t\t\t\t\t\t<\/div>\n\t\t<\/section>\n\t\t\t\t<section class=\"elementor-section elementor-top-section elementor-element elementor-element-95ddb31 elementor-section-boxed elementor-section-height-default elementor-section-height-default\" data-id=\"95ddb31\" data-element_type=\"section\">\n\t\t\t\t\t\t<div class=\"elementor-container elementor-column-gap-default\">\n\t\t\t\t\t<div class=\"elementor-column elementor-col-33 elementor-top-column elementor-element elementor-element-1456a1a\" data-id=\"1456a1a\" data-element_type=\"column\">\n\t\t\t<div class=\"elementor-widget-wrap elementor-element-populated\">\n\t\t\t\t\t\t\t\t<div class=\"elementor-element elementor-element-8c65d9c elementor-widget elementor-widget-image\" data-id=\"8c65d9c\" data-element_type=\"widget\" data-widget_type=\"image.default\">\n\t\t\t\t<div class=\"elementor-widget-container\">\n\t\t\t\t\t\t\t\t\t\t\t\t\t\t\t<img loading=\"lazy\" decoding=\"async\" width=\"1024\" height=\"768\" src=\"https:\/\/quimicositapetininga.org.br\/wp-content\/uploads\/2026\/07\/IMG_8398.jpeg\" class=\"attachment-large size-large\" alt=\"\" \/>\t\t\t\t\t\t\t\t\t\t\t\t\t\t\t<\/div>\n\t\t\t\t<\/div>\n\t\t\t\t\t<\/div>\n\t\t<\/div>\n\t\t\t\t<div class=\"elementor-column elementor-col-33 elementor-top-column elementor-element elementor-element-f957c2e\" data-id=\"f957c2e\" data-element_type=\"column\">\n\t\t\t<div class=\"elementor-widget-wrap elementor-element-populated\">\n\t\t\t\t\t\t\t\t<div class=\"elementor-element elementor-element-33dca6f elementor-widget elementor-widget-image\" data-id=\"33dca6f\" data-element_type=\"widget\" data-widget_type=\"image.default\">\n\t\t\t\t<div class=\"elementor-widget-container\">\n\t\t\t\t\t\t\t\t\t\t\t\t\t\t\t<img loading=\"lazy\" decoding=\"async\" width=\"1024\" height=\"768\" src=\"https:\/\/quimicositapetininga.org.br\/wp-content\/uploads\/2026\/07\/IMG_8415.jpeg\" class=\"attachment-large size-large\" alt=\"\" \/>\t\t\t\t\t\t\t\t\t\t\t\t\t\t\t<\/div>\n\t\t\t\t<\/div>\n\t\t\t\t\t<\/div>\n\t\t<\/div>\n\t\t\t\t<div class=\"elementor-column elementor-col-33 elementor-top-column elementor-element elementor-element-19e5f18\" data-id=\"19e5f18\" data-element_type=\"column\">\n\t\t\t<div class=\"elementor-widget-wrap elementor-element-populated\">\n\t\t\t\t\t\t\t\t<div class=\"elementor-element elementor-element-f9c82a4 elementor-widget elementor-widget-image\" data-id=\"f9c82a4\" data-element_type=\"widget\" data-widget_type=\"image.default\">\n\t\t\t\t<div class=\"elementor-widget-container\">\n\t\t\t\t\t\t\t\t\t\t\t\t\t\t\t<img loading=\"lazy\" decoding=\"async\" width=\"768\" height=\"1024\" src=\"https:\/\/quimicositapetininga.org.br\/wp-content\/uploads\/2026\/07\/unnamed-1.jpg\" class=\"attachment-large size-large\" alt=\"\" \/>\t\t\t\t\t\t\t\t\t\t\t\t\t\t\t<\/div>\n\t\t\t\t<\/div>\n\t\t\t\t\t<\/div>\n\t\t<\/div>\n\t\t\t\t\t\t\t<\/div>\n\t\t<\/section>\n\t\t\t\t\t\t<\/div>\n\t\t\t\t\t<\/div>\n\t\t","protected":false},"excerpt":{"rendered":"<p>DA ECONOMIA AO VOTO: PERCEP\u00c7\u00d5ES EM DISPUTA Como parte de um curso de forma\u00e7\u00e3o sindical realizado em Praia Grande (SP), dirigentes e representantes sindicais participaram da palestra &#8220;Economia ao Voto: Percep\u00e7\u00f5es e Disputas&#8221;, voltada \u00e0 an\u00e1lise da rela\u00e7\u00e3o entre indicadores econ\u00f4micos, percep\u00e7\u00e3o popular e comportamento eleitoral. Representando o Sindicato dos Qu\u00edmicos de Itapetininga, estiveram presentes [&hellip;]<\/p>\n","protected":false},"author":1,"featured_media":0,"comment_status":"closed","ping_status":"closed","sticky":false,"template":"","format":"standard","meta":{"footnotes":""},"categories":[20,14],"tags":[],"_links":{"self":[{"href":"https:\/\/quimicositapetininga.org.br\/index.php?rest_route=\/wp\/v2\/posts\/2717"}],"collection":[{"href":"https:\/\/quimicositapetininga.org.br\/index.php?rest_route=\/wp\/v2\/posts"}],"about":[{"href":"https:\/\/quimicositapetininga.org.br\/index.php?rest_route=\/wp\/v2\/types\/post"}],"author":[{"embeddable":true,"href":"https:\/\/quimicositapetininga.org.br\/index.php?rest_route=\/wp\/v2\/users\/1"}],"replies":[{"embeddable":true,"href":"https:\/\/quimicositapetininga.org.br\/index.php?rest_route=%2Fwp%2Fv2%2Fcomments&post=2717"}],"version-history":[{"count":6,"href":"https:\/\/quimicositapetininga.org.br\/index.php?rest_route=\/wp\/v2\/posts\/2717\/revisions"}],"predecessor-version":[{"id":2730,"href":"https:\/\/quimicositapetininga.org.br\/index.php?rest_route=\/wp\/v2\/posts\/2717\/revisions\/2730"}],"wp:attachment":[{"href":"https:\/\/quimicositapetininga.org.br\/index.php?rest_route=%2Fwp%2Fv2%2Fmedia&parent=2717"}],"wp:term":[{"taxonomy":"category","embeddable":true,"href":"https:\/\/quimicositapetininga.org.br\/index.php?rest_route=%2Fwp%2Fv2%2Fcategories&post=2717"},{"taxonomy":"post_tag","embeddable":true,"href":"https:\/\/quimicositapetininga.org.br\/index.php?rest_route=%2Fwp%2Fv2%2Ftags&post=2717"}],"curies":[{"name":"wp","href":"https:\/\/api.w.org\/{rel}","templated":true}]}}