{"id":2160,"date":"2024-05-06T21:25:46","date_gmt":"2024-05-06T21:25:46","guid":{"rendered":"https:\/\/quimicositapetininga.org.br\/?p=2160"},"modified":"2024-05-06T21:31:22","modified_gmt":"2024-05-06T21:31:22","slug":"1o-de-maio-reforca-luta-por-democracia-e-direitos","status":"publish","type":"post","link":"https:\/\/quimicositapetininga.org.br\/?p=2160","title":{"rendered":"1\u00ba de Maio refor\u00e7a luta por democracia e direitos"},"content":{"rendered":"\t\t<div data-elementor-type=\"wp-post\" data-elementor-id=\"2160\" class=\"elementor elementor-2160\" data-elementor-settings=\"[]\">\n\t\t\t\t\t\t\t<div class=\"elementor-section-wrap\">\n\t\t\t\t\t\t\t<section class=\"elementor-section elementor-top-section elementor-element elementor-element-0d94ce8 elementor-section-boxed elementor-section-height-default elementor-section-height-default\" data-id=\"0d94ce8\" data-element_type=\"section\">\n\t\t\t\t\t\t<div class=\"elementor-container elementor-column-gap-default\">\n\t\t\t\t\t<div class=\"elementor-column elementor-col-100 elementor-top-column elementor-element elementor-element-a33f74b\" data-id=\"a33f74b\" data-element_type=\"column\">\n\t\t\t<div class=\"elementor-widget-wrap elementor-element-populated\">\n\t\t\t\t\t\t\t\t<div class=\"elementor-element elementor-element-b014892 elementor-widget elementor-widget-heading\" data-id=\"b014892\" data-element_type=\"widget\" data-widget_type=\"heading.default\">\n\t\t\t\t<div class=\"elementor-widget-container\">\n\t\t\t<style>\/*! elementor - v3.5.3 - 28-12-2021 *\/\n.elementor-heading-title{padding:0;margin:0;line-height:1}.elementor-widget-heading .elementor-heading-title[class*=elementor-size-]>a{color:inherit;font-size:inherit;line-height:inherit}.elementor-widget-heading .elementor-heading-title.elementor-size-small{font-size:15px}.elementor-widget-heading .elementor-heading-title.elementor-size-medium{font-size:19px}.elementor-widget-heading .elementor-heading-title.elementor-size-large{font-size:29px}.elementor-widget-heading .elementor-heading-title.elementor-size-xl{font-size:39px}.elementor-widget-heading .elementor-heading-title.elementor-size-xxl{font-size:59px}<\/style><h2 class=\"elementor-heading-title elementor-size-xl\">1\u00ba de Maio refor\u00e7a luta por democracia e direitos<\/h2>\t\t<\/div>\n\t\t\t\t<\/div>\n\t\t\t\t\t<\/div>\n\t\t<\/div>\n\t\t\t\t\t\t\t<\/div>\n\t\t<\/section>\n\t\t\t\t<section class=\"elementor-section elementor-top-section elementor-element elementor-element-90af254 elementor-section-boxed elementor-section-height-default elementor-section-height-default\" data-id=\"90af254\" data-element_type=\"section\">\n\t\t\t\t\t\t<div class=\"elementor-container elementor-column-gap-default\">\n\t\t\t\t\t<div class=\"elementor-column elementor-col-100 elementor-top-column elementor-element elementor-element-9398c76\" data-id=\"9398c76\" data-element_type=\"column\">\n\t\t\t<div class=\"elementor-widget-wrap elementor-element-populated\">\n\t\t\t\t\t\t\t\t<div class=\"elementor-element elementor-element-6876c5e elementor-widget elementor-widget-image\" data-id=\"6876c5e\" data-element_type=\"widget\" data-widget_type=\"image.default\">\n\t\t\t\t<div class=\"elementor-widget-container\">\n\t\t\t<style>\/*! elementor - v3.5.3 - 28-12-2021 *\/\n.elementor-widget-image{text-align:center}.elementor-widget-image a{display:inline-block}.elementor-widget-image a img[src$=\".svg\"]{width:48px}.elementor-widget-image img{vertical-align:middle;display:inline-block}<\/style>\t\t\t\t\t\t\t\t\t\t\t\t<img loading=\"lazy\" decoding=\"async\" width=\"768\" height=\"576\" src=\"https:\/\/quimicositapetininga.org.br\/wp-content\/uploads\/2024\/05\/52041374017_c055e2db4c_o-768x576-1.jpg\" class=\"attachment-large size-large\" alt=\"\" \/>\t\t\t\t\t\t\t\t\t\t\t\t\t\t\t<\/div>\n\t\t\t\t<\/div>\n\t\t\t\t\t<\/div>\n\t\t<\/div>\n\t\t\t\t\t\t\t<\/div>\n\t\t<\/section>\n\t\t\t\t<section class=\"elementor-section elementor-top-section elementor-element elementor-element-574ae00 elementor-section-boxed elementor-section-height-default elementor-section-height-default\" data-id=\"574ae00\" data-element_type=\"section\">\n\t\t\t\t\t\t<div class=\"elementor-container elementor-column-gap-default\">\n\t\t\t\t\t<div class=\"elementor-column elementor-col-100 elementor-top-column elementor-element elementor-element-7787807\" data-id=\"7787807\" data-element_type=\"column\">\n\t\t\t<div class=\"elementor-widget-wrap elementor-element-populated\">\n\t\t\t\t\t\t\t\t<div class=\"elementor-element elementor-element-e819337 elementor-widget elementor-widget-text-editor\" data-id=\"e819337\" data-element_type=\"widget\" data-widget_type=\"text-editor.default\">\n\t\t\t\t<div class=\"elementor-widget-container\">\n\t\t\t<style>\/*! elementor - v3.5.3 - 28-12-2021 *\/\n.elementor-widget-text-editor.elementor-drop-cap-view-stacked .elementor-drop-cap{background-color:#818a91;color:#fff}.elementor-widget-text-editor.elementor-drop-cap-view-framed .elementor-drop-cap{color:#818a91;border:3px solid;background-color:transparent}.elementor-widget-text-editor:not(.elementor-drop-cap-view-default) .elementor-drop-cap{margin-top:8px}.elementor-widget-text-editor:not(.elementor-drop-cap-view-default) .elementor-drop-cap-letter{width:1em;height:1em}.elementor-widget-text-editor .elementor-drop-cap{float:left;text-align:center;line-height:1;font-size:50px}.elementor-widget-text-editor .elementor-drop-cap-letter{display:inline-block}<\/style>\t\t\t\t<p><em><strong>Urge uma pol\u00edtica de desenvolvimento produtivo, com \u00eanfase industrializante<\/strong><\/em><\/p>\t\t\t\t\t\t<\/div>\n\t\t\t\t<\/div>\n\t\t\t\t\t<\/div>\n\t\t<\/div>\n\t\t\t\t\t\t\t<\/div>\n\t\t<\/section>\n\t\t\t\t<section class=\"elementor-section elementor-top-section elementor-element elementor-element-269023d elementor-section-boxed elementor-section-height-default elementor-section-height-default\" data-id=\"269023d\" data-element_type=\"section\">\n\t\t\t\t\t\t<div class=\"elementor-container elementor-column-gap-default\">\n\t\t\t\t\t<div class=\"elementor-column elementor-col-100 elementor-top-column elementor-element elementor-element-cac1a40\" data-id=\"cac1a40\" data-element_type=\"column\">\n\t\t\t<div class=\"elementor-widget-wrap elementor-element-populated\">\n\t\t\t\t\t\t\t\t<div class=\"elementor-element elementor-element-e6a99e4 elementor-widget elementor-widget-text-editor\" data-id=\"e6a99e4\" data-element_type=\"widget\" data-widget_type=\"text-editor.default\">\n\t\t\t\t<div class=\"elementor-widget-container\">\n\t\t\t\t\t\t\t<p>Os sindicatos est\u00e3o no nascedouro da democracia moderna e na implementa\u00e7\u00e3o das regras e institui\u00e7\u00f5es do Estado democr\u00e1tico de Direito em muitos pa\u00edses nestes dois s\u00e9culos. As democracias t\u00eam sido duramente atacadas pela ultradireita, pelo fascismo e pelo neoliberalismo, que promovem a difus\u00e3o do \u00f3dio e do individualismo exacerbado. A classe trabalhadora sofre com a destrui\u00e7\u00e3o dos direitos e das prote\u00e7\u00f5es trabalhistas, sociais e previdenci\u00e1rias. Vivemos essa trag\u00e9dia no Brasil e sabemos o que significa o aumento da pobreza, do trabalho an\u00e1logo ao escravo, do arrocho salarial.<\/p><p>N\u00e3o h\u00e1 democracia sem sindicatos, e a luta sindical \u00e9 parte essencial da vida democr\u00e1tica. O sindicalismo forma o maior movimento democr\u00e1tico do mundo, presente desde o local de trabalho, nas negocia\u00e7\u00f5es coletivas, na participa\u00e7\u00e3o institucional e na vida p\u00fablica e pol\u00edtica dos pa\u00edses.<\/p><p>Na\u00a0<span style=\"text-decoration: underline;\"><a href=\"https:\/\/fsindical.org.br\/forca\/confira-na-integra-a-pauta-da-classe-trabalhadora\/\"><strong>Pauta da Classe Trabalhadora das Centrais Sindicais<\/strong><\/a><\/span>\u00a0defendemos a democracia com mais de 60 diretrizes propositivas sobre os destinos do pa\u00eds, a partir da vis\u00e3o do mundo do trabalho e das mudan\u00e7as que recuperem perdas. Saudamos os resultados j\u00e1 alcan\u00e7ados pela pol\u00edtica de valoriza\u00e7\u00e3o do sal\u00e1rio m\u00ednimo e o fortalecimento e a amplia\u00e7\u00e3o do Bolsa Fam\u00edlia, que tiveram impactos decisivos na redu\u00e7\u00e3o da pobreza e no crescimento da renda dos mais pobres, conforme divulgou recentemente o IBGE. Pauta negociada, acordo firmado, resultado alcan\u00e7ado.<\/p><p>Consideramos essencial a articula\u00e7\u00e3o e coordena\u00e7\u00e3o de uma pol\u00edtica de desenvolvimento produtivo, com forte \u00eanfase industrializante, orientada pela sustentabilidade socioambiental, com a gera\u00e7\u00e3o de empregos decentes, qualidade nos postos de trabalho e crescimento dos sal\u00e1rios.<\/p><p>Por isso, todos os anos, os sindicatos celebram cerca de 50 mil acordos e conven\u00e7\u00f5es coletivas em nosso pa\u00eds. Comemoramos os resultados divulgados pelo Dieese: 86% dos contratos coletivos celebrados neste ano contam com aumento salarial e muitas outras conquistas. S\u00e3o esses sindicatos, din\u00e2micos e presentes na vida da classe trabalhadora, que queremos fortes e atualizados para responder aos novos desafios do mundo do trabalho e fortalecer a nossa economia com massa salarial e consumo.<\/p><p>A lei de igualdade salarial entre mulheres e homens nos locais de trabalho \u00e9 outra resposta \u00e0 nossa pauta. Aproveitamos para convocar empresas e representa\u00e7\u00f5es patronais para negocia\u00e7\u00f5es coletivas locais, regionais e nacionais visando implementar essa igualdade.<\/p><p>Novas doen\u00e7as ocupacionais, precariza\u00e7\u00e3o, vulnerabilidade, rotatividade, altas jornadas de trabalho e demiss\u00f5es s\u00e3o, entre outros, desafios sindicais permanentes. O crescimento econ\u00f4mico e o incremento da produtividade devem favorecer a pauta sindical de enfrentamento desses problemas, de crescimento dos sal\u00e1rios e de redu\u00e7\u00e3o da jornada de trabalho.<\/p><p>Apesar da nossa luta, quase metade da classe trabalhadora n\u00e3o conta com direitos trabalhistas, previdenci\u00e1rios, sociais e sindicais. Vamos reverter essa situa\u00e7\u00e3o. Por isso mesmo, priorizamos construir, na mesa de negocia\u00e7\u00e3o tripartite, o acordo hist\u00f3rico que garante ao motorista aut\u00f4nomo as prote\u00e7\u00f5es previdenci\u00e1ria e trabalhista, trabalho decente, piso de remunera\u00e7\u00e3o, direito e acesso \u00e0 informa\u00e7\u00e3o, capacidade de organiza\u00e7\u00e3o sindical e direito de representa\u00e7\u00e3o e de contrata\u00e7\u00e3o coletiva, agora em debate no Congresso por meio do PLC 12\/2024. Vamos lutar para aprovar esse acordo no Parlamento, porque \u00e9 exemplo hist\u00f3rico de que todos, independentemente da forma de rela\u00e7\u00e3o de trabalho, devem ter direitos e prote\u00e7\u00f5es.<\/p><p>Neste 1\u00ba de Maio, reafirmamos nosso projeto de fortalecimento da negocia\u00e7\u00e3o coletiva em todos os n\u00edveis e \u00e2mbitos, inclusive no setor p\u00fablico, para responder com seguran\u00e7a e criatividade \u00e0s profundas mudan\u00e7as que ocorrem no mundo do trabalho. Propomos criar um Conselho de Promo\u00e7\u00e3o da Negocia\u00e7\u00e3o Coletiva e um sistema aut\u00f4nomo para cada parte gerir seu sistema sindical.<\/p><p>Consideramos urgente tratar das pol\u00edticas para os aposentados, da corre\u00e7\u00e3o da tabela do Imposto de Renda, da valoriza\u00e7\u00e3o do servi\u00e7o p\u00fablico e da reorganiza\u00e7\u00e3o do sistema p\u00fablico de emprego, trabalho e renda. H\u00e1 muito por lutar e conquistar. Viva o 1\u00ba de Maio, por democracia e direitos!<\/p><p><em><strong>S\u00e9rgio Nobre<\/strong><\/em><br \/><em><strong>CUT<\/strong><\/em><\/p><p><em><strong>Miguel Torres<\/strong><\/em><br \/><em><strong>For\u00e7a Sindical<\/strong><\/em><\/p><p><em><strong>Ricardo Patah<\/strong><\/em><br \/><em><strong>UGT<\/strong><\/em><\/p><p><em><strong>Adilson Ara\u00fajo<\/strong><\/em><br \/><em><strong>CTB<\/strong><\/em><\/p><p><em><strong>Moacyr Roberto Tesch Auersvald<\/strong><\/em><br \/><em><strong>NCST<\/strong><\/em><\/p><p><em><strong>Antonio Neto<\/strong><\/em><br \/><em><strong>CSB<\/strong><\/em><\/p><p><em><strong>Nilza Pereira<\/strong><\/em><br \/><em><strong>Intersindical Central da Classe Trabalhadora<\/strong><\/em><\/p><p><em><strong>Jos\u00e9 Gozze<\/strong><\/em><br \/><em><strong>P\u00fablica Central do Servidor<\/strong><\/em><\/p>\t\t\t\t\t\t<\/div>\n\t\t\t\t<\/div>\n\t\t\t\t\t<\/div>\n\t\t<\/div>\n\t\t\t\t\t\t\t<\/div>\n\t\t<\/section>\n\t\t\t\t\t\t<\/div>\n\t\t\t\t\t<\/div>\n\t\t","protected":false},"excerpt":{"rendered":"<p>1\u00ba de Maio refor\u00e7a luta por democracia e direitos Urge uma pol\u00edtica de desenvolvimento produtivo, com \u00eanfase industrializante Os sindicatos est\u00e3o no nascedouro da democracia moderna e na implementa\u00e7\u00e3o das regras e institui\u00e7\u00f5es do Estado democr\u00e1tico de Direito em muitos pa\u00edses nestes dois s\u00e9culos. As democracias t\u00eam sido duramente atacadas pela ultradireita, pelo fascismo e [&hellip;]<\/p>\n","protected":false},"author":1,"featured_media":0,"comment_status":"closed","ping_status":"closed","sticky":false,"template":"elementor_canvas","format":"standard","meta":{"footnotes":""},"categories":[15],"tags":[],"_links":{"self":[{"href":"https:\/\/quimicositapetininga.org.br\/index.php?rest_route=\/wp\/v2\/posts\/2160"}],"collection":[{"href":"https:\/\/quimicositapetininga.org.br\/index.php?rest_route=\/wp\/v2\/posts"}],"about":[{"href":"https:\/\/quimicositapetininga.org.br\/index.php?rest_route=\/wp\/v2\/types\/post"}],"author":[{"embeddable":true,"href":"https:\/\/quimicositapetininga.org.br\/index.php?rest_route=\/wp\/v2\/users\/1"}],"replies":[{"embeddable":true,"href":"https:\/\/quimicositapetininga.org.br\/index.php?rest_route=%2Fwp%2Fv2%2Fcomments&post=2160"}],"version-history":[{"count":7,"href":"https:\/\/quimicositapetininga.org.br\/index.php?rest_route=\/wp\/v2\/posts\/2160\/revisions"}],"predecessor-version":[{"id":2169,"href":"https:\/\/quimicositapetininga.org.br\/index.php?rest_route=\/wp\/v2\/posts\/2160\/revisions\/2169"}],"wp:attachment":[{"href":"https:\/\/quimicositapetininga.org.br\/index.php?rest_route=%2Fwp%2Fv2%2Fmedia&parent=2160"}],"wp:term":[{"taxonomy":"category","embeddable":true,"href":"https:\/\/quimicositapetininga.org.br\/index.php?rest_route=%2Fwp%2Fv2%2Fcategories&post=2160"},{"taxonomy":"post_tag","embeddable":true,"href":"https:\/\/quimicositapetininga.org.br\/index.php?rest_route=%2Fwp%2Fv2%2Ftags&post=2160"}],"curies":[{"name":"wp","href":"https:\/\/api.w.org\/{rel}","templated":true}]}}