{"id":2149,"date":"2024-04-20T00:32:26","date_gmt":"2024-04-20T00:32:26","guid":{"rendered":"https:\/\/quimicositapetininga.org.br\/?p=2149"},"modified":"2024-04-20T00:35:25","modified_gmt":"2024-04-20T00:35:25","slug":"senado-aprova-isencao-do-ir-para-dois-salarios-minimos","status":"publish","type":"post","link":"https:\/\/quimicositapetininga.org.br\/?p=2149","title":{"rendered":"Senado aprova isen\u00e7\u00e3o do IR para dois sal\u00e1rios m\u00ednimos"},"content":{"rendered":"\t\t<div data-elementor-type=\"wp-post\" data-elementor-id=\"2149\" class=\"elementor elementor-2149\" data-elementor-settings=\"[]\">\n\t\t\t\t\t\t\t<div class=\"elementor-section-wrap\">\n\t\t\t\t\t\t\t<section class=\"elementor-section elementor-top-section elementor-element elementor-element-50f282f elementor-section-boxed elementor-section-height-default elementor-section-height-default\" data-id=\"50f282f\" data-element_type=\"section\">\n\t\t\t\t\t\t<div class=\"elementor-container elementor-column-gap-default\">\n\t\t\t\t\t<div class=\"elementor-column elementor-col-100 elementor-top-column elementor-element elementor-element-5de6f5f\" data-id=\"5de6f5f\" data-element_type=\"column\">\n\t\t\t<div class=\"elementor-widget-wrap elementor-element-populated\">\n\t\t\t\t\t\t\t\t<div class=\"elementor-element elementor-element-4855543 elementor-widget elementor-widget-heading\" data-id=\"4855543\" data-element_type=\"widget\" data-widget_type=\"heading.default\">\n\t\t\t\t<div class=\"elementor-widget-container\">\n\t\t\t<style>\/*! elementor - v3.5.3 - 28-12-2021 *\/\n.elementor-heading-title{padding:0;margin:0;line-height:1}.elementor-widget-heading .elementor-heading-title[class*=elementor-size-]>a{color:inherit;font-size:inherit;line-height:inherit}.elementor-widget-heading .elementor-heading-title.elementor-size-small{font-size:15px}.elementor-widget-heading .elementor-heading-title.elementor-size-medium{font-size:19px}.elementor-widget-heading .elementor-heading-title.elementor-size-large{font-size:29px}.elementor-widget-heading .elementor-heading-title.elementor-size-xl{font-size:39px}.elementor-widget-heading .elementor-heading-title.elementor-size-xxl{font-size:59px}<\/style><h2 class=\"elementor-heading-title elementor-size-xl\">Senado aprova isen\u00e7\u00e3o do IR para dois sal\u00e1rios m\u00ednimos<\/h2>\t\t<\/div>\n\t\t\t\t<\/div>\n\t\t\t\t\t<\/div>\n\t\t<\/div>\n\t\t\t\t\t\t\t<\/div>\n\t\t<\/section>\n\t\t\t\t<section class=\"elementor-section elementor-top-section elementor-element elementor-element-a56a878 elementor-section-boxed elementor-section-height-default elementor-section-height-default\" data-id=\"a56a878\" data-element_type=\"section\">\n\t\t\t\t\t\t<div class=\"elementor-container elementor-column-gap-default\">\n\t\t\t\t\t<div class=\"elementor-column elementor-col-100 elementor-top-column elementor-element elementor-element-54b1910\" data-id=\"54b1910\" data-element_type=\"column\">\n\t\t\t<div class=\"elementor-widget-wrap elementor-element-populated\">\n\t\t\t\t\t\t\t\t<div class=\"elementor-element elementor-element-a4ece0e elementor-widget elementor-widget-image\" data-id=\"a4ece0e\" data-element_type=\"widget\" data-widget_type=\"image.default\">\n\t\t\t\t<div class=\"elementor-widget-container\">\n\t\t\t<style>\/*! elementor - v3.5.3 - 28-12-2021 *\/\n.elementor-widget-image{text-align:center}.elementor-widget-image a{display:inline-block}.elementor-widget-image a img[src$=\".svg\"]{width:48px}.elementor-widget-image img{vertical-align:middle;display:inline-block}<\/style>\t\t\t\t\t\t\t\t\t\t\t\t<img loading=\"lazy\" decoding=\"async\" width=\"860\" height=\"570\" src=\"https:\/\/quimicositapetininga.org.br\/wp-content\/uploads\/2024\/04\/dinheiro-notas-real-calculadora.jpg\" class=\"attachment-large size-large\" alt=\"\" \/>\t\t\t\t\t\t\t\t\t\t\t\t\t\t\t<\/div>\n\t\t\t\t<\/div>\n\t\t\t\t\t<\/div>\n\t\t<\/div>\n\t\t\t\t\t\t\t<\/div>\n\t\t<\/section>\n\t\t\t\t<section class=\"elementor-section elementor-top-section elementor-element elementor-element-ab4205f elementor-section-boxed elementor-section-height-default elementor-section-height-default\" data-id=\"ab4205f\" data-element_type=\"section\">\n\t\t\t\t\t\t<div class=\"elementor-container elementor-column-gap-default\">\n\t\t\t\t\t<div class=\"elementor-column elementor-col-100 elementor-top-column elementor-element elementor-element-d039806\" data-id=\"d039806\" data-element_type=\"column\">\n\t\t\t<div class=\"elementor-widget-wrap elementor-element-populated\">\n\t\t\t\t\t\t\t\t<div class=\"elementor-element elementor-element-72e7f5a elementor-widget elementor-widget-text-editor\" data-id=\"72e7f5a\" data-element_type=\"widget\" data-widget_type=\"text-editor.default\">\n\t\t\t\t<div class=\"elementor-widget-container\">\n\t\t\t<style>\/*! elementor - v3.5.3 - 28-12-2021 *\/\n.elementor-widget-text-editor.elementor-drop-cap-view-stacked .elementor-drop-cap{background-color:#818a91;color:#fff}.elementor-widget-text-editor.elementor-drop-cap-view-framed .elementor-drop-cap{color:#818a91;border:3px solid;background-color:transparent}.elementor-widget-text-editor:not(.elementor-drop-cap-view-default) .elementor-drop-cap{margin-top:8px}.elementor-widget-text-editor:not(.elementor-drop-cap-view-default) .elementor-drop-cap-letter{width:1em;height:1em}.elementor-widget-text-editor .elementor-drop-cap{float:left;text-align:center;line-height:1;font-size:50px}.elementor-widget-text-editor .elementor-drop-cap-letter{display:inline-block}<\/style>\t\t\t\t<p data-sourcepos=\"5:1-5:378\">Ap\u00f3s aprova\u00e7\u00e3o na C\u00e2mara dos Deputados, o Senado Federal deu o sinal verde nesta quarta-feira (17) para o projeto de lei que eleva a isen\u00e7\u00e3o do Imposto de Renda para quem recebe at\u00e9 dois sal\u00e1rios m\u00ednimos por m\u00eas. A proposta, que agora segue para san\u00e7\u00e3o presidencial, visa corrigir a tabela do IR e atender \u00e0 promessa de campanha do presidente Lula de ampliar a faixa de isen\u00e7\u00e3o.<\/p><p data-sourcepos=\"7:1-7:242\">O novo limite de renda mensal livre do imposto passa para R$ 2.259,20. O valor considera um desconto de 25% sobre o limite anterior, equivalente a R$ 564,80. Somados, os valores resultam em R$ 2.824, o que corresponde a dois sal\u00e1rios m\u00ednimos.<\/p><p data-sourcepos=\"9:1-9:41\"><strong>Isen\u00e7\u00e3o para R$ 5 mil ainda em estudo<\/strong><\/p><p data-sourcepos=\"11:1-11:333\">Apesar do avan\u00e7o, a medida n\u00e3o contempla a isen\u00e7\u00e3o total para rendimentos de at\u00e9 R$ 5 mil, promessa feita por Lula durante a campanha eleitoral. Senadores da oposi\u00e7\u00e3o cobraram o cumprimento integral da proposta, enquanto governistas defenderam a aprova\u00e7\u00e3o gradual da medida, priorizando os trabalhadores de menor renda neste momento.<\/p><p data-sourcepos=\"13:1-13:454\">O l\u00edder do governo no Senado, Jaques Wagner (PT-BA), reconheceu que o valor aprovado n\u00e3o \u00e9 o ideal, mas ressaltou o compromisso do governo em ampliar a faixa de isen\u00e7\u00e3o gradativamente. \u201cO compromisso do presidente Lula \u00e9 que, at\u00e9 o final do mandato, esse valor chegue a R$ 5 mil. No entanto, devido \u00e0 necessidade de responsabilidade fiscal, estamos avan\u00e7ando por etapas, come\u00e7ando pelas faixas mais baixas para beneficiar os mais necessitados\u201d, explicou.<\/p><p data-sourcepos=\"15:1-15:44\"><strong>Medida busca reduzir impacto da infla\u00e7\u00e3o<\/strong><\/p><p data-sourcepos=\"17:1-17:388\">O senador Randolfe Rodrigues (Rede-AP), relator do projeto, enfatizou que a corre\u00e7\u00e3o da tabela do IR visa neutralizar os efeitos da infla\u00e7\u00e3o sobre o sal\u00e1rio m\u00ednimo, evitando a desvaloriza\u00e7\u00e3o do rendimento dos trabalhadores. \u201cA proposta busca parear a incid\u00eancia tribut\u00e1ria com a pol\u00edtica de valoriza\u00e7\u00e3o do sal\u00e1rio m\u00ednimo, garantindo que o trabalhador n\u00e3o perca poder de compra\u201d, destacou.<\/p><p data-sourcepos=\"19:1-19:241\">A aprova\u00e7\u00e3o do projeto \u00e9 vista como um passo importante para aliviar a carga tribut\u00e1ria sobre os brasileiros de baixa renda, especialmente em um contexto de alta dos pre\u00e7os. A medida ainda depende da san\u00e7\u00e3o presidencial para entrar em vigor.<\/p>\t\t\t\t\t\t<\/div>\n\t\t\t\t<\/div>\n\t\t\t\t\t<\/div>\n\t\t<\/div>\n\t\t\t\t\t\t\t<\/div>\n\t\t<\/section>\n\t\t\t\t\t\t<\/div>\n\t\t\t\t\t<\/div>\n\t\t","protected":false},"excerpt":{"rendered":"<p>Senado aprova isen\u00e7\u00e3o do IR para dois sal\u00e1rios m\u00ednimos Ap\u00f3s aprova\u00e7\u00e3o na C\u00e2mara dos Deputados, o Senado Federal deu o sinal verde nesta quarta-feira (17) para o projeto de lei que eleva a isen\u00e7\u00e3o do Imposto de Renda para quem recebe at\u00e9 dois sal\u00e1rios m\u00ednimos por m\u00eas. A proposta, que agora segue para san\u00e7\u00e3o presidencial, [&hellip;]<\/p>\n","protected":false},"author":1,"featured_media":0,"comment_status":"closed","ping_status":"closed","sticky":false,"template":"elementor_canvas","format":"standard","meta":{"footnotes":""},"categories":[2],"tags":[],"_links":{"self":[{"href":"https:\/\/quimicositapetininga.org.br\/index.php?rest_route=\/wp\/v2\/posts\/2149"}],"collection":[{"href":"https:\/\/quimicositapetininga.org.br\/index.php?rest_route=\/wp\/v2\/posts"}],"about":[{"href":"https:\/\/quimicositapetininga.org.br\/index.php?rest_route=\/wp\/v2\/types\/post"}],"author":[{"embeddable":true,"href":"https:\/\/quimicositapetininga.org.br\/index.php?rest_route=\/wp\/v2\/users\/1"}],"replies":[{"embeddable":true,"href":"https:\/\/quimicositapetininga.org.br\/index.php?rest_route=%2Fwp%2Fv2%2Fcomments&post=2149"}],"version-history":[{"count":4,"href":"https:\/\/quimicositapetininga.org.br\/index.php?rest_route=\/wp\/v2\/posts\/2149\/revisions"}],"predecessor-version":[{"id":2155,"href":"https:\/\/quimicositapetininga.org.br\/index.php?rest_route=\/wp\/v2\/posts\/2149\/revisions\/2155"}],"wp:attachment":[{"href":"https:\/\/quimicositapetininga.org.br\/index.php?rest_route=%2Fwp%2Fv2%2Fmedia&parent=2149"}],"wp:term":[{"taxonomy":"category","embeddable":true,"href":"https:\/\/quimicositapetininga.org.br\/index.php?rest_route=%2Fwp%2Fv2%2Fcategories&post=2149"},{"taxonomy":"post_tag","embeddable":true,"href":"https:\/\/quimicositapetininga.org.br\/index.php?rest_route=%2Fwp%2Fv2%2Ftags&post=2149"}],"curies":[{"name":"wp","href":"https:\/\/api.w.org\/{rel}","templated":true}]}}