{"id":2141,"date":"2024-03-28T01:17:15","date_gmt":"2024-03-28T01:17:15","guid":{"rendered":"https:\/\/quimicositapetininga.org.br\/?p=2141"},"modified":"2024-03-28T01:20:03","modified_gmt":"2024-03-28T01:20:03","slug":"remedios-devem-ter-reajuste-de-45-a-partir-de-1o-de-abril","status":"publish","type":"post","link":"https:\/\/quimicositapetininga.org.br\/?p=2141","title":{"rendered":"Rem\u00e9dios devem ter reajuste de 4,5% a partir de 1\u00ba de abril"},"content":{"rendered":"\t\t<div data-elementor-type=\"wp-post\" data-elementor-id=\"2141\" class=\"elementor elementor-2141\" data-elementor-settings=\"[]\">\n\t\t\t\t\t\t\t<div class=\"elementor-section-wrap\">\n\t\t\t\t\t\t\t<section class=\"elementor-section elementor-top-section elementor-element elementor-element-8d8cea5 elementor-section-boxed elementor-section-height-default elementor-section-height-default\" data-id=\"8d8cea5\" data-element_type=\"section\">\n\t\t\t\t\t\t<div class=\"elementor-container elementor-column-gap-default\">\n\t\t\t\t\t<div class=\"elementor-column elementor-col-100 elementor-top-column elementor-element elementor-element-e63aab8\" data-id=\"e63aab8\" data-element_type=\"column\">\n\t\t\t<div class=\"elementor-widget-wrap elementor-element-populated\">\n\t\t\t\t\t\t\t\t<div class=\"elementor-element elementor-element-1ce8dec elementor-widget elementor-widget-heading\" data-id=\"1ce8dec\" data-element_type=\"widget\" data-widget_type=\"heading.default\">\n\t\t\t\t<div class=\"elementor-widget-container\">\n\t\t\t<style>\/*! elementor - v3.5.3 - 28-12-2021 *\/\n.elementor-heading-title{padding:0;margin:0;line-height:1}.elementor-widget-heading .elementor-heading-title[class*=elementor-size-]>a{color:inherit;font-size:inherit;line-height:inherit}.elementor-widget-heading .elementor-heading-title.elementor-size-small{font-size:15px}.elementor-widget-heading .elementor-heading-title.elementor-size-medium{font-size:19px}.elementor-widget-heading .elementor-heading-title.elementor-size-large{font-size:29px}.elementor-widget-heading .elementor-heading-title.elementor-size-xl{font-size:39px}.elementor-widget-heading .elementor-heading-title.elementor-size-xxl{font-size:59px}<\/style><h2 class=\"elementor-heading-title elementor-size-xl\">Rem\u00e9dios devem ter reajuste de 4,5% a partir de 1\u00ba de abril<\/h2>\t\t<\/div>\n\t\t\t\t<\/div>\n\t\t\t\t\t<\/div>\n\t\t<\/div>\n\t\t\t\t\t\t\t<\/div>\n\t\t<\/section>\n\t\t\t\t<section class=\"elementor-section elementor-top-section elementor-element elementor-element-3571707 elementor-section-boxed elementor-section-height-default elementor-section-height-default\" data-id=\"3571707\" data-element_type=\"section\">\n\t\t\t\t\t\t<div class=\"elementor-container elementor-column-gap-default\">\n\t\t\t\t\t<div class=\"elementor-column elementor-col-100 elementor-top-column elementor-element elementor-element-0a08214\" data-id=\"0a08214\" data-element_type=\"column\">\n\t\t\t<div class=\"elementor-widget-wrap elementor-element-populated\">\n\t\t\t\t\t\t\t\t<div class=\"elementor-element elementor-element-2ecff5d elementor-widget elementor-widget-image\" data-id=\"2ecff5d\" data-element_type=\"widget\" data-widget_type=\"image.default\">\n\t\t\t\t<div class=\"elementor-widget-container\">\n\t\t\t<style>\/*! elementor - v3.5.3 - 28-12-2021 *\/\n.elementor-widget-image{text-align:center}.elementor-widget-image a{display:inline-block}.elementor-widget-image a img[src$=\".svg\"]{width:48px}.elementor-widget-image img{vertical-align:middle;display:inline-block}<\/style>\t\t\t\t\t\t\t\t\t\t\t\t<img loading=\"lazy\" decoding=\"async\" width=\"696\" height=\"392\" src=\"https:\/\/quimicositapetininga.org.br\/wp-content\/uploads\/2024\/03\/remedios-696x392-1.jpg\" class=\"attachment-large size-large\" alt=\"\" \/>\t\t\t\t\t\t\t\t\t\t\t\t\t\t\t<\/div>\n\t\t\t\t<\/div>\n\t\t\t\t\t<\/div>\n\t\t<\/div>\n\t\t\t\t\t\t\t<\/div>\n\t\t<\/section>\n\t\t\t\t<section class=\"elementor-section elementor-top-section elementor-element elementor-element-8e7271a elementor-section-boxed elementor-section-height-default elementor-section-height-default\" data-id=\"8e7271a\" data-element_type=\"section\">\n\t\t\t\t\t\t<div class=\"elementor-container elementor-column-gap-default\">\n\t\t\t\t\t<div class=\"elementor-column elementor-col-100 elementor-top-column elementor-element elementor-element-83ace42\" data-id=\"83ace42\" data-element_type=\"column\">\n\t\t\t<div class=\"elementor-widget-wrap elementor-element-populated\">\n\t\t\t\t\t\t\t\t<div class=\"elementor-element elementor-element-9bb1ecd elementor-widget elementor-widget-text-editor\" data-id=\"9bb1ecd\" data-element_type=\"widget\" data-widget_type=\"text-editor.default\">\n\t\t\t\t<div class=\"elementor-widget-container\">\n\t\t\t<style>\/*! elementor - v3.5.3 - 28-12-2021 *\/\n.elementor-widget-text-editor.elementor-drop-cap-view-stacked .elementor-drop-cap{background-color:#818a91;color:#fff}.elementor-widget-text-editor.elementor-drop-cap-view-framed .elementor-drop-cap{color:#818a91;border:3px solid;background-color:transparent}.elementor-widget-text-editor:not(.elementor-drop-cap-view-default) .elementor-drop-cap{margin-top:8px}.elementor-widget-text-editor:not(.elementor-drop-cap-view-default) .elementor-drop-cap-letter{width:1em;height:1em}.elementor-widget-text-editor .elementor-drop-cap{float:left;text-align:center;line-height:1;font-size:50px}.elementor-widget-text-editor .elementor-drop-cap-letter{display:inline-block}<\/style>\t\t\t\t<p>Os medicamentos devem ter reajuste de 4,5% neste ano, estimativa do Sindusfarma (Sindicato da Ind\u00fastria de Produtos Farmac\u00eauticos), que representa a ind\u00fastria farmac\u00eautica.<\/p><p>O aumento costuma ser publicado no \u00faltimo dia \u00fatil de mar\u00e7o, mas em virtude do feriado da Semana Santa existe a possibilidade de o an\u00fancio ser feito at\u00e9 quinta-feira (28).<\/p><p>O aumento entra em vigor a partir de 1\u00ba de abril, ap\u00f3s a oficializa\u00e7\u00e3o do ajuste pela Cmed (C\u00e2mara de Regula\u00e7\u00e3o do Mercado de Medicamentos).<\/p><p>O aumento \u00e9 anual e leva em considera\u00e7\u00e3o um c\u00e1lculo que considera a infla\u00e7\u00e3o no per\u00edodo medida pelo IPCA (\u00cdndice Nacional de Pre\u00e7os ao Consumidor Amplo), que ficou em 4,5% em fevereiro no acumulado dos \u00faltimos 12 meses.<\/p><p>Os outros \u00edndices usados na conta da ind\u00fastria farmac\u00eautica, como produtividade do setor, custos de produ\u00e7\u00e3o n\u00e3o captados pelo IPCA e promo\u00e7\u00e3o de concorr\u00eancia, foram estabelecidos como zero pela Cmed, em resolu\u00e7\u00e3o anunciada em fevereiro.<\/p><p>Em 2024, n\u00e3o haver\u00e1 distin\u00e7\u00e3o de aumento em tr\u00eas faixas como j\u00e1 ocorreu em anos anteriores, indicando medicamentos por meio da competitividade do mercado, se mais competitivo, moderadamente concentrado ou muito competitivo.<\/p><p>Embora seja autorizado a ser praticado a partir de 1\u00ba de abril, o reajuste n\u00e3o \u00e9 imediato, j\u00e1 que depende de cada farm\u00e1cia e da pr\u00f3pria ind\u00fastria farmac\u00eautica.<\/p><p>Em termos num\u00e9ricos, o aumento \u00e9 o menor desde que teve in\u00edcio a pandemia de Covid-19, em mar\u00e7o de 2020. Naquele ano, o reajuste foi de 4,08%, mas ainda n\u00e3o havia sido impactado pela pandemia.<\/p><p>Depois disso, foram dois anos seguidos de alta, chegando a atingir 10,89% em 2022, maior patamar desde 2016. No ano passado, o reajuste foi menor e caiu para 5,6%.<\/p><p><strong>FARM\u00c1CIAS ANUNCIAM PROMO\u00c7\u00d5ES; ANALISTAS RECOMENDAM PESQUISA<\/strong><\/p><p>Nas lojas em S\u00e3o Paulo e nos sites, grandes redes do setor como Drogasil, Farm\u00e1cias Pague Menos, Drogaria S\u00e3o Paulo, Droga Raia e Drogaria Pacheco, al\u00e9m das farm\u00e1cias de bairro anunciam promo\u00e7\u00f5es para medicamentos antes do reajuste anual. Os descontos chegam a at\u00e9 90% em alguns casos.<\/p><p>\u201c\u00c9 importante o consumidor pesquisar nas farm\u00e1cias e drogarias as melhores ofertas dos medicamentos. Dependendo da reposi\u00e7\u00e3o de estoques e das estrat\u00e9gias comerciais, aumentos de pre\u00e7os podem demorar meses ou nem acontecer\u201d, afirma Nelson Mussolini, presidente da Sindusfarma (Sindicato da Ind\u00fastria de Produtos Farmac\u00eauticos).<\/p><p>O presidente da Abefin (Associa\u00e7\u00e3o Brasileira de Educadores Financeiros), Reinaldo Domingos, recomenda que os consumidores evitem comprar por impulso, pesquisem pre\u00e7os de gen\u00e9ricos ou similares e fa\u00e7am o cadastro no programa Farm\u00e1cia Popular.<\/p><p>\u201cA grande maioria das farm\u00e1cias possui ainda programas de fidelidades com grandes benef\u00edcios. Al\u00e9m disto existem os programas dos laborat\u00f3rios, fa\u00e7a seu cadastro, pois s\u00e3o aceitos em muitas farm\u00e1cias, gerando economia de at\u00e9 70%\u201d, comenta Domingos.<\/p><p><strong>E SE O REM\u00c9DIO SUBIR ACIMA DE 4,5%?<\/strong><\/p><p>Caso o consumidor note um aumento maior do que o estabelecido, ele deve denunciar \u00e0 Cmed por meio dos canais de comunica\u00e7\u00e3o da Anvisa.<\/p><p>Ele tamb\u00e9m precisar\u00e1 entregar uma s\u00e9rie de documentos na den\u00fancia<\/p><p>\u2022\u00a0\u00a0\u00a0\u00a0\u00a0\u00a0\u00a0\u00a0\u00a0\u00a0\u00a0\u00a0 C\u00f3pia da Ata de Registro de Pre\u00e7os, ou documento equivalente, onde conste o produto adquirido, o n\u00famero de registro na Anvisa, descri\u00e7\u00e3o da apresenta\u00e7\u00e3o do medicamento, identifica\u00e7\u00e3o do fornecedor, pre\u00e7o previsto para a aquisi\u00e7\u00e3o e pre\u00e7o obtido no certame<\/p><p>\u2022\u00a0\u00a0\u00a0\u00a0\u00a0\u00a0\u00a0\u00a0\u00a0\u00a0\u00a0\u00a0 C\u00f3pia da decis\u00e3o judicial (quando for o caso)<\/p><p>\u2022\u00a0\u00a0\u00a0\u00a0\u00a0\u00a0\u00a0\u00a0\u00a0\u00a0\u00a0\u00a0 C\u00f3pia das propostas apresentadas por cada uma das empresas participantes da licita\u00e7\u00e3o<\/p><p>\u2022\u00a0\u00a0\u00a0\u00a0\u00a0\u00a0\u00a0\u00a0\u00a0\u00a0\u00a0\u00a0 C\u00f3pia da nota fiscal<\/p><p>\u2022\u00a0\u00a0\u00a0\u00a0\u00a0\u00a0\u00a0\u00a0\u00a0\u00a0\u00a0\u00a0 Havendo recusa em cotar pre\u00e7os PMVG (Pre\u00e7o M\u00e1ximo de Venda ao Governo), dever\u00e3o ser encaminhadas, al\u00e9m dos documentos acima citados, a solicita\u00e7\u00e3o de cota\u00e7\u00e3o do \u00f3rg\u00e3o respons\u00e1vel pela aquisi\u00e7\u00e3o pretendida e, se houver, a recusa do fornecedor em cotar pre\u00e7os tendo como base o PMVG<\/p><p>\u2022\u00a0\u00a0\u00a0\u00a0\u00a0\u00a0\u00a0\u00a0\u00a0\u00a0\u00a0\u00a0 C\u00f3pia de documento que comprove a exist\u00eancia de contrato que verse sobre a concess\u00e3o de direitos exclusivos sobre a venda firmado entre empresa produtora de medicamentos e distribuidora, se houver<\/p><p>\u2022\u00a0\u00a0\u00a0\u00a0\u00a0\u00a0\u00a0\u00a0\u00a0\u00a0\u00a0\u00a0 Qualquer outro documento que o denunciante julgar conveniente<\/p><p><strong>SEGUNDO AUMENTO NO ANO EM PARTE DO PA\u00cdS<\/strong><\/p><p>Al\u00e9m do reajuste anual, os rem\u00e9dios j\u00e1 tiveram o pre\u00e7o reajustado neste ano em parte do pa\u00eds por causa do aumento do ICMS (Imposto sobre Circula\u00e7\u00e3o de Mercadorias e Servi\u00e7os). No total, 10 estados e o Distrito Federal anunciaram mudan\u00e7a no tributo, com aumento entre 1% e 2%, que seria repassado ao consumidor.<\/p><p>Cear\u00e1, Distrito Federal, Para\u00edba, Pernambuco, Rond\u00f4nia e Tocantins alteraram a al\u00edquota em janeiro. No m\u00eas seguinte, foi a vez de Bahia e Maranh\u00e3o. Em mar\u00e7o, Paran\u00e1 e Rio de Janeiro tiveram o reajuste. Em abril, ser\u00e1 a vez de Goi\u00e1s.<\/p><p>A Abrafarma (Associa\u00e7\u00e3o Brasileira de Redes de Farm\u00e1cias e Drogarias), que re\u00fane 30 empresas do setor, tratou o aumento como \u201csanha arrecadat\u00f3ria\u201d e afirmou que a alega\u00e7\u00e3o dos estados de perda de arrecada\u00e7\u00e3o n\u00e3o justifica o reajuste. \u201c\u00c9 uma alega\u00e7\u00e3o muito rasa que n\u00e3o leva em conta os impactos sobre o consumo de medicamentos e o acesso \u00e0 sa\u00fade\u201d, disse a entidade.<\/p><p>Fonte: Folha de S. Paulo (26\/03\/2024)<\/p>\t\t\t\t\t\t<\/div>\n\t\t\t\t<\/div>\n\t\t\t\t\t<\/div>\n\t\t<\/div>\n\t\t\t\t\t\t\t<\/div>\n\t\t<\/section>\n\t\t\t\t\t\t<\/div>\n\t\t\t\t\t<\/div>\n\t\t","protected":false},"excerpt":{"rendered":"<p>Rem\u00e9dios devem ter reajuste de 4,5% a partir de 1\u00ba de abril Os medicamentos devem ter reajuste de 4,5% neste ano, estimativa do Sindusfarma (Sindicato da Ind\u00fastria de Produtos Farmac\u00eauticos), que representa a ind\u00fastria farmac\u00eautica. O aumento costuma ser publicado no \u00faltimo dia \u00fatil de mar\u00e7o, mas em virtude do feriado da Semana Santa existe [&hellip;]<\/p>\n","protected":false},"author":1,"featured_media":0,"comment_status":"closed","ping_status":"closed","sticky":false,"template":"elementor_canvas","format":"standard","meta":{"footnotes":""},"categories":[2],"tags":[],"_links":{"self":[{"href":"https:\/\/quimicositapetininga.org.br\/index.php?rest_route=\/wp\/v2\/posts\/2141"}],"collection":[{"href":"https:\/\/quimicositapetininga.org.br\/index.php?rest_route=\/wp\/v2\/posts"}],"about":[{"href":"https:\/\/quimicositapetininga.org.br\/index.php?rest_route=\/wp\/v2\/types\/post"}],"author":[{"embeddable":true,"href":"https:\/\/quimicositapetininga.org.br\/index.php?rest_route=\/wp\/v2\/users\/1"}],"replies":[{"embeddable":true,"href":"https:\/\/quimicositapetininga.org.br\/index.php?rest_route=%2Fwp%2Fv2%2Fcomments&post=2141"}],"version-history":[{"count":4,"href":"https:\/\/quimicositapetininga.org.br\/index.php?rest_route=\/wp\/v2\/posts\/2141\/revisions"}],"predecessor-version":[{"id":2147,"href":"https:\/\/quimicositapetininga.org.br\/index.php?rest_route=\/wp\/v2\/posts\/2141\/revisions\/2147"}],"wp:attachment":[{"href":"https:\/\/quimicositapetininga.org.br\/index.php?rest_route=%2Fwp%2Fv2%2Fmedia&parent=2141"}],"wp:term":[{"taxonomy":"category","embeddable":true,"href":"https:\/\/quimicositapetininga.org.br\/index.php?rest_route=%2Fwp%2Fv2%2Fcategories&post=2141"},{"taxonomy":"post_tag","embeddable":true,"href":"https:\/\/quimicositapetininga.org.br\/index.php?rest_route=%2Fwp%2Fv2%2Ftags&post=2141"}],"curies":[{"name":"wp","href":"https:\/\/api.w.org\/{rel}","templated":true}]}}