{"id":2134,"date":"2024-03-28T01:08:19","date_gmt":"2024-03-28T01:08:19","guid":{"rendered":"https:\/\/quimicositapetininga.org.br\/?p=2134"},"modified":"2024-03-28T01:11:07","modified_gmt":"2024-03-28T01:11:07","slug":"stf-decide-contra-validade-da-revisao-da-vida-toda-sindicato-lamenta","status":"publish","type":"post","link":"https:\/\/quimicositapetininga.org.br\/?p=2134","title":{"rendered":"STF decide contra validade da \u201crevis\u00e3o da vida toda\u201d; Sindicato lamenta"},"content":{"rendered":"\t\t<div data-elementor-type=\"wp-post\" data-elementor-id=\"2134\" class=\"elementor elementor-2134\" data-elementor-settings=\"[]\">\n\t\t\t\t\t\t\t<div class=\"elementor-section-wrap\">\n\t\t\t\t\t\t\t<section class=\"elementor-section elementor-top-section elementor-element elementor-element-0a06ef7 elementor-section-boxed elementor-section-height-default elementor-section-height-default\" data-id=\"0a06ef7\" data-element_type=\"section\">\n\t\t\t\t\t\t<div class=\"elementor-container elementor-column-gap-default\">\n\t\t\t\t\t<div class=\"elementor-column elementor-col-100 elementor-top-column elementor-element elementor-element-6d42608\" data-id=\"6d42608\" data-element_type=\"column\">\n\t\t\t<div class=\"elementor-widget-wrap elementor-element-populated\">\n\t\t\t\t\t\t\t\t<div class=\"elementor-element elementor-element-f28de40 elementor-widget elementor-widget-heading\" data-id=\"f28de40\" data-element_type=\"widget\" data-widget_type=\"heading.default\">\n\t\t\t\t<div class=\"elementor-widget-container\">\n\t\t\t<style>\/*! elementor - v3.5.3 - 28-12-2021 *\/\n.elementor-heading-title{padding:0;margin:0;line-height:1}.elementor-widget-heading .elementor-heading-title[class*=elementor-size-]>a{color:inherit;font-size:inherit;line-height:inherit}.elementor-widget-heading .elementor-heading-title.elementor-size-small{font-size:15px}.elementor-widget-heading .elementor-heading-title.elementor-size-medium{font-size:19px}.elementor-widget-heading .elementor-heading-title.elementor-size-large{font-size:29px}.elementor-widget-heading .elementor-heading-title.elementor-size-xl{font-size:39px}.elementor-widget-heading .elementor-heading-title.elementor-size-xxl{font-size:59px}<\/style><h2 class=\"elementor-heading-title elementor-size-xl\">STF decide contra validade da \u201crevis\u00e3o da vida toda\u201d; Sindicato lamenta<\/h2>\t\t<\/div>\n\t\t\t\t<\/div>\n\t\t\t\t\t<\/div>\n\t\t<\/div>\n\t\t\t\t\t\t\t<\/div>\n\t\t<\/section>\n\t\t\t\t<section class=\"elementor-section elementor-top-section elementor-element elementor-element-3c6eb02 elementor-section-boxed elementor-section-height-default elementor-section-height-default\" data-id=\"3c6eb02\" data-element_type=\"section\">\n\t\t\t\t\t\t<div class=\"elementor-container elementor-column-gap-default\">\n\t\t\t\t\t<div class=\"elementor-column elementor-col-100 elementor-top-column elementor-element elementor-element-4c0127d\" data-id=\"4c0127d\" data-element_type=\"column\">\n\t\t\t<div class=\"elementor-widget-wrap elementor-element-populated\">\n\t\t\t\t\t\t\t\t<div class=\"elementor-element elementor-element-3180734 elementor-widget elementor-widget-image\" data-id=\"3180734\" data-element_type=\"widget\" data-widget_type=\"image.default\">\n\t\t\t\t<div class=\"elementor-widget-container\">\n\t\t\t<style>\/*! elementor - v3.5.3 - 28-12-2021 *\/\n.elementor-widget-image{text-align:center}.elementor-widget-image a{display:inline-block}.elementor-widget-image a img[src$=\".svg\"]{width:48px}.elementor-widget-image img{vertical-align:middle;display:inline-block}<\/style>\t\t\t\t\t\t\t\t\t\t\t\t<img loading=\"lazy\" decoding=\"async\" width=\"1024\" height=\"683\" src=\"https:\/\/quimicositapetininga.org.br\/wp-content\/uploads\/2024\/03\/STF-invalida-revisao-para-a-vida-toda-1536x1024-1.jpg\" class=\"attachment-large size-large\" alt=\"\" \/>\t\t\t\t\t\t\t\t\t\t\t\t\t\t\t<\/div>\n\t\t\t\t<\/div>\n\t\t\t\t\t<\/div>\n\t\t<\/div>\n\t\t\t\t\t\t\t<\/div>\n\t\t<\/section>\n\t\t\t\t<section class=\"elementor-section elementor-top-section elementor-element elementor-element-4536203 elementor-section-boxed elementor-section-height-default elementor-section-height-default\" data-id=\"4536203\" data-element_type=\"section\">\n\t\t\t\t\t\t<div class=\"elementor-container elementor-column-gap-default\">\n\t\t\t\t\t<div class=\"elementor-column elementor-col-100 elementor-top-column elementor-element elementor-element-9af3b85\" data-id=\"9af3b85\" data-element_type=\"column\">\n\t\t\t<div class=\"elementor-widget-wrap elementor-element-populated\">\n\t\t\t\t\t\t\t\t<div class=\"elementor-element elementor-element-9ce79b6 elementor-widget elementor-widget-text-editor\" data-id=\"9ce79b6\" data-element_type=\"widget\" data-widget_type=\"text-editor.default\">\n\t\t\t\t<div class=\"elementor-widget-container\">\n\t\t\t<style>\/*! elementor - v3.5.3 - 28-12-2021 *\/\n.elementor-widget-text-editor.elementor-drop-cap-view-stacked .elementor-drop-cap{background-color:#818a91;color:#fff}.elementor-widget-text-editor.elementor-drop-cap-view-framed .elementor-drop-cap{color:#818a91;border:3px solid;background-color:transparent}.elementor-widget-text-editor:not(.elementor-drop-cap-view-default) .elementor-drop-cap{margin-top:8px}.elementor-widget-text-editor:not(.elementor-drop-cap-view-default) .elementor-drop-cap-letter{width:1em;height:1em}.elementor-widget-text-editor .elementor-drop-cap{float:left;text-align:center;line-height:1;font-size:50px}.elementor-widget-text-editor .elementor-drop-cap-letter{display:inline-block}<\/style>\t\t\t\t<p>O Supremo Tribunal Federal decidiu nesta quinta-feira (21) contra a validade da chamada \u201crevis\u00e3o da vida toda\u201d. A corte voltou atr\u00e1s no\u00a0<a href=\"https:\/\/radiopeaobrasil.com.br\/supremo-aprova-revisao-de-toda-vida-de-aposentadorias-2\/\" target=\"_blank\" rel=\"noopener\">entendimento firmado sobre o tema em 2022<\/a>, quando decidiu, por 6 votos a 5, oferecer aos aposentados que se enquadram na regra de transi\u00e7\u00e3o prevista na Lei 9.876\/1999 a possibilidade de usar todas as contribui\u00e7\u00f5es, inclusive as anteriores a 1994, caso fosse mais ben\u00e9fico. Na ocasi\u00e3o, o tribunal analisou, em repercuss\u00e3o geral, o RE 1.276.977.<\/p><p>A decis\u00e3o desta quinta foi dada em duas a\u00e7\u00f5es diretas de inconstitucionalidade que tratavam, entre outras coisas, da regra de transi\u00e7\u00e3o prevista na lei de 1999.\u00a0A maioria, puxada pelo posicionamento do ministro Cristiano Zanin, entendeu que os aposentados n\u00e3o podem mais optar entre utilizar ou n\u00e3o as contribui\u00e7\u00f5es anteriores ao Plano Real.<\/p><h2>Inseguran\u00e7a jur\u00eddica<\/h2><p>O\u00a0<a href=\"https:\/\/sindicatodosaposentados.org.br\/\" target=\"_blank\" rel=\"noopener\">Sindicato Nacional dos Aposentados (Sindnapi)<\/a>\u00a0reagiu e disse que a decis\u00e3o \u00e9 \u201clament\u00e1vel\u201d. Em nota divulgada nesta sexta (22), o Sindicato afirmou que a decis\u00e3o: \u201cimpossibilita o aposentado de escolher o melhor c\u00e1lculo de seu benef\u00edcio\u201d e que ao conceder um direito e depois retir\u00e1-lo, o Supremo estaria gerando \u201cinseguran\u00e7a jur\u00eddica\u201d.<\/p><h2>Leia abaixo a nota:<\/h2><blockquote><p><strong>Indigna\u00e7\u00e3o<\/strong><\/p><p>Lament\u00e1vel a decis\u00e3o do STF em julgamento das duas a\u00e7\u00f5es diretas de inconstitucionalidade (ADIs) que estavam paradas desde 1999 no Supremo e que tratavam da regra de transi\u00e7\u00e3o definida pela Lei 9.876\/1999, que definiu a regra de transi\u00e7\u00e3o a ser usada para os c\u00e1lculos de aposentadoria.<\/p><p>A decis\u00e3o dos ministros, ao acatarem as ADIs impossibilita o aposentado de escolher o melhor c\u00e1lculo de seu benef\u00edcio. Assim, na pr\u00e1tica, o STF invalidou o seu julgamento de dezembro de 2022, quando aceitou a possibilidade da Revis\u00e3o da Vida Toda.<\/p><p>Uma decis\u00e3o que, apesar de n\u00e3o ter ilegalidade t\u00e9cnica, gera grande inseguran\u00e7a jur\u00eddica ao conceder um direito e depois retir\u00e1-lo.<\/p><p>N\u00f3s, do\u00a0<strong>Sindicato Nacional dos Aposentados Pensionistas e Idosos _ Sindnapi<\/strong>, partilhamos com nossos s\u00f3cios a indigna\u00e7\u00e3o desse triste dia na hist\u00f3ria da Justi\u00e7a de nosso Pa\u00eds, mas pedimos que n\u00e3o desanimem e informamos que seguiremos firmes na luta pelos direitos dos aposentados, pensionistas e idosos, no trabalho di\u00e1rio pela cidadania e garantir dignidade \u00e0 popula\u00e7\u00e3o.<\/p><p>Cr\u00e9ditos Foto: Gustavo Moreno<\/p><\/blockquote>\t\t\t\t\t\t<\/div>\n\t\t\t\t<\/div>\n\t\t\t\t\t<\/div>\n\t\t<\/div>\n\t\t\t\t\t\t\t<\/div>\n\t\t<\/section>\n\t\t\t\t\t\t<\/div>\n\t\t\t\t\t<\/div>\n\t\t","protected":false},"excerpt":{"rendered":"<p>STF decide contra validade da \u201crevis\u00e3o da vida toda\u201d; Sindicato lamenta O Supremo Tribunal Federal decidiu nesta quinta-feira (21) contra a validade da chamada \u201crevis\u00e3o da vida toda\u201d. A corte voltou atr\u00e1s no\u00a0entendimento firmado sobre o tema em 2022, quando decidiu, por 6 votos a 5, oferecer aos aposentados que se enquadram na regra de [&hellip;]<\/p>\n","protected":false},"author":1,"featured_media":0,"comment_status":"closed","ping_status":"closed","sticky":false,"template":"elementor_canvas","format":"standard","meta":{"footnotes":""},"categories":[2],"tags":[],"_links":{"self":[{"href":"https:\/\/quimicositapetininga.org.br\/index.php?rest_route=\/wp\/v2\/posts\/2134"}],"collection":[{"href":"https:\/\/quimicositapetininga.org.br\/index.php?rest_route=\/wp\/v2\/posts"}],"about":[{"href":"https:\/\/quimicositapetininga.org.br\/index.php?rest_route=\/wp\/v2\/types\/post"}],"author":[{"embeddable":true,"href":"https:\/\/quimicositapetininga.org.br\/index.php?rest_route=\/wp\/v2\/users\/1"}],"replies":[{"embeddable":true,"href":"https:\/\/quimicositapetininga.org.br\/index.php?rest_route=%2Fwp%2Fv2%2Fcomments&post=2134"}],"version-history":[{"count":4,"href":"https:\/\/quimicositapetininga.org.br\/index.php?rest_route=\/wp\/v2\/posts\/2134\/revisions"}],"predecessor-version":[{"id":2140,"href":"https:\/\/quimicositapetininga.org.br\/index.php?rest_route=\/wp\/v2\/posts\/2134\/revisions\/2140"}],"wp:attachment":[{"href":"https:\/\/quimicositapetininga.org.br\/index.php?rest_route=%2Fwp%2Fv2%2Fmedia&parent=2134"}],"wp:term":[{"taxonomy":"category","embeddable":true,"href":"https:\/\/quimicositapetininga.org.br\/index.php?rest_route=%2Fwp%2Fv2%2Fcategories&post=2134"},{"taxonomy":"post_tag","embeddable":true,"href":"https:\/\/quimicositapetininga.org.br\/index.php?rest_route=%2Fwp%2Fv2%2Ftags&post=2134"}],"curies":[{"name":"wp","href":"https:\/\/api.w.org\/{rel}","templated":true}]}}