{"id":2102,"date":"2024-02-25T01:07:16","date_gmt":"2024-02-25T01:07:16","guid":{"rendered":"https:\/\/quimicositapetininga.org.br\/?p=2102"},"modified":"2024-02-25T01:10:18","modified_gmt":"2024-02-25T01:10:18","slug":"modalidade-de-trabalho-formal-sem-salario-garantido-ganha-espaco-no-brasil","status":"publish","type":"post","link":"https:\/\/quimicositapetininga.org.br\/?p=2102","title":{"rendered":"Modalidade de trabalho formal sem sal\u00e1rio garantido ganha espa\u00e7o no Brasil"},"content":{"rendered":"\t\t<div data-elementor-type=\"wp-post\" data-elementor-id=\"2102\" class=\"elementor elementor-2102\" data-elementor-settings=\"[]\">\n\t\t\t\t\t\t\t<div class=\"elementor-section-wrap\">\n\t\t\t\t\t\t\t<section class=\"elementor-section elementor-top-section elementor-element elementor-element-47334aa elementor-section-boxed elementor-section-height-default elementor-section-height-default\" data-id=\"47334aa\" data-element_type=\"section\">\n\t\t\t\t\t\t<div class=\"elementor-container elementor-column-gap-default\">\n\t\t\t\t\t<div class=\"elementor-column elementor-col-100 elementor-top-column elementor-element elementor-element-a24d0ae\" data-id=\"a24d0ae\" data-element_type=\"column\">\n\t\t\t<div class=\"elementor-widget-wrap elementor-element-populated\">\n\t\t\t\t\t\t\t\t<div class=\"elementor-element elementor-element-04bdc8b elementor-widget elementor-widget-heading\" data-id=\"04bdc8b\" data-element_type=\"widget\" data-widget_type=\"heading.default\">\n\t\t\t\t<div class=\"elementor-widget-container\">\n\t\t\t<style>\/*! elementor - v3.5.3 - 28-12-2021 *\/\n.elementor-heading-title{padding:0;margin:0;line-height:1}.elementor-widget-heading .elementor-heading-title[class*=elementor-size-]>a{color:inherit;font-size:inherit;line-height:inherit}.elementor-widget-heading .elementor-heading-title.elementor-size-small{font-size:15px}.elementor-widget-heading .elementor-heading-title.elementor-size-medium{font-size:19px}.elementor-widget-heading .elementor-heading-title.elementor-size-large{font-size:29px}.elementor-widget-heading .elementor-heading-title.elementor-size-xl{font-size:39px}.elementor-widget-heading .elementor-heading-title.elementor-size-xxl{font-size:59px}<\/style><h2 class=\"elementor-heading-title elementor-size-large\">Modalidade de trabalho formal sem sal\u00e1rio garantido ganha espa\u00e7o no Brasil<\/h2>\t\t<\/div>\n\t\t\t\t<\/div>\n\t\t\t\t\t<\/div>\n\t\t<\/div>\n\t\t\t\t\t\t\t<\/div>\n\t\t<\/section>\n\t\t\t\t<section class=\"elementor-section elementor-top-section elementor-element elementor-element-b188a2d elementor-section-boxed elementor-section-height-default elementor-section-height-default\" data-id=\"b188a2d\" data-element_type=\"section\">\n\t\t\t\t\t\t<div class=\"elementor-container elementor-column-gap-default\">\n\t\t\t\t\t<div class=\"elementor-column elementor-col-100 elementor-top-column elementor-element elementor-element-76a1ab8\" data-id=\"76a1ab8\" data-element_type=\"column\">\n\t\t\t<div class=\"elementor-widget-wrap elementor-element-populated\">\n\t\t\t\t\t\t\t\t<div class=\"elementor-element elementor-element-a1f9a11 elementor-widget elementor-widget-image\" data-id=\"a1f9a11\" data-element_type=\"widget\" data-widget_type=\"image.default\">\n\t\t\t\t<div class=\"elementor-widget-container\">\n\t\t\t<style>\/*! elementor - v3.5.3 - 28-12-2021 *\/\n.elementor-widget-image{text-align:center}.elementor-widget-image a{display:inline-block}.elementor-widget-image a img[src$=\".svg\"]{width:48px}.elementor-widget-image img{vertical-align:middle;display:inline-block}<\/style>\t\t\t\t\t\t\t\t\t\t\t\t<img loading=\"lazy\" decoding=\"async\" width=\"665\" height=\"342\" src=\"https:\/\/quimicositapetininga.org.br\/wp-content\/uploads\/2024\/02\/carteira-trabalho-2-1.jpg\" class=\"attachment-large size-large\" alt=\"\" \/>\t\t\t\t\t\t\t\t\t\t\t\t\t\t\t<\/div>\n\t\t\t\t<\/div>\n\t\t\t\t\t<\/div>\n\t\t<\/div>\n\t\t\t\t\t\t\t<\/div>\n\t\t<\/section>\n\t\t\t\t<section class=\"elementor-section elementor-top-section elementor-element elementor-element-75d8510 elementor-section-boxed elementor-section-height-default elementor-section-height-default\" data-id=\"75d8510\" data-element_type=\"section\">\n\t\t\t\t\t\t<div class=\"elementor-container elementor-column-gap-default\">\n\t\t\t\t\t<div class=\"elementor-column elementor-col-100 elementor-top-column elementor-element elementor-element-6e3bd26\" data-id=\"6e3bd26\" data-element_type=\"column\">\n\t\t\t<div class=\"elementor-widget-wrap elementor-element-populated\">\n\t\t\t\t\t\t\t\t<div class=\"elementor-element elementor-element-799a917 elementor-widget elementor-widget-text-editor\" data-id=\"799a917\" data-element_type=\"widget\" data-widget_type=\"text-editor.default\">\n\t\t\t\t<div class=\"elementor-widget-container\">\n\t\t\t<style>\/*! elementor - v3.5.3 - 28-12-2021 *\/\n.elementor-widget-text-editor.elementor-drop-cap-view-stacked .elementor-drop-cap{background-color:#818a91;color:#fff}.elementor-widget-text-editor.elementor-drop-cap-view-framed .elementor-drop-cap{color:#818a91;border:3px solid;background-color:transparent}.elementor-widget-text-editor:not(.elementor-drop-cap-view-default) .elementor-drop-cap{margin-top:8px}.elementor-widget-text-editor:not(.elementor-drop-cap-view-default) .elementor-drop-cap-letter{width:1em;height:1em}.elementor-widget-text-editor .elementor-drop-cap{float:left;text-align:center;line-height:1;font-size:50px}.elementor-widget-text-editor .elementor-drop-cap-letter{display:inline-block}<\/style>\t\t\t\t<p>Apesar da queda no desemprego, a quantidade de trabalhadores que formalmente est\u00e3o empregados, mas n\u00e3o recebem pagamento todos os meses tem crescido no Brasil, apontou reportagem do Brasil de Fato.<\/p><p>Trata-se do grupo de pessoas em trabalho intermitente, modalidade criada pela reforma trabalhista de 2017.<\/p><h3>Sem sal\u00e1rio garantido<\/h3><p>De acordo com o\u00a0<a href=\"https:\/\/portalfat.mte.gov.br\/programas-e-acoes-2\/caged-3\/\" target=\"_blank\" rel=\"noopener\"><strong>Cadastro Geral de Empregados e Desempregados (Caged)<\/strong><\/a>, 5,86% das vagas de emprego com carteira assinada criadas no Brasil no ano passado foram de trabalho intermitente.<\/p><p>Em 2021, o percentual era de 3,33% e em 2022, 4,41%.<\/p><p>O trabalho intermitente \u00e9 aquele em que o funcion\u00e1rio n\u00e3o tem uma jornada fixa a cumprir.]<\/p><p>Ele trabalha apenas quando \u00e9 convocado pelo patr\u00e3o para cumprir tarefas de acordo com a necessidade da empresa.<\/p><p>Como recebe apenas o valor proporcional \u00e0s horas trabalhadas, n\u00e3o h\u00e1 qualquer garantia de que ele ter\u00e1 algum pagamento no m\u00eas, uma vez que \u00e9 poss\u00edvel n\u00e3o ser convocado por todo o per\u00edodo e nada receber.<\/p><blockquote><p><em>\u201c\u00c9 um trabalho prec\u00e1rio, que conta para as estat\u00edsticas, mas n\u00e3o \u00e9 algo que gere valor, qualidade de vida\u201d, afirmou Maria Vit\u00f3ria Costaldello Ferreira, advogada, mestre em Direitos Humanos e Democracia pela Universidade Federal do Paran\u00e1 (UFPR).<\/em><\/p><\/blockquote><p>Assim como o trabalho tempor\u00e1rio e de aprendiz, o trabalho intermitente \u00e9 considerado \u201cn\u00e3o t\u00edpico\u201d.<\/p><p>De acordo com estimativa do Minist\u00e9rio do Trabalho e Emprego (MTE), 5,3 milh\u00f5es dos 43,9 milh\u00f5es de trabalhadores formais no pa\u00eds no final de 2023 estavam em contratos n\u00e3o t\u00edpicos.<\/p><h3>N\u00e3o trabalha n\u00e3o recebe<\/h3><p>Em entrevista coletiva no final de janeiro, a subsecret\u00e1ria de Estat\u00edsticas e Estudos do Trabalho do MTE, Paula Montagner, revelou que 66% dos empregados intermitentes n\u00e3o trabalham e nada recebem.<\/p><blockquote><p><em>\u201cA gente tem verificado recorrentemente que dois ter\u00e7os dos trabalhadores intermitentes t\u00eam contrato, mas n\u00e3o tem hora trabalhada nem sal\u00e1rio. Existe a potencialidade, mas eles n\u00e3o t\u00eam trabalho na pr\u00e1tica e muito menos rendimento\u201d, disse.<\/em><\/p><\/blockquote><p>Os dados representam uma piora em rela\u00e7\u00e3o aos observados pelo Dieese (Departamento Intersindical de Estat\u00edstica e Estudos Socioecon\u00f4micos) em 2021, com base nos n\u00fameros do MTE.<\/p><p>Naquele ano, 20% dos trabalhadores intermitentes ficaram sem trabalhar, sendo o pior \u00edndice em dezembro, quando 46% n\u00e3o trabalharam.<\/p><h3>Remunera\u00e7\u00e3o menor que o m\u00ednimo<\/h3><p>De acordo com o levantamento do Dieese, esses trabalhadores ganharam em m\u00e9dia R$ 888 por m\u00eas naquele ano, quando o sal\u00e1rio m\u00ednimo era de R$ 1.100.<\/p><p>Para o economista Gustavo Monteiro, que trabalha no Dieese e ajudou a levantar os dados, o cen\u00e1rio \u00e9 preocupante.<\/p><blockquote><p><em>\u201cEssa modalidade n\u00e3o garante nem a renda m\u00ednima para a subsist\u00eancia do trabalhador, al\u00e9m de estar ganhando espa\u00e7o em setores que historicamente geravam empregos est\u00e1veis com sal\u00e1rios razo\u00e1veis\u201d, alerta o economista.<\/em><\/p><\/blockquote><p>\u201cEsse contrato foi criado com a expectativa de que fosse muito usado nos servi\u00e7os de alimenta\u00e7\u00e3o, para gar\u00e7ons e caixas de restaurante, por exemplo. Mas j\u00e1 temos esse contrato na ind\u00fastria, na constru\u00e7\u00e3o civil e no com\u00e9rcio tamb\u00e9m\u201d, explicou em entrevista ao Brasil de Fato.<\/p><p>Fonte:\u00a0<strong>Brasil de Fato<\/strong><\/p>\t\t\t\t\t\t<\/div>\n\t\t\t\t<\/div>\n\t\t\t\t\t<\/div>\n\t\t<\/div>\n\t\t\t\t\t\t\t<\/div>\n\t\t<\/section>\n\t\t\t\t\t\t<\/div>\n\t\t\t\t\t<\/div>\n\t\t","protected":false},"excerpt":{"rendered":"<p>Modalidade de trabalho formal sem sal\u00e1rio garantido ganha espa\u00e7o no Brasil Apesar da queda no desemprego, a quantidade de trabalhadores que formalmente est\u00e3o empregados, mas n\u00e3o recebem pagamento todos os meses tem crescido no Brasil, apontou reportagem do Brasil de Fato. Trata-se do grupo de pessoas em trabalho intermitente, modalidade criada pela reforma trabalhista de [&hellip;]<\/p>\n","protected":false},"author":1,"featured_media":0,"comment_status":"closed","ping_status":"closed","sticky":false,"template":"elementor_canvas","format":"standard","meta":{"footnotes":""},"categories":[15],"tags":[],"_links":{"self":[{"href":"https:\/\/quimicositapetininga.org.br\/index.php?rest_route=\/wp\/v2\/posts\/2102"}],"collection":[{"href":"https:\/\/quimicositapetininga.org.br\/index.php?rest_route=\/wp\/v2\/posts"}],"about":[{"href":"https:\/\/quimicositapetininga.org.br\/index.php?rest_route=\/wp\/v2\/types\/post"}],"author":[{"embeddable":true,"href":"https:\/\/quimicositapetininga.org.br\/index.php?rest_route=\/wp\/v2\/users\/1"}],"replies":[{"embeddable":true,"href":"https:\/\/quimicositapetininga.org.br\/index.php?rest_route=%2Fwp%2Fv2%2Fcomments&post=2102"}],"version-history":[{"count":4,"href":"https:\/\/quimicositapetininga.org.br\/index.php?rest_route=\/wp\/v2\/posts\/2102\/revisions"}],"predecessor-version":[{"id":2108,"href":"https:\/\/quimicositapetininga.org.br\/index.php?rest_route=\/wp\/v2\/posts\/2102\/revisions\/2108"}],"wp:attachment":[{"href":"https:\/\/quimicositapetininga.org.br\/index.php?rest_route=%2Fwp%2Fv2%2Fmedia&parent=2102"}],"wp:term":[{"taxonomy":"category","embeddable":true,"href":"https:\/\/quimicositapetininga.org.br\/index.php?rest_route=%2Fwp%2Fv2%2Fcategories&post=2102"},{"taxonomy":"post_tag","embeddable":true,"href":"https:\/\/quimicositapetininga.org.br\/index.php?rest_route=%2Fwp%2Fv2%2Ftags&post=2102"}],"curies":[{"name":"wp","href":"https:\/\/api.w.org\/{rel}","templated":true}]}}