{"id":2094,"date":"2024-02-25T00:55:15","date_gmt":"2024-02-25T00:55:15","guid":{"rendered":"https:\/\/quimicositapetininga.org.br\/?p=2094"},"modified":"2024-02-25T01:05:23","modified_gmt":"2024-02-25T01:05:23","slug":"primeira-turma-do-stf-volta-a-negar-vinculo-de-emprego-a-entregador","status":"publish","type":"post","link":"https:\/\/quimicositapetininga.org.br\/?p=2094","title":{"rendered":"Primeira Turma do STF volta a negar v\u00ednculo de emprego a entregador"},"content":{"rendered":"\t\t<div data-elementor-type=\"wp-post\" data-elementor-id=\"2094\" class=\"elementor elementor-2094\" data-elementor-settings=\"[]\">\n\t\t\t\t\t\t\t<div class=\"elementor-section-wrap\">\n\t\t\t\t\t\t\t<section class=\"elementor-section elementor-top-section elementor-element elementor-element-4c0b74e elementor-section-boxed elementor-section-height-default elementor-section-height-default\" data-id=\"4c0b74e\" data-element_type=\"section\">\n\t\t\t\t\t\t<div class=\"elementor-container elementor-column-gap-default\">\n\t\t\t\t\t<div class=\"elementor-column elementor-col-100 elementor-top-column elementor-element elementor-element-1e6c54f\" data-id=\"1e6c54f\" data-element_type=\"column\">\n\t\t\t<div class=\"elementor-widget-wrap elementor-element-populated\">\n\t\t\t\t\t\t\t\t<div class=\"elementor-element elementor-element-ab39cef elementor-widget elementor-widget-heading\" data-id=\"ab39cef\" data-element_type=\"widget\" data-widget_type=\"heading.default\">\n\t\t\t\t<div class=\"elementor-widget-container\">\n\t\t\t<style>\/*! elementor - v3.5.3 - 28-12-2021 *\/\n.elementor-heading-title{padding:0;margin:0;line-height:1}.elementor-widget-heading .elementor-heading-title[class*=elementor-size-]>a{color:inherit;font-size:inherit;line-height:inherit}.elementor-widget-heading .elementor-heading-title.elementor-size-small{font-size:15px}.elementor-widget-heading .elementor-heading-title.elementor-size-medium{font-size:19px}.elementor-widget-heading .elementor-heading-title.elementor-size-large{font-size:29px}.elementor-widget-heading .elementor-heading-title.elementor-size-xl{font-size:39px}.elementor-widget-heading .elementor-heading-title.elementor-size-xxl{font-size:59px}<\/style><h2 class=\"elementor-heading-title elementor-size-large\">Primeira Turma do STF volta a negar v\u00ednculo de emprego a entregador<\/h2>\t\t<\/div>\n\t\t\t\t<\/div>\n\t\t\t\t\t<\/div>\n\t\t<\/div>\n\t\t\t\t\t\t\t<\/div>\n\t\t<\/section>\n\t\t\t\t<section class=\"elementor-section elementor-top-section elementor-element elementor-element-bc2df90 elementor-section-boxed elementor-section-height-default elementor-section-height-default\" data-id=\"bc2df90\" data-element_type=\"section\">\n\t\t\t\t\t\t<div class=\"elementor-container elementor-column-gap-default\">\n\t\t\t\t\t<div class=\"elementor-column elementor-col-100 elementor-top-column elementor-element elementor-element-5c13929\" data-id=\"5c13929\" data-element_type=\"column\">\n\t\t\t<div class=\"elementor-widget-wrap elementor-element-populated\">\n\t\t\t\t\t\t\t\t<div class=\"elementor-element elementor-element-4db4a53 elementor-widget elementor-widget-image\" data-id=\"4db4a53\" data-element_type=\"widget\" data-widget_type=\"image.default\">\n\t\t\t\t<div class=\"elementor-widget-container\">\n\t\t\t<style>\/*! elementor - v3.5.3 - 28-12-2021 *\/\n.elementor-widget-image{text-align:center}.elementor-widget-image a{display:inline-block}.elementor-widget-image a img[src$=\".svg\"]{width:48px}.elementor-widget-image img{vertical-align:middle;display:inline-block}<\/style>\t\t\t\t\t\t\t\t\t\t\t\t<img loading=\"lazy\" decoding=\"async\" width=\"702\" height=\"352\" src=\"https:\/\/quimicositapetininga.org.br\/wp-content\/uploads\/2024\/02\/entregador_tst_seminario.jpg\" class=\"attachment-large size-large\" alt=\"\" \/>\t\t\t\t\t\t\t\t\t\t\t\t\t\t\t<\/div>\n\t\t\t\t<\/div>\n\t\t\t\t\t<\/div>\n\t\t<\/div>\n\t\t\t\t\t\t\t<\/div>\n\t\t<\/section>\n\t\t\t\t<section class=\"elementor-section elementor-top-section elementor-element elementor-element-4aec115 elementor-section-boxed elementor-section-height-default elementor-section-height-default\" data-id=\"4aec115\" data-element_type=\"section\">\n\t\t\t\t\t\t<div class=\"elementor-container elementor-column-gap-default\">\n\t\t\t\t\t<div class=\"elementor-column elementor-col-100 elementor-top-column elementor-element elementor-element-80392e6\" data-id=\"80392e6\" data-element_type=\"column\">\n\t\t\t<div class=\"elementor-widget-wrap elementor-element-populated\">\n\t\t\t\t\t\t\t\t<div class=\"elementor-element elementor-element-37d3764 elementor-widget elementor-widget-text-editor\" data-id=\"37d3764\" data-element_type=\"widget\" data-widget_type=\"text-editor.default\">\n\t\t\t\t<div class=\"elementor-widget-container\">\n\t\t\t<style>\/*! elementor - v3.5.3 - 28-12-2021 *\/\n.elementor-widget-text-editor.elementor-drop-cap-view-stacked .elementor-drop-cap{background-color:#818a91;color:#fff}.elementor-widget-text-editor.elementor-drop-cap-view-framed .elementor-drop-cap{color:#818a91;border:3px solid;background-color:transparent}.elementor-widget-text-editor:not(.elementor-drop-cap-view-default) .elementor-drop-cap{margin-top:8px}.elementor-widget-text-editor:not(.elementor-drop-cap-view-default) .elementor-drop-cap-letter{width:1em;height:1em}.elementor-widget-text-editor .elementor-drop-cap{float:left;text-align:center;line-height:1;font-size:50px}.elementor-widget-text-editor .elementor-drop-cap-letter{display:inline-block}<\/style>\t\t\t\t<p>A Primeira Turma do Supremo Tribunal Federal (STF) voltou a derrubar, por unanimidade, o v\u00ednculo de emprego de um trabalhador por aplicativo, que havia sido reconhecido pelo Tribunal Superior do Trabalho (TST).<\/p><p>O processo \u00e9 julgado no plen\u00e1rio virtual, em que os ministros t\u00eam um per\u00edodo para votar por via eletr\u00f4nica.<\/p><p>A sess\u00e3o, neste caso, termina no fim desta ter\u00e7a-feira (20), mas todos os membros da Primeira Turma j\u00e1 votaram: Alexandre de Moraes, Cristiano Zanin, Luiz Fux e C\u00e1rmen L\u00facia.<\/p><p>Todos seguiram o entendimento de Zanin, relator da reclama\u00e7\u00e3o sobre o assunto. Esse tipo de processo resulta numa decis\u00e3o n\u00e3o vinculante, ou seja, que n\u00e3o precisa ser aplicada de forma autom\u00e1tica pelas demais inst\u00e2ncias judiciais.<\/p><p>O caso trata de um entregador do aplicativo Rappi, que teve seu v\u00ednculo empregat\u00edcio reconhecido pela Sexta Turma do Tribunal Superior do Trabalho (TST).<\/p><p>Zanin j\u00e1 havia concedida liminar (decis\u00e3o provis\u00f3ria), pedida pela empresa, para suspender a decis\u00e3o da justi\u00e7a trabalhista.<\/p><p>A liminar foi agora confirmada pelos demais ministros da Primeira Turma. Eles seguiram o entendimento de Zanin, segundo o qual o TST tem desrespeitado decis\u00f5es anteriores do Supremo sobre formas alternativas de contrato de trabalho.<\/p><blockquote><p><em>\u201cNo caso em an\u00e1lise, ao reconhecer o v\u00ednculo de emprego, a Justi\u00e7a do Trabalho desconsiderou os aspectos jur\u00eddicos relacionados \u00e0 quest\u00e3o, em especial os precedentes do Supremo Tribunal Federal que consagram a liberdade econ\u00f4mica, de organiza\u00e7\u00e3o das atividades produtivas e admitem outras formas de contrata\u00e7\u00e3o de presta\u00e7\u00e3o de servi\u00e7os\u201d, escreveu Zanin.<\/em><\/p><\/blockquote><p>Os ministros concordaram com o argumento da empresa Rappi, para quem o Supremo j\u00e1 se manifestou sobre o assunto quando permitiu a terceiriza\u00e7\u00e3o de atividades-fim.<\/p><p>O colegiado autorizou, em a\u00e7\u00f5es anteriores, formas alternativas de contrata\u00e7\u00e3o, que n\u00e3o precisam necessariamente seguir as regras da Consolida\u00e7\u00e3o das Leis do Trabalho (CLT).<\/p><p>Para a Sexta Turma do TST, contudo, o modo de contrata\u00e7\u00e3o entre o aplicativo e o entregador \u00e9 fraudulento, pois apesar de prever uma forma alternativa de v\u00ednculo, na pr\u00e1tica o trabalho tem as mesmas caracter\u00edsticas e deveres de um trabalho formal, com carteira assinada, mas sem os direitos garantidos pela CLT.<\/p><h3>Plen\u00e1rio<\/h3><p>Na semana passada, o Supremo chegou a pautar uma outra reclama\u00e7\u00e3o sobre o assunto para ser julgada em plen\u00e1rio, por todos os ministros que comp\u00f5em a Corte, mas o processo acabou n\u00e3o sendo julgado e n\u00e3o h\u00e1 nova data para an\u00e1lise.<\/p><p>No ano passado, a Procuradoria-Geral da Rep\u00fablica (PGR) defendeu que o tema seja levado a plen\u00e1rio.<\/p><p>De acordo com a PGR h\u00e1 a necessidade de se equilibrar diferentes comandos constitucionais, como:<\/p><ul><li>a valoriza\u00e7\u00e3o social do trabalho e<\/li><li>a garantia da livre iniciativa econ\u00f4mica.<\/li><\/ul><p>Na pr\u00f3xima sexta-feira (23), o Supremo come\u00e7a a julgar se declara a repercuss\u00e3o geral de um recurso extraordin\u00e1rio sobre o tema.<\/p><p>Esse \u00e9 o primeiro passo para que a Corte produza uma\u00a0<a href=\"https:\/\/agenciabrasil.ebc.com.br\/justica\/noticia\/2024-02\/stf-vai-pacificar-polemica-sobre-vinculo-de-trabalho-por-aplicativo\" target=\"_blank\" rel=\"noopener\"><strong>tese vinculante<\/strong><\/a>, isto \u00e9, que deva ser aplicada obrigatoriamente por todos os magistrados do pa\u00eds.<\/p><p>Fonte:\u00a0<strong>Ag\u00eancia Brasil<\/strong><\/p>\t\t\t\t\t\t<\/div>\n\t\t\t\t<\/div>\n\t\t\t\t\t<\/div>\n\t\t<\/div>\n\t\t\t\t\t\t\t<\/div>\n\t\t<\/section>\n\t\t\t\t\t\t<\/div>\n\t\t\t\t\t<\/div>\n\t\t","protected":false},"excerpt":{"rendered":"<p>Primeira Turma do STF volta a negar v\u00ednculo de emprego a entregador A Primeira Turma do Supremo Tribunal Federal (STF) voltou a derrubar, por unanimidade, o v\u00ednculo de emprego de um trabalhador por aplicativo, que havia sido reconhecido pelo Tribunal Superior do Trabalho (TST). O processo \u00e9 julgado no plen\u00e1rio virtual, em que os ministros [&hellip;]<\/p>\n","protected":false},"author":1,"featured_media":0,"comment_status":"closed","ping_status":"closed","sticky":false,"template":"elementor_canvas","format":"standard","meta":{"footnotes":""},"categories":[1],"tags":[],"_links":{"self":[{"href":"https:\/\/quimicositapetininga.org.br\/index.php?rest_route=\/wp\/v2\/posts\/2094"}],"collection":[{"href":"https:\/\/quimicositapetininga.org.br\/index.php?rest_route=\/wp\/v2\/posts"}],"about":[{"href":"https:\/\/quimicositapetininga.org.br\/index.php?rest_route=\/wp\/v2\/types\/post"}],"author":[{"embeddable":true,"href":"https:\/\/quimicositapetininga.org.br\/index.php?rest_route=\/wp\/v2\/users\/1"}],"replies":[{"embeddable":true,"href":"https:\/\/quimicositapetininga.org.br\/index.php?rest_route=%2Fwp%2Fv2%2Fcomments&post=2094"}],"version-history":[{"count":4,"href":"https:\/\/quimicositapetininga.org.br\/index.php?rest_route=\/wp\/v2\/posts\/2094\/revisions"}],"predecessor-version":[{"id":2101,"href":"https:\/\/quimicositapetininga.org.br\/index.php?rest_route=\/wp\/v2\/posts\/2094\/revisions\/2101"}],"wp:attachment":[{"href":"https:\/\/quimicositapetininga.org.br\/index.php?rest_route=%2Fwp%2Fv2%2Fmedia&parent=2094"}],"wp:term":[{"taxonomy":"category","embeddable":true,"href":"https:\/\/quimicositapetininga.org.br\/index.php?rest_route=%2Fwp%2Fv2%2Fcategories&post=2094"},{"taxonomy":"post_tag","embeddable":true,"href":"https:\/\/quimicositapetininga.org.br\/index.php?rest_route=%2Fwp%2Fv2%2Ftags&post=2094"}],"curies":[{"name":"wp","href":"https:\/\/api.w.org\/{rel}","templated":true}]}}