{"id":2084,"date":"2024-02-20T23:48:37","date_gmt":"2024-02-20T23:48:37","guid":{"rendered":"https:\/\/quimicositapetininga.org.br\/?p=2084"},"modified":"2024-02-20T23:54:05","modified_gmt":"2024-02-20T23:54:05","slug":"quimicos-da-forca-recebem-vice-presidente-geraldo-alckmin-na-sede-da-fequimfar-em-sao-paulo","status":"publish","type":"post","link":"https:\/\/quimicositapetininga.org.br\/?p=2084","title":{"rendered":"Qu\u00edmicos da For\u00e7a recebem vice-presidente Geraldo Alckmin na sede da FEQUIMFAR em S\u00e3o Paulo"},"content":{"rendered":"\t\t<div data-elementor-type=\"wp-post\" data-elementor-id=\"2084\" class=\"elementor elementor-2084\" data-elementor-settings=\"[]\">\n\t\t\t\t\t\t\t<div class=\"elementor-section-wrap\">\n\t\t\t\t\t\t\t<section class=\"elementor-section elementor-top-section elementor-element elementor-element-0d8757f elementor-section-boxed elementor-section-height-default elementor-section-height-default\" data-id=\"0d8757f\" data-element_type=\"section\">\n\t\t\t\t\t\t<div class=\"elementor-container elementor-column-gap-default\">\n\t\t\t\t\t<div class=\"elementor-column elementor-col-100 elementor-top-column elementor-element elementor-element-c4ecf91\" data-id=\"c4ecf91\" data-element_type=\"column\">\n\t\t\t<div class=\"elementor-widget-wrap elementor-element-populated\">\n\t\t\t\t\t\t\t\t<div class=\"elementor-element elementor-element-c454569 elementor-widget elementor-widget-heading\" data-id=\"c454569\" data-element_type=\"widget\" data-widget_type=\"heading.default\">\n\t\t\t\t<div class=\"elementor-widget-container\">\n\t\t\t<style>\/*! elementor - v3.5.3 - 28-12-2021 *\/\n.elementor-heading-title{padding:0;margin:0;line-height:1}.elementor-widget-heading .elementor-heading-title[class*=elementor-size-]>a{color:inherit;font-size:inherit;line-height:inherit}.elementor-widget-heading .elementor-heading-title.elementor-size-small{font-size:15px}.elementor-widget-heading .elementor-heading-title.elementor-size-medium{font-size:19px}.elementor-widget-heading .elementor-heading-title.elementor-size-large{font-size:29px}.elementor-widget-heading .elementor-heading-title.elementor-size-xl{font-size:39px}.elementor-widget-heading .elementor-heading-title.elementor-size-xxl{font-size:59px}<\/style><h2 class=\"elementor-heading-title elementor-size-large\">Qu\u00edmicos da For\u00e7a recebem vice-presidente Geraldo Alckmin na sede da FEQUIMFAR em S\u00e3o Paulo<\/h2>\t\t<\/div>\n\t\t\t\t<\/div>\n\t\t\t\t\t<\/div>\n\t\t<\/div>\n\t\t\t\t\t\t\t<\/div>\n\t\t<\/section>\n\t\t\t\t<section class=\"elementor-section elementor-top-section elementor-element elementor-element-032485a elementor-section-boxed elementor-section-height-default elementor-section-height-default\" data-id=\"032485a\" data-element_type=\"section\">\n\t\t\t\t\t\t<div class=\"elementor-container elementor-column-gap-default\">\n\t\t\t\t\t<div class=\"elementor-column elementor-col-100 elementor-top-column elementor-element elementor-element-899a029\" data-id=\"899a029\" data-element_type=\"column\">\n\t\t\t<div class=\"elementor-widget-wrap elementor-element-populated\">\n\t\t\t\t\t\t\t\t<div class=\"elementor-element elementor-element-1002640 elementor-widget elementor-widget-image\" data-id=\"1002640\" data-element_type=\"widget\" data-widget_type=\"image.default\">\n\t\t\t\t<div class=\"elementor-widget-container\">\n\t\t\t<style>\/*! elementor - v3.5.3 - 28-12-2021 *\/\n.elementor-widget-image{text-align:center}.elementor-widget-image a{display:inline-block}.elementor-widget-image a img[src$=\".svg\"]{width:48px}.elementor-widget-image img{vertical-align:middle;display:inline-block}<\/style>\t\t\t\t\t\t\t\t\t\t\t\t<img loading=\"lazy\" decoding=\"async\" width=\"799\" height=\"533\" src=\"https:\/\/quimicositapetininga.org.br\/wp-content\/uploads\/2024\/02\/WhatsApp-Image-2024-02-20-at-14.13.36.jpeg\" class=\"attachment-large size-large\" alt=\"\" \/>\t\t\t\t\t\t\t\t\t\t\t\t\t\t\t<\/div>\n\t\t\t\t<\/div>\n\t\t\t\t\t<\/div>\n\t\t<\/div>\n\t\t\t\t\t\t\t<\/div>\n\t\t<\/section>\n\t\t\t\t<section class=\"elementor-section elementor-top-section elementor-element elementor-element-0796bf6 elementor-section-boxed elementor-section-height-default elementor-section-height-default\" data-id=\"0796bf6\" data-element_type=\"section\">\n\t\t\t\t\t\t<div class=\"elementor-container elementor-column-gap-default\">\n\t\t\t\t\t<div class=\"elementor-column elementor-col-100 elementor-top-column elementor-element elementor-element-9c3b36a\" data-id=\"9c3b36a\" data-element_type=\"column\">\n\t\t\t<div class=\"elementor-widget-wrap elementor-element-populated\">\n\t\t\t\t\t\t\t\t<div class=\"elementor-element elementor-element-65f7478 elementor-widget elementor-widget-text-editor\" data-id=\"65f7478\" data-element_type=\"widget\" data-widget_type=\"text-editor.default\">\n\t\t\t\t<div class=\"elementor-widget-container\">\n\t\t\t<style>\/*! elementor - v3.5.3 - 28-12-2021 *\/\n.elementor-widget-text-editor.elementor-drop-cap-view-stacked .elementor-drop-cap{background-color:#818a91;color:#fff}.elementor-widget-text-editor.elementor-drop-cap-view-framed .elementor-drop-cap{color:#818a91;border:3px solid;background-color:transparent}.elementor-widget-text-editor:not(.elementor-drop-cap-view-default) .elementor-drop-cap{margin-top:8px}.elementor-widget-text-editor:not(.elementor-drop-cap-view-default) .elementor-drop-cap-letter{width:1em;height:1em}.elementor-widget-text-editor .elementor-drop-cap{float:left;text-align:center;line-height:1;font-size:50px}.elementor-widget-text-editor .elementor-drop-cap-letter{display:inline-block}<\/style>\t\t\t\t<p>O encontro faz parte das comemora\u00e7\u00f5es dos 65 anos da entidade e reuniu dirigentes sindicais para discutir desafios e avan\u00e7os dos trabalhadores na ind\u00fastria qu\u00edmica<\/p><p>Lideran\u00e7as da FEQUIMFAR e Sindicatos filiados receberam hoje, dia 19 de fevereiro, o Vice-Presidente da Rep\u00fablica, Geraldo Alckmin, para a 1\u00aa reuni\u00e3o ampliada do Conselho Pol\u00edtico Consultivo do ano.<\/p><p>\u201cFoi uma honra e um privil\u00e9gio ter a presen\u00e7a do Vice-Presidente, Geraldo Alckmin na sede da Federa\u00e7\u00e3o dos Qu\u00edmicos. Aproveitamos a oportunidade para entregar um documento com as principais demandas e desafios dos trabalhadores nas ind\u00fastrias do setor qu\u00edmico, petroqu\u00edmico, pl\u00e1stico, fertilizantes, farmac\u00eauticos, produ\u00e7\u00e3o de etanol, brinquedos e instrumentos musicais\u201d, informa Sergio Luiz Leite, Serginho, presidente da FEQUIMFAR e vice-presidente da For\u00e7a Sindical.<\/p><p>Edson Dias Bicalho, secret\u00e1rio geral da FEQUIMFAR e presidente do Sindicato dos Qu\u00edmicos de Bauru e Regi\u00e3o, foi o mestre de cerim\u00f4nia do encontro que teve na mesa de abertura a presen\u00e7a de Miguel Torres, presidente da For\u00e7a Sindical, Maria Auxiliadora dos Santos, secret\u00e1ria nacional de pol\u00edticas para mulheres e g\u00eanero da For\u00e7a Sindical e presidente do STTI Instrumentos Musicais e Brinquedos, Antonio Silvan Oliveira, presidente da CNTQ e do Sindicato dos Qu\u00edmicos de Guarulhos e Regi\u00e3o, Herbert Passos Filho, coordenador nacional da SNQ e presidente dos Qu\u00edmicos da Baixada Santista, Danilo Pereira da Silva, presidente da For\u00e7a Sindical SP, Raimundo Suzart, presidente da CUT SP e Aroaldo Oliveira da Silva, presidente da IndustriALL Brasil.<\/p><p>Em sua fala, Miguel Torres destacou a import\u00e2ncia de Geraldo Alckmin no Minist\u00e9rio do Desenvolvimento, Ind\u00fastria, Com\u00e9rcio e Servi\u00e7os e toda sua articula\u00e7\u00e3o para desenvolver uma pol\u00edtica industrial voltada para o crescimento do pa\u00eds, com gera\u00e7\u00e3o de emprego com qualidade e qualifica\u00e7\u00e3o.<\/p><p>Maria Auxiliadora resgatou todo o debate que Alckmin proporcionou, quando governador do estado de SP, pelo fortalecimento do setor de brinquedos e instrumentos musicais.<\/p><p>Em seu pronunciamento, Alckmin destacou a Nova Ind\u00fastria Brasil (NIB), programa lan\u00e7ado pelo governo federal em janeiro deste ano para incentivar o setor, e a import\u00e2ncia de medidas como a reforma tribut\u00e1ria para gerar uma ind\u00fastria inovadora, sustent\u00e1vel e com gera\u00e7\u00e3o de empregos.<\/p><p>Homenagem<\/p><p>Em 2023, a FEQUIMFAR completou 65 anos e ao longo de sua trajet\u00f3ria, Geraldo Alckmin esteve presente em momentos importantes para a categoria qu\u00edmica; por isso, durante o evento, ele foi homenageado com uma placa comemorativa.<\/p>\t\t\t\t\t\t<\/div>\n\t\t\t\t<\/div>\n\t\t\t\t\t<\/div>\n\t\t<\/div>\n\t\t\t\t\t\t\t<\/div>\n\t\t<\/section>\n\t\t\t\t<section class=\"elementor-section elementor-top-section elementor-element elementor-element-3414c8d elementor-section-boxed elementor-section-height-default elementor-section-height-default\" data-id=\"3414c8d\" data-element_type=\"section\">\n\t\t\t\t\t\t<div class=\"elementor-container elementor-column-gap-default\">\n\t\t\t\t\t<div class=\"elementor-column elementor-col-33 elementor-top-column elementor-element elementor-element-dcc0d71\" data-id=\"dcc0d71\" data-element_type=\"column\">\n\t\t\t<div class=\"elementor-widget-wrap elementor-element-populated\">\n\t\t\t\t\t\t\t\t<div class=\"elementor-element elementor-element-ec86682 elementor-widget elementor-widget-image\" data-id=\"ec86682\" data-element_type=\"widget\" data-widget_type=\"image.default\">\n\t\t\t\t<div class=\"elementor-widget-container\">\n\t\t\t\t\t\t\t\t\t\t\t\t\t\t\t<img loading=\"lazy\" decoding=\"async\" width=\"1024\" height=\"768\" src=\"https:\/\/quimicositapetininga.org.br\/wp-content\/uploads\/2024\/02\/WhatsApp-Image-2024-02-20-at-14.13.37.jpeg\" class=\"attachment-large size-large\" alt=\"\" \/>\t\t\t\t\t\t\t\t\t\t\t\t\t\t\t<\/div>\n\t\t\t\t<\/div>\n\t\t\t\t\t<\/div>\n\t\t<\/div>\n\t\t\t\t<div class=\"elementor-column elementor-col-33 elementor-top-column elementor-element elementor-element-e238a01\" data-id=\"e238a01\" data-element_type=\"column\">\n\t\t\t<div class=\"elementor-widget-wrap elementor-element-populated\">\n\t\t\t\t\t\t\t\t<div class=\"elementor-element elementor-element-eab3dbe elementor-widget elementor-widget-image\" data-id=\"eab3dbe\" data-element_type=\"widget\" data-widget_type=\"image.default\">\n\t\t\t\t<div class=\"elementor-widget-container\">\n\t\t\t\t\t\t\t\t\t\t\t\t\t\t\t<img loading=\"lazy\" decoding=\"async\" width=\"799\" height=\"533\" src=\"https:\/\/quimicositapetininga.org.br\/wp-content\/uploads\/2024\/02\/WhatsApp-Image-2024-02-20-at-14.13.36-1.jpeg\" class=\"attachment-large size-large\" alt=\"\" \/>\t\t\t\t\t\t\t\t\t\t\t\t\t\t\t<\/div>\n\t\t\t\t<\/div>\n\t\t\t\t\t<\/div>\n\t\t<\/div>\n\t\t\t\t<div class=\"elementor-column elementor-col-33 elementor-top-column elementor-element elementor-element-e74555b\" data-id=\"e74555b\" data-element_type=\"column\">\n\t\t\t<div class=\"elementor-widget-wrap elementor-element-populated\">\n\t\t\t\t\t\t\t\t<div class=\"elementor-element elementor-element-e278f68 elementor-widget elementor-widget-image\" data-id=\"e278f68\" data-element_type=\"widget\" data-widget_type=\"image.default\">\n\t\t\t\t<div class=\"elementor-widget-container\">\n\t\t\t\t\t\t\t\t\t\t\t\t\t\t\t<img loading=\"lazy\" decoding=\"async\" width=\"799\" height=\"533\" src=\"https:\/\/quimicositapetininga.org.br\/wp-content\/uploads\/2024\/02\/WhatsApp-Image-2024-02-20-at-14.13.36-2.jpeg\" class=\"attachment-large size-large\" alt=\"\" \/>\t\t\t\t\t\t\t\t\t\t\t\t\t\t\t<\/div>\n\t\t\t\t<\/div>\n\t\t\t\t\t<\/div>\n\t\t<\/div>\n\t\t\t\t\t\t\t<\/div>\n\t\t<\/section>\n\t\t\t\t\t\t<\/div>\n\t\t\t\t\t<\/div>\n\t\t","protected":false},"excerpt":{"rendered":"<p>Qu\u00edmicos da For\u00e7a recebem vice-presidente Geraldo Alckmin na sede da FEQUIMFAR em S\u00e3o Paulo O encontro faz parte das comemora\u00e7\u00f5es dos 65 anos da entidade e reuniu dirigentes sindicais para discutir desafios e avan\u00e7os dos trabalhadores na ind\u00fastria qu\u00edmica Lideran\u00e7as da FEQUIMFAR e Sindicatos filiados receberam hoje, dia 19 de fevereiro, o Vice-Presidente da Rep\u00fablica, [&hellip;]<\/p>\n","protected":false},"author":1,"featured_media":0,"comment_status":"closed","ping_status":"closed","sticky":false,"template":"elementor_canvas","format":"standard","meta":{"footnotes":""},"categories":[3],"tags":[],"_links":{"self":[{"href":"https:\/\/quimicositapetininga.org.br\/index.php?rest_route=\/wp\/v2\/posts\/2084"}],"collection":[{"href":"https:\/\/quimicositapetininga.org.br\/index.php?rest_route=\/wp\/v2\/posts"}],"about":[{"href":"https:\/\/quimicositapetininga.org.br\/index.php?rest_route=\/wp\/v2\/types\/post"}],"author":[{"embeddable":true,"href":"https:\/\/quimicositapetininga.org.br\/index.php?rest_route=\/wp\/v2\/users\/1"}],"replies":[{"embeddable":true,"href":"https:\/\/quimicositapetininga.org.br\/index.php?rest_route=%2Fwp%2Fv2%2Fcomments&post=2084"}],"version-history":[{"count":4,"href":"https:\/\/quimicositapetininga.org.br\/index.php?rest_route=\/wp\/v2\/posts\/2084\/revisions"}],"predecessor-version":[{"id":2093,"href":"https:\/\/quimicositapetininga.org.br\/index.php?rest_route=\/wp\/v2\/posts\/2084\/revisions\/2093"}],"wp:attachment":[{"href":"https:\/\/quimicositapetininga.org.br\/index.php?rest_route=%2Fwp%2Fv2%2Fmedia&parent=2084"}],"wp:term":[{"taxonomy":"category","embeddable":true,"href":"https:\/\/quimicositapetininga.org.br\/index.php?rest_route=%2Fwp%2Fv2%2Fcategories&post=2084"},{"taxonomy":"post_tag","embeddable":true,"href":"https:\/\/quimicositapetininga.org.br\/index.php?rest_route=%2Fwp%2Fv2%2Ftags&post=2084"}],"curies":[{"name":"wp","href":"https:\/\/api.w.org\/{rel}","templated":true}]}}