{"id":2073,"date":"2024-02-08T01:37:33","date_gmt":"2024-02-08T01:37:33","guid":{"rendered":"https:\/\/quimicositapetininga.org.br\/?p=2073"},"modified":"2026-07-21T14:36:00","modified_gmt":"2026-07-21T14:36:00","slug":"fequimfar-e-sindicatos-filiados-discutem-pre-pauta-de-reivindicacoes-do-setor-industrial-farmaceutico","status":"publish","type":"post","link":"https:\/\/quimicositapetininga.org.br\/?p=2073","title":{"rendered":"FEQUIMFAR e Sindicatos filiados discutem Pr\u00e9-pauta de reivindica\u00e7\u00f5es do setor industrial farmac\u00eautico"},"content":{"rendered":"\t\t<div data-elementor-type=\"wp-post\" data-elementor-id=\"2073\" class=\"elementor elementor-2073\" data-elementor-settings=\"[]\">\n\t\t\t\t\t\t\t<div class=\"elementor-section-wrap\">\n\t\t\t\t\t\t\t<section class=\"elementor-section elementor-top-section elementor-element elementor-element-bf7096e elementor-section-boxed elementor-section-height-default elementor-section-height-default\" data-id=\"bf7096e\" data-element_type=\"section\">\n\t\t\t\t\t\t<div class=\"elementor-container elementor-column-gap-default\">\n\t\t\t\t\t<div class=\"elementor-column elementor-col-100 elementor-top-column elementor-element elementor-element-8c379f6\" data-id=\"8c379f6\" data-element_type=\"column\">\n\t\t\t<div class=\"elementor-widget-wrap elementor-element-populated\">\n\t\t\t\t\t\t\t\t<div class=\"elementor-element elementor-element-ff6feb2 elementor-widget elementor-widget-heading\" data-id=\"ff6feb2\" data-element_type=\"widget\" data-widget_type=\"heading.default\">\n\t\t\t\t<div class=\"elementor-widget-container\">\n\t\t\t<style>\/*! elementor - v3.5.3 - 28-12-2021 *\/\n.elementor-heading-title{padding:0;margin:0;line-height:1}.elementor-widget-heading .elementor-heading-title[class*=elementor-size-]>a{color:inherit;font-size:inherit;line-height:inherit}.elementor-widget-heading .elementor-heading-title.elementor-size-small{font-size:15px}.elementor-widget-heading .elementor-heading-title.elementor-size-medium{font-size:19px}.elementor-widget-heading .elementor-heading-title.elementor-size-large{font-size:29px}.elementor-widget-heading .elementor-heading-title.elementor-size-xl{font-size:39px}.elementor-widget-heading .elementor-heading-title.elementor-size-xxl{font-size:59px}<\/style><h2 class=\"elementor-heading-title elementor-size-xl\">FEQUIMFAR e Sindicatos filiados discutem Pr\u00e9-pauta de reivindica\u00e7\u00f5es do setor industrial farmac\u00eautico<\/h2>\t\t<\/div>\n\t\t\t\t<\/div>\n\t\t\t\t\t<\/div>\n\t\t<\/div>\n\t\t\t\t\t\t\t<\/div>\n\t\t<\/section>\n\t\t\t\t<section class=\"elementor-section elementor-top-section elementor-element elementor-element-5709147 elementor-section-boxed elementor-section-height-default elementor-section-height-default\" data-id=\"5709147\" data-element_type=\"section\">\n\t\t\t\t\t\t<div class=\"elementor-container elementor-column-gap-default\">\n\t\t\t\t\t<div class=\"elementor-column elementor-col-100 elementor-top-column elementor-element elementor-element-7c054a0\" data-id=\"7c054a0\" data-element_type=\"column\">\n\t\t\t<div class=\"elementor-widget-wrap elementor-element-populated\">\n\t\t\t\t\t\t\t\t<div class=\"elementor-element elementor-element-2969bab elementor-widget elementor-widget-image\" data-id=\"2969bab\" data-element_type=\"widget\" data-widget_type=\"image.default\">\n\t\t\t\t<div class=\"elementor-widget-container\">\n\t\t\t<style>\/*! elementor - v3.5.3 - 28-12-2021 *\/\n.elementor-widget-image{text-align:center}.elementor-widget-image a{display:inline-block}.elementor-widget-image a img[src$=\".svg\"]{width:48px}.elementor-widget-image img{vertical-align:middle;display:inline-block}<\/style>\t\t\t\t\t\t\t\t\t\t\t\t<img loading=\"lazy\" decoding=\"async\" width=\"1024\" height=\"683\" src=\"https:\/\/quimicositapetininga.org.br\/wp-content\/uploads\/2024\/02\/WhatsApp-Image-2024-02-07-at-09.19.10.jpeg\" class=\"attachment-large size-large\" alt=\"\" \/>\t\t\t\t\t\t\t\t\t\t\t\t\t\t\t<\/div>\n\t\t\t\t<\/div>\n\t\t\t\t\t<\/div>\n\t\t<\/div>\n\t\t\t\t\t\t\t<\/div>\n\t\t<\/section>\n\t\t\t\t<section class=\"elementor-section elementor-top-section elementor-element elementor-element-ab5c9c9 elementor-section-boxed elementor-section-height-default elementor-section-height-default\" data-id=\"ab5c9c9\" data-element_type=\"section\">\n\t\t\t\t\t\t<div class=\"elementor-container elementor-column-gap-default\">\n\t\t\t\t\t<div class=\"elementor-column elementor-col-100 elementor-top-column elementor-element elementor-element-28b634f\" data-id=\"28b634f\" data-element_type=\"column\">\n\t\t\t<div class=\"elementor-widget-wrap elementor-element-populated\">\n\t\t\t\t\t\t\t\t<div class=\"elementor-element elementor-element-2ca2b0f elementor-widget elementor-widget-text-editor\" data-id=\"2ca2b0f\" data-element_type=\"widget\" data-widget_type=\"text-editor.default\">\n\t\t\t\t<div class=\"elementor-widget-container\">\n\t\t\t<style>\/*! elementor - v3.5.3 - 28-12-2021 *\/\n.elementor-widget-text-editor.elementor-drop-cap-view-stacked .elementor-drop-cap{background-color:#818a91;color:#fff}.elementor-widget-text-editor.elementor-drop-cap-view-framed .elementor-drop-cap{color:#818a91;border:3px solid;background-color:transparent}.elementor-widget-text-editor:not(.elementor-drop-cap-view-default) .elementor-drop-cap{margin-top:8px}.elementor-widget-text-editor:not(.elementor-drop-cap-view-default) .elementor-drop-cap-letter{width:1em;height:1em}.elementor-widget-text-editor .elementor-drop-cap{float:left;text-align:center;line-height:1;font-size:50px}.elementor-widget-text-editor .elementor-drop-cap-letter{display:inline-block}<\/style>\t\t\t\t<p>Dirigentes da FEQUIMFAR (Federa\u00e7\u00e3o dos Trabalhadores nas Ind\u00fastrias Qu\u00edmicas e Farmac\u00eauticas do Estado de S\u00e3o Paulo), entidade filiada \u00e0 For\u00e7a Sindical e \u00e0 CNTQ (Confedera\u00e7\u00e3o Nacional dos Trabalhadores no Ramo Qu\u00edmico) e lideran\u00e7as dos Sindicatos filiados de todas as regi\u00f5es do estado de S\u00e3o Paulo estiveram reunidas no dia 6 de fevereiro para o Semin\u00e1rio de Negocia\u00e7\u00e3o Coletiva do setor farmac\u00eautico, no audit\u00f3rio da Federa\u00e7\u00e3o dos Qu\u00edmicos em S\u00e3o Paulo SP.<\/p><p>O evento marcou o in\u00edcio da Campanha Salarial e Social da categoria e possibilitou que os dirigentes sindicais avaliassem dados e \u00edndices do setor. Em seguida, o grupo deliberou uma pr\u00e9-pauta de reivindica\u00e7\u00f5es dos trabalhadores e definiu estrat\u00e9gias para a negocia\u00e7\u00e3o com o setor patronal.<\/p><p>Dirigentes sindicais de todas as regi\u00f5es do estado de S\u00e3o Paulo participaram do encontro, representando mais de 16 mil trabalhadores nas ind\u00fastrias farmac\u00eauticas, cuja data-base \u00e9 1\u00ba de abril.<\/p><p>\u201cO setor farmac\u00eautico tem aumentado seu faturamento e, felizmente, se apresenta com boas perspectivas de desenvolvimento, com gera\u00e7\u00e3o de empregos atrav\u00e9s do PAC (Programa de acelera\u00e7\u00e3o do crescimento) e do NIB (Nova Ind\u00fastria Brasil). Por isso, a exemplo dos anos anteriores, continuamos mantendo a coes\u00e3o na luta dos trabalhadores, buscando avan\u00e7ar nas cl\u00e1usulas econ\u00f4micas, com reposi\u00e7\u00e3o das perdas salariais, aumento real dos sal\u00e1rios e do piso salarial, assim como reajustes no valor da Participa\u00e7\u00e3o nos Lucros e Resultados (PLR) e no aux\u00edlio alimenta\u00e7\u00e3o. Al\u00e9m disso, nosso compromisso inclui a luta por mais direitos por meio de negocia\u00e7\u00f5es na Conven\u00e7\u00e3o Coletiva, visando melhorias significativas para os trabalhadores do setor industrial farmac\u00eautico no estado de S\u00e3o Paulo.\u201d<br \/><strong>Sergio Luiz Leite, Serginho<\/strong><br \/><strong>Presidente da FEQUIMFAR e<\/strong><br \/><strong>Vice-presidente da For\u00e7a Sindical<\/strong><\/p><p><strong>Destaques da Pr\u00e9-Pauta de Reivindica\u00e7\u00f5es<\/strong><\/p><ul><li><strong>Reajuste Salarial:<\/strong>\u00a0100% do INPC* + 3% de Aumento Real<\/li><li><strong>Piso Salarial (Sal\u00e1rio Normativo)<\/strong><br \/><em>Para empresas com at\u00e9 100 empregados<\/em>Piso Salarial de a) R$ 2.262,06<br \/><em>Para empresas com mais de 100 empregados<\/em>Piso Salarial de b) R$ 2.827,31<\/li><li><strong>PLR<\/strong>\u00a0no valor de 2 Sal\u00e1rios Normativos<\/li><li><strong>Cart\u00e3o Alimenta\u00e7\u00e3o\/Cesta B\u00e1sica:<\/strong>\u00a0R$ 743,75<\/li><li><strong>Acesso gratuito a medicamentos<\/strong><\/li><li><strong>Igualdade salarial entre mulheres e homens (Lei 14.611 de 2023)<\/strong><\/li><\/ul><p>*INPC estimado em 3,16%<\/p><p>\u201cEste ano, as negocia\u00e7\u00f5es se concentrar\u00e3o nas cl\u00e1usulas econ\u00f4micas, uma vez que as cl\u00e1usulas sociais da Conven\u00e7\u00e3o Coletiva de Trabalho est\u00e3o asseguradas at\u00e9 2025. As reivindica\u00e7\u00f5es s\u00e3o por reajuste dos sal\u00e1rios e no Piso com aumento real, PLR e aux\u00edlio alimenta\u00e7\u00e3o.\u201d<br \/><strong>Edson Dias Bicalho,<\/strong><br \/><strong>secret\u00e1rio geral da FEQUIMFAR e\u00a0presidente\u00a0do Sindicato dos Qu\u00edmicos de Bauru e Regi\u00e3o<\/strong><\/p><p>\u201cA Federa\u00e7\u00e3o dos Qu\u00edmicos junto aos Sindicatos filiados est\u00e3o mobilizados e reivindicam mais direitos e conquistas em Conven\u00e7\u00e3o Coletiva para toda categoria.\u201d<br \/><strong>Jurandir Pedro de Souza,<br \/>diretor financeiro da FEQUIMFAR e<br \/>presidente do Sindicato dos Qu\u00edmicos de Itapetininga<\/strong><\/p><p>\u201cCom\u00a0data-base em 1\u00ba de abril, somos uma das primeiras categorias a iniciar as Campanhas Salariais, ent\u00e3o, temos que unir esfor\u00e7os para avan\u00e7ar em direitos e conquistas para balizar os demais segmentos.\u201d<br \/><strong>Antonio Silvan Oliveira,<\/strong><br \/><strong>presidente da CNTQ e do Sindicato dos Qu\u00edmicos de Guarulhos e Regi\u00e3o<\/strong><\/p><p><strong>Pr\u00f3ximas etapas<\/strong><\/p><p>At\u00e9 o dia 29 de fevereiro, dirigentes dos Sindicatos filiados, com o apoio da FEQUIMFAR, CNTQ, For\u00e7a Sindical, IndustriALL e ICM, realizar\u00e3o assembleias em todo o estado de S\u00e3o Paulo para que os trabalhadores analisem a Pr\u00e9-Pauta de Reivindica\u00e7\u00f5es. Em 1\u00ba de mar\u00e7o, est\u00e1 agendada uma assembleia geral na sede da FEQUIMFAR para discuss\u00e3o das delibera\u00e7\u00f5es das assembleias. Caso aprovada pela categoria, a Pauta de Reivindica\u00e7\u00f5es ser\u00e1 entregue ao setor patronal do SINDUSFARMA no dia 4 de mar\u00e7o.<\/p>\t\t\t\t\t\t<\/div>\n\t\t\t\t<\/div>\n\t\t\t\t\t<\/div>\n\t\t<\/div>\n\t\t\t\t\t\t\t<\/div>\n\t\t<\/section>\n\t\t\t\t<section class=\"elementor-section elementor-top-section elementor-element elementor-element-4efeb12 elementor-section-boxed elementor-section-height-default elementor-section-height-default\" data-id=\"4efeb12\" data-element_type=\"section\">\n\t\t\t\t\t\t<div class=\"elementor-container elementor-column-gap-default\">\n\t\t\t\t\t<div class=\"elementor-column elementor-col-25 elementor-top-column elementor-element elementor-element-b28094d\" data-id=\"b28094d\" data-element_type=\"column\">\n\t\t\t<div class=\"elementor-widget-wrap elementor-element-populated\">\n\t\t\t\t\t\t\t\t<div class=\"elementor-element elementor-element-41dde01 elementor-widget elementor-widget-image\" data-id=\"41dde01\" data-element_type=\"widget\" data-widget_type=\"image.default\">\n\t\t\t\t<div class=\"elementor-widget-container\">\n\t\t\t\t\t\t\t\t\t\t\t\t\t\t\t<img loading=\"lazy\" decoding=\"async\" width=\"1024\" height=\"683\" src=\"https:\/\/quimicositapetininga.org.br\/wp-content\/uploads\/2024\/02\/WhatsApp-Image-2024-02-07-at-09.19.11-4.jpeg\" class=\"attachment-large size-large\" alt=\"\" \/>\t\t\t\t\t\t\t\t\t\t\t\t\t\t\t<\/div>\n\t\t\t\t<\/div>\n\t\t\t\t\t<\/div>\n\t\t<\/div>\n\t\t\t\t<div class=\"elementor-column elementor-col-25 elementor-top-column elementor-element elementor-element-e43b623\" data-id=\"e43b623\" data-element_type=\"column\">\n\t\t\t<div class=\"elementor-widget-wrap elementor-element-populated\">\n\t\t\t\t\t\t\t\t<div class=\"elementor-element elementor-element-79a99b6 elementor-widget elementor-widget-image\" data-id=\"79a99b6\" data-element_type=\"widget\" data-widget_type=\"image.default\">\n\t\t\t\t<div class=\"elementor-widget-container\">\n\t\t\t\t\t\t\t\t\t\t\t\t\t\t\t<img loading=\"lazy\" decoding=\"async\" width=\"1024\" height=\"683\" src=\"https:\/\/quimicositapetininga.org.br\/wp-content\/uploads\/2024\/02\/WhatsApp-Image-2024-02-07-at-09.19.11-2.jpeg\" class=\"attachment-large size-large\" alt=\"\" \/>\t\t\t\t\t\t\t\t\t\t\t\t\t\t\t<\/div>\n\t\t\t\t<\/div>\n\t\t\t\t\t<\/div>\n\t\t<\/div>\n\t\t\t\t<div class=\"elementor-column elementor-col-25 elementor-top-column elementor-element elementor-element-ea8ebf7\" data-id=\"ea8ebf7\" data-element_type=\"column\">\n\t\t\t<div class=\"elementor-widget-wrap elementor-element-populated\">\n\t\t\t\t\t\t\t\t<div class=\"elementor-element elementor-element-0c4b6f9 elementor-widget elementor-widget-image\" data-id=\"0c4b6f9\" data-element_type=\"widget\" data-widget_type=\"image.default\">\n\t\t\t\t<div class=\"elementor-widget-container\">\n\t\t\t\t\t\t\t\t\t\t\t\t\t\t\t<img loading=\"lazy\" decoding=\"async\" width=\"1024\" height=\"683\" src=\"https:\/\/quimicositapetininga.org.br\/wp-content\/uploads\/2024\/02\/WhatsApp-Image-2024-02-07-at-09.19.11-1.jpeg\" class=\"attachment-large size-large\" alt=\"\" \/>\t\t\t\t\t\t\t\t\t\t\t\t\t\t\t<\/div>\n\t\t\t\t<\/div>\n\t\t\t\t\t<\/div>\n\t\t<\/div>\n\t\t\t\t<div class=\"elementor-column elementor-col-25 elementor-top-column elementor-element elementor-element-6b001cc\" data-id=\"6b001cc\" data-element_type=\"column\">\n\t\t\t<div class=\"elementor-widget-wrap elementor-element-populated\">\n\t\t\t\t\t\t\t\t<div class=\"elementor-element elementor-element-524f3b8 elementor-widget elementor-widget-image\" data-id=\"524f3b8\" data-element_type=\"widget\" data-widget_type=\"image.default\">\n\t\t\t\t<div class=\"elementor-widget-container\">\n\t\t\t\t\t\t\t\t\t\t\t\t\t\t\t<img loading=\"lazy\" decoding=\"async\" width=\"1024\" height=\"683\" src=\"https:\/\/quimicositapetininga.org.br\/wp-content\/uploads\/2024\/02\/WhatsApp-Image-2024-02-07-at-09.19.10-1.jpeg\" class=\"attachment-large size-large\" alt=\"\" \/>\t\t\t\t\t\t\t\t\t\t\t\t\t\t\t<\/div>\n\t\t\t\t<\/div>\n\t\t\t\t\t<\/div>\n\t\t<\/div>\n\t\t\t\t\t\t\t<\/div>\n\t\t<\/section>\n\t\t\t\t\t\t<\/div>\n\t\t\t\t\t<\/div>\n\t\t","protected":false},"excerpt":{"rendered":"<p>FEQUIMFAR e Sindicatos filiados discutem Pr\u00e9-pauta de reivindica\u00e7\u00f5es do setor industrial farmac\u00eautico Dirigentes da FEQUIMFAR (Federa\u00e7\u00e3o dos Trabalhadores nas Ind\u00fastrias Qu\u00edmicas e Farmac\u00eauticas do Estado de S\u00e3o Paulo), entidade filiada \u00e0 For\u00e7a Sindical e \u00e0 CNTQ (Confedera\u00e7\u00e3o Nacional dos Trabalhadores no Ramo Qu\u00edmico) e lideran\u00e7as dos Sindicatos filiados de todas as regi\u00f5es do estado de [&hellip;]<\/p>\n","protected":false},"author":1,"featured_media":0,"comment_status":"closed","ping_status":"closed","sticky":false,"template":"elementor_canvas","format":"standard","meta":{"footnotes":""},"categories":[2,5,10],"tags":[],"_links":{"self":[{"href":"https:\/\/quimicositapetininga.org.br\/index.php?rest_route=\/wp\/v2\/posts\/2073"}],"collection":[{"href":"https:\/\/quimicositapetininga.org.br\/index.php?rest_route=\/wp\/v2\/posts"}],"about":[{"href":"https:\/\/quimicositapetininga.org.br\/index.php?rest_route=\/wp\/v2\/types\/post"}],"author":[{"embeddable":true,"href":"https:\/\/quimicositapetininga.org.br\/index.php?rest_route=\/wp\/v2\/users\/1"}],"replies":[{"embeddable":true,"href":"https:\/\/quimicositapetininga.org.br\/index.php?rest_route=%2Fwp%2Fv2%2Fcomments&post=2073"}],"version-history":[{"count":4,"href":"https:\/\/quimicositapetininga.org.br\/index.php?rest_route=\/wp\/v2\/posts\/2073\/revisions"}],"predecessor-version":[{"id":2082,"href":"https:\/\/quimicositapetininga.org.br\/index.php?rest_route=\/wp\/v2\/posts\/2073\/revisions\/2082"}],"wp:attachment":[{"href":"https:\/\/quimicositapetininga.org.br\/index.php?rest_route=%2Fwp%2Fv2%2Fmedia&parent=2073"}],"wp:term":[{"taxonomy":"category","embeddable":true,"href":"https:\/\/quimicositapetininga.org.br\/index.php?rest_route=%2Fwp%2Fv2%2Fcategories&post=2073"},{"taxonomy":"post_tag","embeddable":true,"href":"https:\/\/quimicositapetininga.org.br\/index.php?rest_route=%2Fwp%2Fv2%2Ftags&post=2073"}],"curies":[{"name":"wp","href":"https:\/\/api.w.org\/{rel}","templated":true}]}}