{"id":2022,"date":"2023-12-13T16:10:58","date_gmt":"2023-12-13T16:10:58","guid":{"rendered":"https:\/\/quimicositapetininga.org.br\/?p=2022"},"modified":"2023-12-13T16:13:19","modified_gmt":"2023-12-13T16:13:19","slug":"comeca-a-5a-conferencia-nacional-de-saude-mental","status":"publish","type":"post","link":"https:\/\/quimicositapetininga.org.br\/?p=2022","title":{"rendered":"Come\u00e7a a 5\u00aa Confer\u00eancia Nacional de Sa\u00fade Mental"},"content":{"rendered":"\t\t<div data-elementor-type=\"wp-post\" data-elementor-id=\"2022\" class=\"elementor elementor-2022\" data-elementor-settings=\"[]\">\n\t\t\t\t\t\t\t<div class=\"elementor-section-wrap\">\n\t\t\t\t\t\t\t<section class=\"elementor-section elementor-top-section elementor-element elementor-element-59b06eb elementor-section-boxed elementor-section-height-default elementor-section-height-default\" data-id=\"59b06eb\" data-element_type=\"section\">\n\t\t\t\t\t\t<div class=\"elementor-container elementor-column-gap-default\">\n\t\t\t\t\t<div class=\"elementor-column elementor-col-100 elementor-top-column elementor-element elementor-element-30a64e0\" data-id=\"30a64e0\" data-element_type=\"column\">\n\t\t\t<div class=\"elementor-widget-wrap elementor-element-populated\">\n\t\t\t\t\t\t\t\t<div class=\"elementor-element elementor-element-facf494 elementor-widget elementor-widget-heading\" data-id=\"facf494\" data-element_type=\"widget\" data-widget_type=\"heading.default\">\n\t\t\t\t<div class=\"elementor-widget-container\">\n\t\t\t<style>\/*! elementor - v3.5.3 - 28-12-2021 *\/\n.elementor-heading-title{padding:0;margin:0;line-height:1}.elementor-widget-heading .elementor-heading-title[class*=elementor-size-]>a{color:inherit;font-size:inherit;line-height:inherit}.elementor-widget-heading .elementor-heading-title.elementor-size-small{font-size:15px}.elementor-widget-heading .elementor-heading-title.elementor-size-medium{font-size:19px}.elementor-widget-heading .elementor-heading-title.elementor-size-large{font-size:29px}.elementor-widget-heading .elementor-heading-title.elementor-size-xl{font-size:39px}.elementor-widget-heading .elementor-heading-title.elementor-size-xxl{font-size:59px}<\/style><h2 class=\"elementor-heading-title elementor-size-xl\">Come\u00e7a a 5\u00aa Confer\u00eancia Nacional de Sa\u00fade Mental<\/h2>\t\t<\/div>\n\t\t\t\t<\/div>\n\t\t\t\t\t<\/div>\n\t\t<\/div>\n\t\t\t\t\t\t\t<\/div>\n\t\t<\/section>\n\t\t\t\t<section class=\"elementor-section elementor-top-section elementor-element elementor-element-b7cd036 elementor-section-boxed elementor-section-height-default elementor-section-height-default\" data-id=\"b7cd036\" data-element_type=\"section\">\n\t\t\t\t\t\t<div class=\"elementor-container elementor-column-gap-default\">\n\t\t\t\t\t<div class=\"elementor-column elementor-col-100 elementor-top-column elementor-element elementor-element-2f75b7d\" data-id=\"2f75b7d\" data-element_type=\"column\">\n\t\t\t<div class=\"elementor-widget-wrap elementor-element-populated\">\n\t\t\t\t\t\t\t\t<div class=\"elementor-element elementor-element-ba58259 elementor-widget elementor-widget-image\" data-id=\"ba58259\" data-element_type=\"widget\" data-widget_type=\"image.default\">\n\t\t\t\t<div class=\"elementor-widget-container\">\n\t\t\t<style>\/*! elementor - v3.5.3 - 28-12-2021 *\/\n.elementor-widget-image{text-align:center}.elementor-widget-image a{display:inline-block}.elementor-widget-image a img[src$=\".svg\"]{width:48px}.elementor-widget-image img{vertical-align:middle;display:inline-block}<\/style>\t\t\t\t\t\t\t\t\t\t\t\t<img loading=\"lazy\" decoding=\"async\" width=\"696\" height=\"643\" src=\"https:\/\/quimicositapetininga.org.br\/wp-content\/uploads\/2023\/12\/5-conferencia-saude-mental_12-12-2023-1-696x643-1.jpeg\" class=\"attachment-large size-large\" alt=\"\" \/>\t\t\t\t\t\t\t\t\t\t\t\t\t\t\t<\/div>\n\t\t\t\t<\/div>\n\t\t\t\t\t<\/div>\n\t\t<\/div>\n\t\t\t\t\t\t\t<\/div>\n\t\t<\/section>\n\t\t\t\t<section class=\"elementor-section elementor-top-section elementor-element elementor-element-45f7bc1 elementor-section-boxed elementor-section-height-default elementor-section-height-default\" data-id=\"45f7bc1\" data-element_type=\"section\">\n\t\t\t\t\t\t<div class=\"elementor-container elementor-column-gap-default\">\n\t\t\t\t\t<div class=\"elementor-column elementor-col-100 elementor-top-column elementor-element elementor-element-c2b3d11\" data-id=\"c2b3d11\" data-element_type=\"column\">\n\t\t\t<div class=\"elementor-widget-wrap elementor-element-populated\">\n\t\t\t\t\t\t\t\t<div class=\"elementor-element elementor-element-94198b6 elementor-widget elementor-widget-text-editor\" data-id=\"94198b6\" data-element_type=\"widget\" data-widget_type=\"text-editor.default\">\n\t\t\t\t<div class=\"elementor-widget-container\">\n\t\t\t<style>\/*! elementor - v3.5.3 - 28-12-2021 *\/\n.elementor-widget-text-editor.elementor-drop-cap-view-stacked .elementor-drop-cap{background-color:#818a91;color:#fff}.elementor-widget-text-editor.elementor-drop-cap-view-framed .elementor-drop-cap{color:#818a91;border:3px solid;background-color:transparent}.elementor-widget-text-editor:not(.elementor-drop-cap-view-default) .elementor-drop-cap{margin-top:8px}.elementor-widget-text-editor:not(.elementor-drop-cap-view-default) .elementor-drop-cap-letter{width:1em;height:1em}.elementor-widget-text-editor .elementor-drop-cap{float:left;text-align:center;line-height:1;font-size:50px}.elementor-widget-text-editor .elementor-drop-cap-letter{display:inline-block}<\/style>\t\t\t\t<p>Jo\u00e3o Scaboli, diretor do departamento de sa\u00fade do trabalhador da FEQUIMFAR, membro do CNS pela For\u00e7a Sindical\u00a0e vice-presidente do DIESAT, est\u00e1 em Bras\u00edlia DF para participar da\u00a05\u00aa Confer\u00eancia Nacional de Sa\u00fade Mental (CNSM) Domingos S\u00e1vio.<\/p><p>Com o tema\u00a0 \u201cA pol\u00edtica de Sa\u00fade Mental como Direito: pela defesa do cuidado em liberdade, rumo a avan\u00e7os e garantia dos servi\u00e7os de aten\u00e7\u00e3o psicossocial no SUS\u201d, o evento acontece entre os dias 11 e 14 de dezembro no Centro Internacional de Conven\u00e7\u00f5es do Brasil (CICB).<\/p><p>Organizada pelo Conselho Nacional de Sa\u00fade (CNS) e promovida pelo Minist\u00e9rio da Sa\u00fade, por meio do Departamento de Sa\u00fade Mental, \u00c1lcool e outras Drogas do Minist\u00e9rio da Sa\u00fade (Desme), a confer\u00eancia dever\u00e1 reunir cerca de duas mil pessoas para discutir, aprovar e deliberar propostas para a formula\u00e7\u00e3o da Pol\u00edtica Nacional de Sa\u00fade Mental e o fortalecimento dos programas e a\u00e7\u00f5es de sa\u00fade mental em todo o territ\u00f3rio nacional. Ou seja, cabe a esta confer\u00eancia tem\u00e1tica de sa\u00fade versar sobre suas respectivas pol\u00edticas p\u00fablicas, num foco propositivo de monitoramento e avalia\u00e7\u00e3o de sua implementa\u00e7\u00e3o.<\/p><p>Fonte: com informa\u00e7\u00f5es do SUS Conecta.<\/p>\t\t\t\t\t\t<\/div>\n\t\t\t\t<\/div>\n\t\t\t\t\t<\/div>\n\t\t<\/div>\n\t\t\t\t\t\t\t<\/div>\n\t\t<\/section>\n\t\t\t\t\t\t<\/div>\n\t\t\t\t\t<\/div>\n\t\t","protected":false},"excerpt":{"rendered":"<p>Come\u00e7a a 5\u00aa Confer\u00eancia Nacional de Sa\u00fade Mental Jo\u00e3o Scaboli, diretor do departamento de sa\u00fade do trabalhador da FEQUIMFAR, membro do CNS pela For\u00e7a Sindical\u00a0e vice-presidente do DIESAT, est\u00e1 em Bras\u00edlia DF para participar da\u00a05\u00aa Confer\u00eancia Nacional de Sa\u00fade Mental (CNSM) Domingos S\u00e1vio. Com o tema\u00a0 \u201cA pol\u00edtica de Sa\u00fade Mental como Direito: pela defesa [&hellip;]<\/p>\n","protected":false},"author":1,"featured_media":0,"comment_status":"closed","ping_status":"closed","sticky":false,"template":"elementor_canvas","format":"standard","meta":{"footnotes":""},"categories":[9],"tags":[],"_links":{"self":[{"href":"https:\/\/quimicositapetininga.org.br\/index.php?rest_route=\/wp\/v2\/posts\/2022"}],"collection":[{"href":"https:\/\/quimicositapetininga.org.br\/index.php?rest_route=\/wp\/v2\/posts"}],"about":[{"href":"https:\/\/quimicositapetininga.org.br\/index.php?rest_route=\/wp\/v2\/types\/post"}],"author":[{"embeddable":true,"href":"https:\/\/quimicositapetininga.org.br\/index.php?rest_route=\/wp\/v2\/users\/1"}],"replies":[{"embeddable":true,"href":"https:\/\/quimicositapetininga.org.br\/index.php?rest_route=%2Fwp%2Fv2%2Fcomments&post=2022"}],"version-history":[{"count":7,"href":"https:\/\/quimicositapetininga.org.br\/index.php?rest_route=\/wp\/v2\/posts\/2022\/revisions"}],"predecessor-version":[{"id":2031,"href":"https:\/\/quimicositapetininga.org.br\/index.php?rest_route=\/wp\/v2\/posts\/2022\/revisions\/2031"}],"wp:attachment":[{"href":"https:\/\/quimicositapetininga.org.br\/index.php?rest_route=%2Fwp%2Fv2%2Fmedia&parent=2022"}],"wp:term":[{"taxonomy":"category","embeddable":true,"href":"https:\/\/quimicositapetininga.org.br\/index.php?rest_route=%2Fwp%2Fv2%2Fcategories&post=2022"},{"taxonomy":"post_tag","embeddable":true,"href":"https:\/\/quimicositapetininga.org.br\/index.php?rest_route=%2Fwp%2Fv2%2Ftags&post=2022"}],"curies":[{"name":"wp","href":"https:\/\/api.w.org\/{rel}","templated":true}]}}