{"id":2007,"date":"2023-12-05T21:23:51","date_gmt":"2023-12-05T21:23:51","guid":{"rendered":"https:\/\/quimicositapetininga.org.br\/?p=2007"},"modified":"2023-12-05T21:29:54","modified_gmt":"2023-12-05T21:29:54","slug":"nova-lista-de-doencas-do-trabalho-inclui-covid-19-burnout-e-cancer","status":"publish","type":"post","link":"https:\/\/quimicositapetininga.org.br\/?p=2007","title":{"rendered":"Nova lista de doen\u00e7as do trabalho inclui covid-19, burnout e c\u00e2ncer"},"content":{"rendered":"\t\t<div data-elementor-type=\"wp-post\" data-elementor-id=\"2007\" class=\"elementor elementor-2007\" data-elementor-settings=\"[]\">\n\t\t\t\t\t\t\t<div class=\"elementor-section-wrap\">\n\t\t\t\t\t\t\t<section class=\"elementor-section elementor-top-section elementor-element elementor-element-08649f3 elementor-section-boxed elementor-section-height-default elementor-section-height-default\" data-id=\"08649f3\" data-element_type=\"section\">\n\t\t\t\t\t\t<div class=\"elementor-container elementor-column-gap-default\">\n\t\t\t\t\t<div class=\"elementor-column elementor-col-100 elementor-top-column elementor-element elementor-element-5034e25\" data-id=\"5034e25\" data-element_type=\"column\">\n\t\t\t<div class=\"elementor-widget-wrap elementor-element-populated\">\n\t\t\t\t\t\t\t\t<div class=\"elementor-element elementor-element-a9f9f95 elementor-widget elementor-widget-heading\" data-id=\"a9f9f95\" data-element_type=\"widget\" data-widget_type=\"heading.default\">\n\t\t\t\t<div class=\"elementor-widget-container\">\n\t\t\t<style>\/*! elementor - v3.5.3 - 28-12-2021 *\/\n.elementor-heading-title{padding:0;margin:0;line-height:1}.elementor-widget-heading .elementor-heading-title[class*=elementor-size-]>a{color:inherit;font-size:inherit;line-height:inherit}.elementor-widget-heading .elementor-heading-title.elementor-size-small{font-size:15px}.elementor-widget-heading .elementor-heading-title.elementor-size-medium{font-size:19px}.elementor-widget-heading .elementor-heading-title.elementor-size-large{font-size:29px}.elementor-widget-heading .elementor-heading-title.elementor-size-xl{font-size:39px}.elementor-widget-heading .elementor-heading-title.elementor-size-xxl{font-size:59px}<\/style><h2 class=\"elementor-heading-title elementor-size-xl\">Nova lista de doen\u00e7as do trabalho inclui covid-19, burnout e c\u00e2ncer<\/h2>\t\t<\/div>\n\t\t\t\t<\/div>\n\t\t\t\t\t<\/div>\n\t\t<\/div>\n\t\t\t\t\t\t\t<\/div>\n\t\t<\/section>\n\t\t\t\t<section class=\"elementor-section elementor-top-section elementor-element elementor-element-af7a109 elementor-section-boxed elementor-section-height-default elementor-section-height-default\" data-id=\"af7a109\" data-element_type=\"section\">\n\t\t\t\t\t\t<div class=\"elementor-container elementor-column-gap-default\">\n\t\t\t\t\t<div class=\"elementor-column elementor-col-100 elementor-top-column elementor-element elementor-element-fa960ff\" data-id=\"fa960ff\" data-element_type=\"column\">\n\t\t\t<div class=\"elementor-widget-wrap elementor-element-populated\">\n\t\t\t\t\t\t\t\t<div class=\"elementor-element elementor-element-103288a elementor-widget elementor-widget-text-editor\" data-id=\"103288a\" data-element_type=\"widget\" data-widget_type=\"text-editor.default\">\n\t\t\t\t<div class=\"elementor-widget-container\">\n\t\t\t<style>\/*! elementor - v3.5.3 - 28-12-2021 *\/\n.elementor-widget-text-editor.elementor-drop-cap-view-stacked .elementor-drop-cap{background-color:#818a91;color:#fff}.elementor-widget-text-editor.elementor-drop-cap-view-framed .elementor-drop-cap{color:#818a91;border:3px solid;background-color:transparent}.elementor-widget-text-editor:not(.elementor-drop-cap-view-default) .elementor-drop-cap{margin-top:8px}.elementor-widget-text-editor:not(.elementor-drop-cap-view-default) .elementor-drop-cap-letter{width:1em;height:1em}.elementor-widget-text-editor .elementor-drop-cap{float:left;text-align:center;line-height:1;font-size:50px}.elementor-widget-text-editor .elementor-drop-cap-letter{display:inline-block}<\/style>\t\t\t\t<h3 class=\"col-10 offset-1 animated fadeInDown dealy-900 display-8 display-md-8 alt-font font-italic my-1 text-center\" style=\"text-align: center;\">Altera\u00e7\u00f5es d\u00e3o respaldo a auditores fiscais do trabalho<\/h3>\t\t\t\t\t\t<\/div>\n\t\t\t\t<\/div>\n\t\t\t\t\t<\/div>\n\t\t<\/div>\n\t\t\t\t\t\t\t<\/div>\n\t\t<\/section>\n\t\t\t\t<section class=\"elementor-section elementor-top-section elementor-element elementor-element-97dd027 elementor-section-boxed elementor-section-height-default elementor-section-height-default\" data-id=\"97dd027\" data-element_type=\"section\">\n\t\t\t\t\t\t<div class=\"elementor-container elementor-column-gap-default\">\n\t\t\t\t\t<div class=\"elementor-column elementor-col-100 elementor-top-column elementor-element elementor-element-4d0dd39\" data-id=\"4d0dd39\" data-element_type=\"column\">\n\t\t\t<div class=\"elementor-widget-wrap elementor-element-populated\">\n\t\t\t\t\t\t\t\t<div class=\"elementor-element elementor-element-c077f04 elementor-widget elementor-widget-image\" data-id=\"c077f04\" data-element_type=\"widget\" data-widget_type=\"image.default\">\n\t\t\t\t<div class=\"elementor-widget-container\">\n\t\t\t<style>\/*! elementor - v3.5.3 - 28-12-2021 *\/\n.elementor-widget-image{text-align:center}.elementor-widget-image a{display:inline-block}.elementor-widget-image a img[src$=\".svg\"]{width:48px}.elementor-widget-image img{vertical-align:middle;display:inline-block}<\/style>\t\t\t\t\t\t\t\t\t\t\t\t<img loading=\"lazy\" decoding=\"async\" width=\"600\" height=\"300\" src=\"https:\/\/quimicositapetininga.org.br\/wp-content\/uploads\/2023\/12\/69310124385e197c8bb77968dfde299c_16427021203848_1496197335.png\" class=\"attachment-large size-large\" alt=\"\" \/>\t\t\t\t\t\t\t\t\t\t\t\t\t\t\t<\/div>\n\t\t\t\t<\/div>\n\t\t\t\t\t<\/div>\n\t\t<\/div>\n\t\t\t\t\t\t\t<\/div>\n\t\t<\/section>\n\t\t\t\t<section class=\"elementor-section elementor-top-section elementor-element elementor-element-9c4f293 elementor-section-boxed elementor-section-height-default elementor-section-height-default\" data-id=\"9c4f293\" data-element_type=\"section\">\n\t\t\t\t\t\t<div class=\"elementor-container elementor-column-gap-default\">\n\t\t\t\t\t<div class=\"elementor-column elementor-col-100 elementor-top-column elementor-element elementor-element-736540a\" data-id=\"736540a\" data-element_type=\"column\">\n\t\t\t<div class=\"elementor-widget-wrap elementor-element-populated\">\n\t\t\t\t\t\t\t\t<div class=\"elementor-element elementor-element-1e3e932 elementor-widget elementor-widget-text-editor\" data-id=\"1e3e932\" data-element_type=\"widget\" data-widget_type=\"text-editor.default\">\n\t\t\t\t<div class=\"elementor-widget-container\">\n\t\t\t\t\t\t\t<p>O Minist\u00e9rio da Sa\u00fade anunciou nesta quarta-feira (29) a atualiza\u00e7\u00e3o na lista de doen\u00e7as relacionadas ao trabalho. Portaria j\u00e1 foi publicada incluindo 165 novas patologias, apontadas como respons\u00e1veis por danos \u00e0 integridade f\u00edsica ou mental do trabalhador.<img decoding=\"async\" src=\"https:\/\/agenciabrasil.ebc.com.br\/ebc.png?id=1569657&amp;o=node\" \/><img decoding=\"async\" src=\"https:\/\/agenciabrasil.ebc.com.br\/ebc.gif?id=1569657&amp;o=node\" \/><\/p><p>Entre as patologias est\u00e3o a covid-19, dist\u00farbios m\u00fasculos esquel\u00e9ticos e alguns tipos de c\u00e2nceres.<\/p><p>Transtornos mentais como Burnout, ansiedade, depress\u00e3o e tentativa de suic\u00eddio tamb\u00e9m foram acrescentados \u00e0 lista. Foi ainda reconhecido que o uso de determinadas drogas pode ser consequ\u00eancia de jornadas exaustivas e ass\u00e9dio moral, da mesma forma como o abuso de \u00e1lcool que j\u00e1 constava na lista.<\/p><p>Os ajustes receberam parecer favor\u00e1vel dos minist\u00e9rios do Trabalho e Emprego e da Previd\u00eancia Social e passam a valer em 30 dias.<\/p><p>Com as mudan\u00e7as, o poder p\u00fablico dever\u00e1 planejar medidas de assist\u00eancia e vigil\u00e2ncia para evitar essas doen\u00e7as em locais de trabalho, possibilitando ambientes laborais mais seguros e saud\u00e1veis.<\/p><p>As altera\u00e7\u00f5es tamb\u00e9m d\u00e3o respaldo para a fiscaliza\u00e7\u00e3o dos auditores fiscais do trabalho, favorecem o acesso a benef\u00edcios previdenci\u00e1rios e d\u00e1 mais prote\u00e7\u00e3o ao trabalhador diagnosticado pelas doen\u00e7as elencadas. A atualiza\u00e7\u00e3o leva em conta todas as ocupa\u00e7\u00f5es. Ou seja, vale para trabalhadores formais e informais, que atuam no meio urbano ou rural.<\/p><h2>Lista de doen\u00e7as ocupacionais\u00a0<\/h2><p>A lista de doen\u00e7as ocupacionais foi institu\u00edda em 1999. O documento \u00e9 composto por duas partes: a primeira apresenta os riscos para o desenvolvimento de doen\u00e7as e a segunda estabelece as doen\u00e7as para identifica\u00e7\u00e3o, diagn\u00f3stico e tratamento.<\/p><p>Com a atualiza\u00e7\u00e3o, a quantidade de c\u00f3digos de diagn\u00f3sticos passa de 182 para 347. A\u00a0<a href=\"https:\/\/www.in.gov.br\/en\/web\/dou\/-\/portaria-gm\/ms-n-1.999-de-27-de-novembro-de-2023-526629116\" target=\"_blank\" rel=\"noopener\">lista<\/a>\u00a0pode ser conferida no\u00a0<em>Di\u00e1rio Oficial da Uni\u00e3o<\/em>.<\/p><p>De acordo com o Minist\u00e9rio da Sa\u00fade, a atualiza\u00e7\u00e3o foi prioridade da nova gest\u00e3o e reflete a retomada do protagonismo da coordena\u00e7\u00e3o nacional da pol\u00edtica de sa\u00fade do trabalhador.<\/p><p>As inclus\u00f5es foram avaliadas pela Rede Nacional de Aten\u00e7\u00e3o Integral \u00e0 Sa\u00fade do Trabalhador (Renast) em seu 11\u00ba encontro conhecido como Renast\u00e3o, que come\u00e7ou na segunda-feira (27) e se encerrou\u00a0nesta quarta-feira (29), em Bras\u00edlia.<\/p><p>Institu\u00edda em 2002, a Renast tem papel estrat\u00e9gico no desenvolvimento da aten\u00e7\u00e3o integral \u00e0 sa\u00fade do trabalhador e envolve o Minist\u00e9rio da Sa\u00fade e as secretarias de sa\u00fade de estados, munic\u00edpios e do Distrito Federal.<\/p><p>Quase 3 milh\u00f5es de casos de doen\u00e7as ocupacionais foram atendidos pelo Sistema \u00danico de Sa\u00fade (SUS) entre 2007 e 2022, segundo apontam dados Sistema de Informa\u00e7\u00e3o de Agravos de Notifica\u00e7\u00e3o (Sinan), que \u00e9 gerenciado pelo Minist\u00e9rio da Sa\u00fade. De todas as notifica\u00e7\u00f5es, 52,9% est\u00e1 relacionada com acidentes de trabalho graves.<\/p><p>Conforme os dados do Sinan, 26,8% das notifica\u00e7\u00f5es foram geradas pela exposi\u00e7\u00e3o a material biol\u00f3gico; 12,2% devido a acidente com animais pe\u00e7onhentos; e 3,7% por les\u00f5es por esfor\u00e7os repetitivos (LER) ou dist\u00farbios osteomusculares relacionados ao trabalho. Somente em 2023, j\u00e1 s\u00e3o mais de 390 mil casos notificados de doen\u00e7as relacionados ao trabalho.<\/p><p>\u00a0<\/p><p><em><strong>VIA: AG\u00caNCIABRASIL<\/strong><\/em><\/p>\t\t\t\t\t\t<\/div>\n\t\t\t\t<\/div>\n\t\t\t\t\t<\/div>\n\t\t<\/div>\n\t\t\t\t\t\t\t<\/div>\n\t\t<\/section>\n\t\t\t\t\t\t<\/div>\n\t\t\t\t\t<\/div>\n\t\t","protected":false},"excerpt":{"rendered":"<p>Nova lista de doen\u00e7as do trabalho inclui covid-19, burnout e c\u00e2ncer Altera\u00e7\u00f5es d\u00e3o respaldo a auditores fiscais do trabalho O Minist\u00e9rio da Sa\u00fade anunciou nesta quarta-feira (29) a atualiza\u00e7\u00e3o na lista de doen\u00e7as relacionadas ao trabalho. Portaria j\u00e1 foi publicada incluindo 165 novas patologias, apontadas como respons\u00e1veis por danos \u00e0 integridade f\u00edsica ou mental do [&hellip;]<\/p>\n","protected":false},"author":1,"featured_media":0,"comment_status":"closed","ping_status":"closed","sticky":false,"template":"elementor_canvas","format":"standard","meta":{"footnotes":""},"categories":[18],"tags":[],"_links":{"self":[{"href":"https:\/\/quimicositapetininga.org.br\/index.php?rest_route=\/wp\/v2\/posts\/2007"}],"collection":[{"href":"https:\/\/quimicositapetininga.org.br\/index.php?rest_route=\/wp\/v2\/posts"}],"about":[{"href":"https:\/\/quimicositapetininga.org.br\/index.php?rest_route=\/wp\/v2\/types\/post"}],"author":[{"embeddable":true,"href":"https:\/\/quimicositapetininga.org.br\/index.php?rest_route=\/wp\/v2\/users\/1"}],"replies":[{"embeddable":true,"href":"https:\/\/quimicositapetininga.org.br\/index.php?rest_route=%2Fwp%2Fv2%2Fcomments&post=2007"}],"version-history":[{"count":4,"href":"https:\/\/quimicositapetininga.org.br\/index.php?rest_route=\/wp\/v2\/posts\/2007\/revisions"}],"predecessor-version":[{"id":2013,"href":"https:\/\/quimicositapetininga.org.br\/index.php?rest_route=\/wp\/v2\/posts\/2007\/revisions\/2013"}],"wp:attachment":[{"href":"https:\/\/quimicositapetininga.org.br\/index.php?rest_route=%2Fwp%2Fv2%2Fmedia&parent=2007"}],"wp:term":[{"taxonomy":"category","embeddable":true,"href":"https:\/\/quimicositapetininga.org.br\/index.php?rest_route=%2Fwp%2Fv2%2Fcategories&post=2007"},{"taxonomy":"post_tag","embeddable":true,"href":"https:\/\/quimicositapetininga.org.br\/index.php?rest_route=%2Fwp%2Fv2%2Ftags&post=2007"}],"curies":[{"name":"wp","href":"https:\/\/api.w.org\/{rel}","templated":true}]}}