{"id":2000,"date":"2023-12-04T22:00:03","date_gmt":"2023-12-04T22:00:03","guid":{"rendered":"https:\/\/quimicositapetininga.org.br\/?p=2000"},"modified":"2023-12-04T22:06:04","modified_gmt":"2023-12-04T22:06:04","slug":"ibge-populacao-empregada-chega-ao-maior-numero-da-serie-historica","status":"publish","type":"post","link":"https:\/\/quimicositapetininga.org.br\/?p=2000","title":{"rendered":"IBGE: popula\u00e7\u00e3o empregada chega ao maior n\u00famero da s\u00e9rie hist\u00f3rica"},"content":{"rendered":"\t\t<div data-elementor-type=\"wp-post\" data-elementor-id=\"2000\" class=\"elementor elementor-2000\" data-elementor-settings=\"[]\">\n\t\t\t\t\t\t\t<div class=\"elementor-section-wrap\">\n\t\t\t\t\t\t\t<section class=\"elementor-section elementor-top-section elementor-element elementor-element-429209c elementor-section-boxed elementor-section-height-default elementor-section-height-default\" data-id=\"429209c\" data-element_type=\"section\">\n\t\t\t\t\t\t<div class=\"elementor-container elementor-column-gap-default\">\n\t\t\t\t\t<div class=\"elementor-column elementor-col-100 elementor-top-column elementor-element elementor-element-89acedc\" data-id=\"89acedc\" data-element_type=\"column\">\n\t\t\t<div class=\"elementor-widget-wrap elementor-element-populated\">\n\t\t\t\t\t\t\t\t<div class=\"elementor-element elementor-element-a569e48 elementor-widget elementor-widget-heading\" data-id=\"a569e48\" data-element_type=\"widget\" data-widget_type=\"heading.default\">\n\t\t\t\t<div class=\"elementor-widget-container\">\n\t\t\t<style>\/*! elementor - v3.5.3 - 28-12-2021 *\/\n.elementor-heading-title{padding:0;margin:0;line-height:1}.elementor-widget-heading .elementor-heading-title[class*=elementor-size-]>a{color:inherit;font-size:inherit;line-height:inherit}.elementor-widget-heading .elementor-heading-title.elementor-size-small{font-size:15px}.elementor-widget-heading .elementor-heading-title.elementor-size-medium{font-size:19px}.elementor-widget-heading .elementor-heading-title.elementor-size-large{font-size:29px}.elementor-widget-heading .elementor-heading-title.elementor-size-xl{font-size:39px}.elementor-widget-heading .elementor-heading-title.elementor-size-xxl{font-size:59px}<\/style><h2 class=\"elementor-heading-title elementor-size-xl\">IBGE: popula\u00e7\u00e3o empregada chega ao maior n\u00famero da s\u00e9rie hist\u00f3rica<\/h2>\t\t<\/div>\n\t\t\t\t<\/div>\n\t\t\t\t\t<\/div>\n\t\t<\/div>\n\t\t\t\t\t\t\t<\/div>\n\t\t<\/section>\n\t\t\t\t<section class=\"elementor-section elementor-top-section elementor-element elementor-element-1936792 elementor-section-boxed elementor-section-height-default elementor-section-height-default\" data-id=\"1936792\" data-element_type=\"section\">\n\t\t\t\t\t\t<div class=\"elementor-container elementor-column-gap-default\">\n\t\t\t\t\t<div class=\"elementor-column elementor-col-100 elementor-top-column elementor-element elementor-element-4dba5be\" data-id=\"4dba5be\" data-element_type=\"column\">\n\t\t\t<div class=\"elementor-widget-wrap elementor-element-populated\">\n\t\t\t\t\t\t\t\t<div class=\"elementor-element elementor-element-7ea7594 elementor-widget elementor-widget-image\" data-id=\"7ea7594\" data-element_type=\"widget\" data-widget_type=\"image.default\">\n\t\t\t\t<div class=\"elementor-widget-container\">\n\t\t\t<style>\/*! elementor - v3.5.3 - 28-12-2021 *\/\n.elementor-widget-image{text-align:center}.elementor-widget-image a{display:inline-block}.elementor-widget-image a img[src$=\".svg\"]{width:48px}.elementor-widget-image img{vertical-align:middle;display:inline-block}<\/style>\t\t\t\t\t\t\t\t\t\t\t\t<img loading=\"lazy\" decoding=\"async\" width=\"783\" height=\"391\" src=\"https:\/\/quimicositapetininga.org.br\/wp-content\/uploads\/2023\/12\/IMG-20231204-WA0006.jpg\" class=\"attachment-large size-large\" alt=\"\" \/>\t\t\t\t\t\t\t\t\t\t\t\t\t\t\t<\/div>\n\t\t\t\t<\/div>\n\t\t\t\t\t<\/div>\n\t\t<\/div>\n\t\t\t\t\t\t\t<\/div>\n\t\t<\/section>\n\t\t\t\t<section class=\"elementor-section elementor-top-section elementor-element elementor-element-e3e1a61 elementor-section-boxed elementor-section-height-default elementor-section-height-default\" data-id=\"e3e1a61\" data-element_type=\"section\">\n\t\t\t\t\t\t<div class=\"elementor-container elementor-column-gap-default\">\n\t\t\t\t\t<div class=\"elementor-column elementor-col-100 elementor-top-column elementor-element elementor-element-1d919c5\" data-id=\"1d919c5\" data-element_type=\"column\">\n\t\t\t<div class=\"elementor-widget-wrap elementor-element-populated\">\n\t\t\t\t\t\t\t\t<div class=\"elementor-element elementor-element-13080cb elementor-widget elementor-widget-text-editor\" data-id=\"13080cb\" data-element_type=\"widget\" data-widget_type=\"text-editor.default\">\n\t\t\t\t<div class=\"elementor-widget-container\">\n\t\t\t<style>\/*! elementor - v3.5.3 - 28-12-2021 *\/\n.elementor-widget-text-editor.elementor-drop-cap-view-stacked .elementor-drop-cap{background-color:#818a91;color:#fff}.elementor-widget-text-editor.elementor-drop-cap-view-framed .elementor-drop-cap{color:#818a91;border:3px solid;background-color:transparent}.elementor-widget-text-editor:not(.elementor-drop-cap-view-default) .elementor-drop-cap{margin-top:8px}.elementor-widget-text-editor:not(.elementor-drop-cap-view-default) .elementor-drop-cap-letter{width:1em;height:1em}.elementor-widget-text-editor .elementor-drop-cap{float:left;text-align:center;line-height:1;font-size:50px}.elementor-widget-text-editor .elementor-drop-cap-letter{display:inline-block}<\/style>\t\t\t\t<p>A taxa de\u00a0<a href=\"https:\/\/radiopeaobrasil.com.br\/desemprego-cai-e-chega-a-77-diz-ibge\/\" target=\"_blank\" rel=\"noopener\">desocupa\u00e7\u00e3o<\/a>\u00a0ficou em 7,6% no trimestre de agosto a outubro. \u00c9 a menor taxa desde o trimestre encerrado em fevereiro de 2015, quando ficou em 7,5%. Os dados s\u00e3o da Pesquisa Nacional por Amostra de Domic\u00edlios Cont\u00ednua (Pnad Cont\u00ednua), divulgada hoje (30) pelo\u00a0<a href=\"https:\/\/agenciadenoticias.ibge.gov.br\/agencia-noticias\/2012-agencia-de-noticias\/noticias\/38473-taxa-de-desocupacao-cai-e-fecha-trimestre-encerrado-em-outubro-em-7-6\" target=\"_blank\" rel=\"noopener\">IBGE<\/a>.<\/p><p>A popula\u00e7\u00e3o ocupada, de 100,2 milh\u00f5es de pessoas, representa o maior contingente da s\u00e9rie hist\u00f3rica iniciada em 2012. Para a coordenadora de Pesquisas por Amostra de Domic\u00edlios do IBGE, Adriana Beringuy, o n\u00edvel de ocupa\u00e7\u00e3o segue tend\u00eancia de aumento que j\u00e1 havia sido observada no trimestre anterior.<\/p><h2>Carteira assinada<\/h2><p>O n\u00famero de empregados com carteira de trabalho no setor privado (exclusive trabalhadores dom\u00e9sticos) chegou a 37,4 milh\u00f5es. J\u00e1 o n\u00famero de trabalhadores por conta pr\u00f3pria foi de 25,6 milh\u00f5es de pessoas, um aumento de 1,3% (mais 317 mil) frente ao trimestre anterior. O n\u00famero de empregados sem carteira no setor privado ficou est\u00e1vel e fechou em 13,3 milh\u00f5es.<\/p><h2>Setores que cresceram<\/h2><p>O setor que cresceu no \u00faltimo trimestre foi transporte, armazenagem e correio, com expans\u00e3o de 3,2%, ou mais 172 mil pessoas. No ano houve alta em transporte, armazenagem e correio, alojamento e\u00a0<a href=\"https:\/\/radiopeaobrasil.com.br\/cesta-basica-preco-cai-em-12-cidades-pesquisadas-diz-dieese\/\" target=\"_blank\" rel=\"noopener\">alimenta\u00e7\u00e3o<\/a>, informa\u00e7\u00e3o, comunica\u00e7\u00e3o e atividades financeiras, imobili\u00e1rias, profissionais e administrativas e administra\u00e7\u00e3o p\u00fablica, defesa, seguridade social, educa\u00e7\u00e3o, sa\u00fade humana e servi\u00e7os sociais.<\/p><p>Houve redu\u00e7\u00e3o no setor de agricultura, pecu\u00e1ria, produ\u00e7\u00e3o florestal, pesca e aquicultura.<\/p><h2>Rendimento segue crescendo<\/h2><p>O rendimento m\u00e9dio, estimado em R$2.999, teve um crescimento de 1,7% em rela\u00e7\u00e3o ao trimestre encerrado em junho e de 3,9% frente ao mesmo per\u00edodo do ano passado. Uma das explica\u00e7\u00f5es, de acordo com Beringuy, \u00e9 a expans\u00e3o continuada entre ocupados com\u00a0<a href=\"https:\/\/radiopeaobrasil.com.br\/mais-de-190-mil-empregos-com-carteira-assinada-sao-criados-em-outubro\/\" target=\"_blank\" rel=\"noopener\">carteira assinada<\/a>, posi\u00e7\u00e3o na ocupa\u00e7\u00e3o normalmente com rendimentos maiores.<\/p><p>A massa de rendimento atingiu novamente o maior patamar da s\u00e9rie hist\u00f3rica da pesquisa.<\/p><h2>Taxa de subutiliza\u00e7\u00e3o fica em 17,6% no trimestre encerrado em outubro<\/h2><p>A PNAD Cont\u00ednua tamb\u00e9m mostrou que a taxa composta de subutiliza\u00e7\u00e3o ficou em 17,6% no trimestre encerrado em outubro de 2023. Foi a menor taxa desde o trimestre encerrado em dezembro de 2015, quando fechou em 17,4%. Dessa forma, a popula\u00e7\u00e3o subutilizada ficou em 20,1 milh\u00f5es de pessoas, um recuo de 14% frente ao mesmo per\u00edodo de 2022. J\u00e1 a popula\u00e7\u00e3o subocupada por insufici\u00eancia de horas trabalhadas foi de 5,3 milh\u00f5es, queda de 14% no ano. A popula\u00e7\u00e3o fora da for\u00e7a de trabalho, por sua vez, foi de 66,8 milh\u00f5es, um crescimento de 3,2% (mais 2,1 milh\u00f5es) ante o mesmo tri de 2022.<\/p><p>J\u00e1 a popula\u00e7\u00e3o desalentada foi de 3,5 milh\u00f5es, queda de 4,6% ante o trimestre anterior e 17,7% no ano, sendo o menor contingente desde o trimestre encerrado em setembro de 2016, quando foi de 3,5 milh\u00f5es. O percentual de desalentados na for\u00e7a de trabalho ou desalentada foi de 3,1%, queda nas duas compara\u00e7\u00f5es (0,2 p.p. no trimestre e 0,6 p.p. no ano) e \u00e9 a menor taxa desde o trimestre encerrado em julho de 2016, quando tamb\u00e9m marcou 3,1%.<\/p>\t\t\t\t\t\t<\/div>\n\t\t\t\t<\/div>\n\t\t\t\t\t<\/div>\n\t\t<\/div>\n\t\t\t\t\t\t\t<\/div>\n\t\t<\/section>\n\t\t\t\t\t\t<\/div>\n\t\t\t\t\t<\/div>\n\t\t","protected":false},"excerpt":{"rendered":"<p>IBGE: popula\u00e7\u00e3o empregada chega ao maior n\u00famero da s\u00e9rie hist\u00f3rica A taxa de\u00a0desocupa\u00e7\u00e3o\u00a0ficou em 7,6% no trimestre de agosto a outubro. \u00c9 a menor taxa desde o trimestre encerrado em fevereiro de 2015, quando ficou em 7,5%. Os dados s\u00e3o da Pesquisa Nacional por Amostra de Domic\u00edlios Cont\u00ednua (Pnad Cont\u00ednua), divulgada hoje (30) pelo\u00a0IBGE. A [&hellip;]<\/p>\n","protected":false},"author":1,"featured_media":0,"comment_status":"closed","ping_status":"closed","sticky":false,"template":"elementor_canvas","format":"standard","meta":{"footnotes":""},"categories":[2],"tags":[],"_links":{"self":[{"href":"https:\/\/quimicositapetininga.org.br\/index.php?rest_route=\/wp\/v2\/posts\/2000"}],"collection":[{"href":"https:\/\/quimicositapetininga.org.br\/index.php?rest_route=\/wp\/v2\/posts"}],"about":[{"href":"https:\/\/quimicositapetininga.org.br\/index.php?rest_route=\/wp\/v2\/types\/post"}],"author":[{"embeddable":true,"href":"https:\/\/quimicositapetininga.org.br\/index.php?rest_route=\/wp\/v2\/users\/1"}],"replies":[{"embeddable":true,"href":"https:\/\/quimicositapetininga.org.br\/index.php?rest_route=%2Fwp%2Fv2%2Fcomments&post=2000"}],"version-history":[{"count":4,"href":"https:\/\/quimicositapetininga.org.br\/index.php?rest_route=\/wp\/v2\/posts\/2000\/revisions"}],"predecessor-version":[{"id":2006,"href":"https:\/\/quimicositapetininga.org.br\/index.php?rest_route=\/wp\/v2\/posts\/2000\/revisions\/2006"}],"wp:attachment":[{"href":"https:\/\/quimicositapetininga.org.br\/index.php?rest_route=%2Fwp%2Fv2%2Fmedia&parent=2000"}],"wp:term":[{"taxonomy":"category","embeddable":true,"href":"https:\/\/quimicositapetininga.org.br\/index.php?rest_route=%2Fwp%2Fv2%2Fcategories&post=2000"},{"taxonomy":"post_tag","embeddable":true,"href":"https:\/\/quimicositapetininga.org.br\/index.php?rest_route=%2Fwp%2Fv2%2Ftags&post=2000"}],"curies":[{"name":"wp","href":"https:\/\/api.w.org\/{rel}","templated":true}]}}