{"id":1967,"date":"2023-11-10T21:02:31","date_gmt":"2023-11-10T21:02:31","guid":{"rendered":"https:\/\/quimicositapetininga.org.br\/?p=1967"},"modified":"2023-11-10T21:06:31","modified_gmt":"2023-11-10T21:06:31","slug":"quimicos-da-forca-garantem-aumento-real-nos-salarios-e-manutencao-da-convencao-coletiva-ate-2025","status":"publish","type":"post","link":"https:\/\/quimicositapetininga.org.br\/?p=1967","title":{"rendered":"Qu\u00edmicos da For\u00e7a garantem aumento real nos sal\u00e1rios e manuten\u00e7\u00e3o da Conven\u00e7\u00e3o Coletiva at\u00e9 2025"},"content":{"rendered":"\t\t<div data-elementor-type=\"wp-post\" data-elementor-id=\"1967\" class=\"elementor elementor-1967\" data-elementor-settings=\"[]\">\n\t\t\t\t\t\t\t<div class=\"elementor-section-wrap\">\n\t\t\t\t\t\t\t<section class=\"elementor-section elementor-top-section elementor-element elementor-element-2e16b13 elementor-section-boxed elementor-section-height-default elementor-section-height-default\" data-id=\"2e16b13\" data-element_type=\"section\">\n\t\t\t\t\t\t<div class=\"elementor-container elementor-column-gap-default\">\n\t\t\t\t\t<div class=\"elementor-column elementor-col-100 elementor-top-column elementor-element elementor-element-36d597d\" data-id=\"36d597d\" data-element_type=\"column\">\n\t\t\t<div class=\"elementor-widget-wrap elementor-element-populated\">\n\t\t\t\t\t\t\t\t<div class=\"elementor-element elementor-element-277018f elementor-widget elementor-widget-heading\" data-id=\"277018f\" data-element_type=\"widget\" data-widget_type=\"heading.default\">\n\t\t\t\t<div class=\"elementor-widget-container\">\n\t\t\t<style>\/*! elementor - v3.5.3 - 28-12-2021 *\/\n.elementor-heading-title{padding:0;margin:0;line-height:1}.elementor-widget-heading .elementor-heading-title[class*=elementor-size-]>a{color:inherit;font-size:inherit;line-height:inherit}.elementor-widget-heading .elementor-heading-title.elementor-size-small{font-size:15px}.elementor-widget-heading .elementor-heading-title.elementor-size-medium{font-size:19px}.elementor-widget-heading .elementor-heading-title.elementor-size-large{font-size:29px}.elementor-widget-heading .elementor-heading-title.elementor-size-xl{font-size:39px}.elementor-widget-heading .elementor-heading-title.elementor-size-xxl{font-size:59px}<\/style><h2 class=\"elementor-heading-title elementor-size-xl\">Qu\u00edmicos da For\u00e7a garantem aumento real nos sal\u00e1rios e manuten\u00e7\u00e3o da Conven\u00e7\u00e3o Coletiva at\u00e9 2025<\/h2>\t\t<\/div>\n\t\t\t\t<\/div>\n\t\t\t\t\t<\/div>\n\t\t<\/div>\n\t\t\t\t\t\t\t<\/div>\n\t\t<\/section>\n\t\t\t\t<section class=\"elementor-section elementor-top-section elementor-element elementor-element-fa4d9fe elementor-section-boxed elementor-section-height-default elementor-section-height-default\" data-id=\"fa4d9fe\" data-element_type=\"section\">\n\t\t\t\t\t\t<div class=\"elementor-container elementor-column-gap-default\">\n\t\t\t\t\t<div class=\"elementor-column elementor-col-100 elementor-top-column elementor-element elementor-element-ac7c1a5\" data-id=\"ac7c1a5\" data-element_type=\"column\">\n\t\t\t<div class=\"elementor-widget-wrap elementor-element-populated\">\n\t\t\t\t\t\t\t\t<div class=\"elementor-element elementor-element-8d2fe64 elementor-widget elementor-widget-image\" data-id=\"8d2fe64\" data-element_type=\"widget\" data-widget_type=\"image.default\">\n\t\t\t\t<div class=\"elementor-widget-container\">\n\t\t\t<style>\/*! elementor - v3.5.3 - 28-12-2021 *\/\n.elementor-widget-image{text-align:center}.elementor-widget-image a{display:inline-block}.elementor-widget-image a img[src$=\".svg\"]{width:48px}.elementor-widget-image img{vertical-align:middle;display:inline-block}<\/style>\t\t\t\t\t\t\t\t\t\t\t\t<img loading=\"lazy\" decoding=\"async\" width=\"696\" height=\"464\" src=\"https:\/\/quimicositapetininga.org.br\/wp-content\/uploads\/2023\/11\/assembleia-geral_aprovacao-pauta-de-reivindicacoes-dos-quimicos_13-09-2023-4-696x464-1.jpeg\" class=\"attachment-large size-large\" alt=\"\" \/>\t\t\t\t\t\t\t\t\t\t\t\t\t\t\t<\/div>\n\t\t\t\t<\/div>\n\t\t\t\t\t<\/div>\n\t\t<\/div>\n\t\t\t\t\t\t\t<\/div>\n\t\t<\/section>\n\t\t\t\t<section class=\"elementor-section elementor-top-section elementor-element elementor-element-760e079 elementor-section-boxed elementor-section-height-default elementor-section-height-default\" data-id=\"760e079\" data-element_type=\"section\">\n\t\t\t\t\t\t<div class=\"elementor-container elementor-column-gap-default\">\n\t\t\t\t\t<div class=\"elementor-column elementor-col-100 elementor-top-column elementor-element elementor-element-3a3603e\" data-id=\"3a3603e\" data-element_type=\"column\">\n\t\t\t<div class=\"elementor-widget-wrap elementor-element-populated\">\n\t\t\t\t\t\t\t\t<div class=\"elementor-element elementor-element-730f8f3 elementor-widget elementor-widget-text-editor\" data-id=\"730f8f3\" data-element_type=\"widget\" data-widget_type=\"text-editor.default\">\n\t\t\t\t<div class=\"elementor-widget-container\">\n\t\t\t<style>\/*! elementor - v3.5.3 - 28-12-2021 *\/\n.elementor-widget-text-editor.elementor-drop-cap-view-stacked .elementor-drop-cap{background-color:#818a91;color:#fff}.elementor-widget-text-editor.elementor-drop-cap-view-framed .elementor-drop-cap{color:#818a91;border:3px solid;background-color:transparent}.elementor-widget-text-editor:not(.elementor-drop-cap-view-default) .elementor-drop-cap{margin-top:8px}.elementor-widget-text-editor:not(.elementor-drop-cap-view-default) .elementor-drop-cap-letter{width:1em;height:1em}.elementor-widget-text-editor .elementor-drop-cap{float:left;text-align:center;line-height:1;font-size:50px}.elementor-widget-text-editor .elementor-drop-cap-letter{display:inline-block}<\/style>\t\t\t\t<p><strong><em>\u201cOs trabalhadores das ind\u00fastrias do setor qu\u00edmico, pl\u00e1stico e fertilizantes conseguiram importante avan\u00e7o nas cl\u00e1usulas econ\u00f4micas deste ano. Pela primeira vez desde 2014, os trabalhadores conquistaram reajuste de 100% do INPC mais 1% de aumento real nos sal\u00e1rios, no Piso e na PLR. Al\u00e9m disso, manuten\u00e7\u00e3o das cl\u00e1usulas sociais at\u00e9 2025 e exerc\u00edcio das negocia\u00e7\u00f5es coletivas durante toda vig\u00eancia da Conven\u00e7\u00e3o Coletiva de Trabalho.\u201d<\/em><\/strong><\/p><p><strong>Sergio Luiz Leite, Serginho, Presidente da FEQUIMFAR e Vice-presidente da For\u00e7a Sindical<\/strong><\/p>\t\t\t\t\t\t<\/div>\n\t\t\t\t<\/div>\n\t\t\t\t\t<\/div>\n\t\t<\/div>\n\t\t\t\t\t\t\t<\/div>\n\t\t<\/section>\n\t\t\t\t<section class=\"elementor-section elementor-top-section elementor-element elementor-element-2de3111 elementor-section-boxed elementor-section-height-default elementor-section-height-default\" data-id=\"2de3111\" data-element_type=\"section\">\n\t\t\t\t\t\t<div class=\"elementor-container elementor-column-gap-default\">\n\t\t\t\t\t<div class=\"elementor-column elementor-col-100 elementor-top-column elementor-element elementor-element-951ab19\" data-id=\"951ab19\" data-element_type=\"column\">\n\t\t\t<div class=\"elementor-widget-wrap elementor-element-populated\">\n\t\t\t\t\t\t\t\t<div class=\"elementor-element elementor-element-fb1f3be elementor-widget elementor-widget-text-editor\" data-id=\"fb1f3be\" data-element_type=\"widget\" data-widget_type=\"text-editor.default\">\n\t\t\t\t<div class=\"elementor-widget-container\">\n\t\t\t\t\t\t\t<p>A Campanha Salarial e Social dos Trabalhadores dos Setores Qu\u00edmico, Pl\u00e1stico e Fertilizantes do estado de S\u00e3o Paulo, cuja data-base \u00e9 1\u00ba de novembro, est\u00e1 chegando ao fim com vit\u00f3ria dos trabalhadores.<\/p><p>Na pr\u00f3xima segunda-feira, 13 de novembro, lideran\u00e7as da FEQUIMFAR (Federa\u00e7\u00e3o dos Trabalhadores nas Ind\u00fastrias Qu\u00edmicas e Farmac\u00eauticas do Estado de S\u00e3o Paulo), Sindicatos filiados e representantes patronais do Grupo CEAG-10 da FIESP v\u00e3o assinar a Conven\u00e7\u00e3o Coletiva de Trabalho que vai beneficiar mais de 130 mil trabalhadores distribu\u00eddos nos segmentos qu\u00edmicos, pl\u00e1stico, petroqu\u00edmicos, abrasivos, fertilizantes, cosm\u00e9ticos, tintas e vernizes, entre outros.<\/p><p><strong>Principais conquistas:<\/strong><\/p><p><strong>Reajuste Salarial de 5,18% (INPC de 4,14% (nov\/22-out\/23) + 1% de aumento real)<\/strong><\/p><p>Teto: R$ 10.077,72<br \/>Parcela fixa aplicada acima do teto: R$ 522,03<\/p><p><strong>Piso Salarial\u00a0<\/strong><strong>(Reajuste: INPC de 4,14% (nov\/22-out\/23) + 1% de aumento real)<\/strong><br \/>Empresas com at\u00e9 49 trabalhadores<br \/>Piso de R$ 2.079,79<br \/>Empresas com mais de 49 trabalhadores<br \/>Piso de R$ 2.133,39<\/p><p><strong>PLR \u2013 Participa\u00e7\u00e3o nos Lucros e\/ou Resultados\u00a0<\/strong><strong>(Reajuste: INPC de 4,14% (nov\/22-out\/23) + 1% de aumento real)<\/strong><br \/>Empresas com at\u00e9 49 trabalhadores<br \/>PLR de R$ 1.209,33<br \/>Empresas com mais de 49 trabalhadores<br \/>PLR de R$ 1.343,70<\/p><p><strong>Comiss\u00e3o de negocia\u00e7\u00e3o<\/strong><br \/>Em janeiro de 2024, as pautas de reivindica\u00e7\u00f5es referentes \u00e0s cl\u00e1usulas sociais ser\u00e3o avaliadas e negociadas. As cl\u00e1usulas em consenso ser\u00e3o aditadas \u00e0 CCT imediatamente.<\/p><p><strong>Manuten\u00e7\u00e3o das demais cl\u00e1usulas da Conven\u00e7\u00e3o Coletiva de Trabalho e validade da CCT at\u00e9 2025.<\/strong><\/p>\t\t\t\t\t\t<\/div>\n\t\t\t\t<\/div>\n\t\t\t\t\t<\/div>\n\t\t<\/div>\n\t\t\t\t\t\t\t<\/div>\n\t\t<\/section>\n\t\t\t\t\t\t<\/div>\n\t\t\t\t\t<\/div>\n\t\t","protected":false},"excerpt":{"rendered":"<p>Qu\u00edmicos da For\u00e7a garantem aumento real nos sal\u00e1rios e manuten\u00e7\u00e3o da Conven\u00e7\u00e3o Coletiva at\u00e9 2025 \u201cOs trabalhadores das ind\u00fastrias do setor qu\u00edmico, pl\u00e1stico e fertilizantes conseguiram importante avan\u00e7o nas cl\u00e1usulas econ\u00f4micas deste ano. Pela primeira vez desde 2014, os trabalhadores conquistaram reajuste de 100% do INPC mais 1% de aumento real nos sal\u00e1rios, no Piso [&hellip;]<\/p>\n","protected":false},"author":1,"featured_media":0,"comment_status":"closed","ping_status":"closed","sticky":false,"template":"elementor_canvas","format":"standard","meta":{"footnotes":""},"categories":[4],"tags":[],"_links":{"self":[{"href":"https:\/\/quimicositapetininga.org.br\/index.php?rest_route=\/wp\/v2\/posts\/1967"}],"collection":[{"href":"https:\/\/quimicositapetininga.org.br\/index.php?rest_route=\/wp\/v2\/posts"}],"about":[{"href":"https:\/\/quimicositapetininga.org.br\/index.php?rest_route=\/wp\/v2\/types\/post"}],"author":[{"embeddable":true,"href":"https:\/\/quimicositapetininga.org.br\/index.php?rest_route=\/wp\/v2\/users\/1"}],"replies":[{"embeddable":true,"href":"https:\/\/quimicositapetininga.org.br\/index.php?rest_route=%2Fwp%2Fv2%2Fcomments&post=1967"}],"version-history":[{"count":4,"href":"https:\/\/quimicositapetininga.org.br\/index.php?rest_route=\/wp\/v2\/posts\/1967\/revisions"}],"predecessor-version":[{"id":1973,"href":"https:\/\/quimicositapetininga.org.br\/index.php?rest_route=\/wp\/v2\/posts\/1967\/revisions\/1973"}],"wp:attachment":[{"href":"https:\/\/quimicositapetininga.org.br\/index.php?rest_route=%2Fwp%2Fv2%2Fmedia&parent=1967"}],"wp:term":[{"taxonomy":"category","embeddable":true,"href":"https:\/\/quimicositapetininga.org.br\/index.php?rest_route=%2Fwp%2Fv2%2Fcategories&post=1967"},{"taxonomy":"post_tag","embeddable":true,"href":"https:\/\/quimicositapetininga.org.br\/index.php?rest_route=%2Fwp%2Fv2%2Ftags&post=1967"}],"curies":[{"name":"wp","href":"https:\/\/api.w.org\/{rel}","templated":true}]}}