{"id":1953,"date":"2023-11-07T13:33:52","date_gmt":"2023-11-07T13:33:52","guid":{"rendered":"https:\/\/quimicositapetininga.org.br\/?p=1953"},"modified":"2023-11-07T13:38:35","modified_gmt":"2023-11-07T13:38:35","slug":"a-negociacao-coletiva-abre-portas-onde-ha-muros-por-clemente-ganz","status":"publish","type":"post","link":"https:\/\/quimicositapetininga.org.br\/?p=1953","title":{"rendered":"A negocia\u00e7\u00e3o coletiva abre portas onde h\u00e1 muros; por Clemente Ganz"},"content":{"rendered":"\t\t<div data-elementor-type=\"wp-post\" data-elementor-id=\"1953\" class=\"elementor elementor-1953\" data-elementor-settings=\"[]\">\n\t\t\t\t\t\t\t<div class=\"elementor-section-wrap\">\n\t\t\t\t\t\t\t<section class=\"elementor-section elementor-top-section elementor-element elementor-element-634312b elementor-section-boxed elementor-section-height-default elementor-section-height-default\" data-id=\"634312b\" data-element_type=\"section\">\n\t\t\t\t\t\t<div class=\"elementor-container elementor-column-gap-default\">\n\t\t\t\t\t<div class=\"elementor-column elementor-col-100 elementor-top-column elementor-element elementor-element-513c0a0\" data-id=\"513c0a0\" data-element_type=\"column\">\n\t\t\t<div class=\"elementor-widget-wrap elementor-element-populated\">\n\t\t\t\t\t\t\t\t<div class=\"elementor-element elementor-element-9d4964d elementor-widget elementor-widget-heading\" data-id=\"9d4964d\" data-element_type=\"widget\" data-widget_type=\"heading.default\">\n\t\t\t\t<div class=\"elementor-widget-container\">\n\t\t\t<style>\/*! elementor - v3.5.3 - 28-12-2021 *\/\n.elementor-heading-title{padding:0;margin:0;line-height:1}.elementor-widget-heading .elementor-heading-title[class*=elementor-size-]>a{color:inherit;font-size:inherit;line-height:inherit}.elementor-widget-heading .elementor-heading-title.elementor-size-small{font-size:15px}.elementor-widget-heading .elementor-heading-title.elementor-size-medium{font-size:19px}.elementor-widget-heading .elementor-heading-title.elementor-size-large{font-size:29px}.elementor-widget-heading .elementor-heading-title.elementor-size-xl{font-size:39px}.elementor-widget-heading .elementor-heading-title.elementor-size-xxl{font-size:59px}<\/style><h2 class=\"elementor-heading-title elementor-size-xl\">A negocia\u00e7\u00e3o coletiva abre portas onde h\u00e1 muros; por Clemente Ganz<\/h2>\t\t<\/div>\n\t\t\t\t<\/div>\n\t\t\t\t\t<\/div>\n\t\t<\/div>\n\t\t\t\t\t\t\t<\/div>\n\t\t<\/section>\n\t\t\t\t<section class=\"elementor-section elementor-top-section elementor-element elementor-element-b52e548 elementor-section-boxed elementor-section-height-default elementor-section-height-default\" data-id=\"b52e548\" data-element_type=\"section\">\n\t\t\t\t\t\t<div class=\"elementor-container elementor-column-gap-default\">\n\t\t\t\t\t<div class=\"elementor-column elementor-col-100 elementor-top-column elementor-element elementor-element-747f26b\" data-id=\"747f26b\" data-element_type=\"column\">\n\t\t\t<div class=\"elementor-widget-wrap elementor-element-populated\">\n\t\t\t\t\t\t\t\t<div class=\"elementor-element elementor-element-cca28c2 elementor-widget elementor-widget-text-editor\" data-id=\"cca28c2\" data-element_type=\"widget\" data-widget_type=\"text-editor.default\">\n\t\t\t\t<div class=\"elementor-widget-container\">\n\t\t\t<style>\/*! elementor - v3.5.3 - 28-12-2021 *\/\n.elementor-widget-text-editor.elementor-drop-cap-view-stacked .elementor-drop-cap{background-color:#818a91;color:#fff}.elementor-widget-text-editor.elementor-drop-cap-view-framed .elementor-drop-cap{color:#818a91;border:3px solid;background-color:transparent}.elementor-widget-text-editor:not(.elementor-drop-cap-view-default) .elementor-drop-cap{margin-top:8px}.elementor-widget-text-editor:not(.elementor-drop-cap-view-default) .elementor-drop-cap-letter{width:1em;height:1em}.elementor-widget-text-editor .elementor-drop-cap{float:left;text-align:center;line-height:1;font-size:50px}.elementor-widget-text-editor .elementor-drop-cap-letter{display:inline-block}<\/style>\t\t\t\t<p style=\"text-align: center;\"><strong>A negocia\u00e7\u00e3o coletiva com sua institucionalidade, instrumentos, cultura e sindicatos, sujeitos coletivos que a promovem, constituem patrim\u00f4nio pol\u00edtico das sociedades. Os meios e os processos de di\u00e1logo social escolhidos e implementados para tratar dos conflitos laborais, que s\u00e3o inerentes \u00e0s rela\u00e7\u00f5es sociais, estruturam o sistema de rela\u00e7\u00f5es de trabalho.<\/strong><\/p>\t\t\t\t\t\t<\/div>\n\t\t\t\t<\/div>\n\t\t\t\t\t<\/div>\n\t\t<\/div>\n\t\t\t\t\t\t\t<\/div>\n\t\t<\/section>\n\t\t\t\t<section class=\"elementor-section elementor-top-section elementor-element elementor-element-d698d66 elementor-section-boxed elementor-section-height-default elementor-section-height-default\" data-id=\"d698d66\" data-element_type=\"section\">\n\t\t\t\t\t\t<div class=\"elementor-container elementor-column-gap-default\">\n\t\t\t\t\t<div class=\"elementor-column elementor-col-100 elementor-top-column elementor-element elementor-element-4c9ed0a\" data-id=\"4c9ed0a\" data-element_type=\"column\">\n\t\t\t<div class=\"elementor-widget-wrap elementor-element-populated\">\n\t\t\t\t\t\t\t\t<div class=\"elementor-element elementor-element-9ea3cfa elementor-widget elementor-widget-image\" data-id=\"9ea3cfa\" data-element_type=\"widget\" data-widget_type=\"image.default\">\n\t\t\t\t<div class=\"elementor-widget-container\">\n\t\t\t<style>\/*! elementor - v3.5.3 - 28-12-2021 *\/\n.elementor-widget-image{text-align:center}.elementor-widget-image a{display:inline-block}.elementor-widget-image a img[src$=\".svg\"]{width:48px}.elementor-widget-image img{vertical-align:middle;display:inline-block}<\/style>\t\t\t\t\t\t\t\t\t\t\t\t<img loading=\"lazy\" decoding=\"async\" width=\"252\" height=\"200\" src=\"https:\/\/quimicositapetininga.org.br\/wp-content\/uploads\/2023\/11\/clemente.jpg\" class=\"attachment-large size-large\" alt=\"\" \/>\t\t\t\t\t\t\t\t\t\t\t\t\t\t\t<\/div>\n\t\t\t\t<\/div>\n\t\t\t\t\t<\/div>\n\t\t<\/div>\n\t\t\t\t\t\t\t<\/div>\n\t\t<\/section>\n\t\t\t\t<section class=\"elementor-section elementor-top-section elementor-element elementor-element-f830d60 elementor-section-boxed elementor-section-height-default elementor-section-height-default\" data-id=\"f830d60\" data-element_type=\"section\">\n\t\t\t\t\t\t<div class=\"elementor-container elementor-column-gap-default\">\n\t\t\t\t\t<div class=\"elementor-column elementor-col-100 elementor-top-column elementor-element elementor-element-ca0646d\" data-id=\"ca0646d\" data-element_type=\"column\">\n\t\t\t<div class=\"elementor-widget-wrap elementor-element-populated\">\n\t\t\t\t\t\t\t\t<div class=\"elementor-element elementor-element-3a13e4a elementor-widget elementor-widget-text-editor\" data-id=\"3a13e4a\" data-element_type=\"widget\" data-widget_type=\"text-editor.default\">\n\t\t\t\t<div class=\"elementor-widget-container\">\n\t\t\t\t\t\t\t<p>Este sistema comp\u00f5e o mosaico da complexidade institucional da pol\u00edtica, da vida p\u00fablica, da qualidade da democracia e do padr\u00e3o de desenvolvimento econ\u00f4mico e socioambiental.<\/p><p>O Brasil tem o desafio, que pode ser agora superado, de promover padr\u00e3o de crescimento econ\u00f4mico que responda aos desafios das desigualdades e da crise ambiental. Virtuoso incremento da produtividade do trabalho e da atividade produtiva, sustentado pela inova\u00e7\u00e3o e tecnologia, pela educa\u00e7\u00e3o e forma\u00e7\u00e3o profissional, pelo investimento e cr\u00e9dito, com a gera\u00e7\u00e3o de empregos de qualidade e aumento da renda do trabalho, ser\u00e1 resultado da capacidade de transforma\u00e7\u00e3o produtiva em todos os setores que buscam estar na fronteira do conhecimento e do bem-estar coletivo.<\/p><p>O processo de di\u00e1logo social abre portas e janelas capazes de possibilitar vis\u00e3o de futuro, definir miss\u00f5es e pactuar compromissos de implementa\u00e7\u00e3o.<\/p><p>Enfrentar e superar esses desafios exigem olhar de 30 anos \u00e0 frente para definir miss\u00f5es mobilizadoras com objetivos e metas, desenhar os caminhos a serem trilhados e, fundamentalmente, come\u00e7ar a fazer j\u00e1, aqui e agora.<\/p><p>Diante dos conflitos sociais, levantamos muros, fazemos guerras e consideramos o outro como inimigo a ser destru\u00eddo. Depois da destrui\u00e7\u00e3o, o que e como construir? Depois da derrota, como conviver? Os muros que levantamos nos impedem de olhar com o outro para vermos, juntos, a complexidade dos fen\u00f4menos sociais.<\/p><p>O di\u00e1logo social \u00e9, portanto, ferramenta pol\u00edtica poderosa para colocar portas e janelas onde h\u00e1 muros.<\/p><p>O mundo do trabalho em transforma\u00e7\u00e3o carrega agenda de tarefas complexas que s\u00e3o parte dos desafios acima enunciados. Fortalecer a negocia\u00e7\u00e3o coletiva \u00e9 investir em instrumentos e processos que geram a capacidade pol\u00edtica e a arquitetura institucional para tratar das quest\u00f5es afetas diretamente ao mundo do trabalho no espa\u00e7o do sistema produtivo.<\/p><p>O fortalecimento da cultura da negocia\u00e7\u00e3o coletiva favorece o uso do di\u00e1logo social como ferramenta para tratar dos conflitos e dos desafios em outros \u00e2mbitos.<\/p><p>As mudan\u00e7as tecnol\u00f3gicas e digitais ocorrem em velocidade e extens\u00e3o que exigem resposta cotidiana, permanente procura de solu\u00e7\u00f5es por parte dos interessados, apresenta\u00e7\u00e3o de pautas e demandas, elabora\u00e7\u00e3o de propostas e busca de solu\u00e7\u00f5es. No cotidiano do mundo do trabalho, a negocia\u00e7\u00e3o coletiva \u00e9 a melhor forma de promover essas diretrizes e virtudes.<\/p><p>Vivemos tempo no qual tudo se desmancha no ar sem deixar de ser s\u00f3lido. Desafiados a conhecer os novos contextos econ\u00f4micos da vida social, nos deparamos com a modernidade do s\u00e9culo 21 e com situa\u00e7\u00f5es, pr\u00e1ticas e condi\u00e7\u00f5es do s\u00e9culo 20.<\/p><p>As mudan\u00e7as disruptivas do avan\u00e7o tecnol\u00f3gico e da digitaliza\u00e7\u00e3o, entre outras dimens\u00f5es, que caracterizam a modernidade do s\u00e9culo 21 precisam carregar a transforma\u00e7\u00e3o disruptiva da vida e condi\u00e7\u00f5es de trabalho do s\u00e9culo 19 presentes e reproduzidas entre n\u00f3s.<\/p><p>Considerando as rela\u00e7\u00f5es de trabalho, os processos de transforma\u00e7\u00e3o, a complexidade do sistema produtivo, a extens\u00e3o do territ\u00f3rio nacional, a diversidade setorial e de tamanho de empresas, h\u00e1 que fortalecer processos e sistemas de negocia\u00e7\u00e3o coletiva capazes de serem instrumento flex\u00edvel, seguro, permanente, assertivo, correto e inovador para estabelecer as regras para situa\u00e7\u00f5es e problemas in\u00e9ditos e com complexidade diversa.<\/p><p>Nesse sentido, cabe oferecer ao sistema de negocia\u00e7\u00e3o coletiva a possibilidade de estruturar \u00e2mbitos negociais que atendam \u00e0s demandas das partes interessadas nos diversos contextos situacionais. Os \u00e2mbitos podem por empresa, local, regional, setorial, nacional, cadeia produtiva, tem\u00e1tico, entre outros e devem ser criados pelas partes.<\/p><p>A rela\u00e7\u00e3o entre os diferentes \u00e2mbitos de negocia\u00e7\u00e3o requer articula\u00e7\u00e3o e coordena\u00e7\u00e3o entre os processos negociais e seus instrumentos coletivos, acordos e conven\u00e7\u00f5es. Processos negociais mais abrangentes (p.ex. setorial nacional, regional) criam regras mais homogeneizadoras, evitam competitividade esp\u00faria entre empresas, t\u00eam bons efeitos no combate \u00e0s desigualdades salariais e de condi\u00e7\u00f5es de trabalho.<\/p><p>Processos negociais mais espec\u00edficos, p.ex. por empresa, permitem maior flexibilidade para a adequa\u00e7\u00e3o aos contextos produtivos espec\u00edficos. Articular e coordenar significa estabelecer atribui\u00e7\u00f5es aos \u00e2mbitos, delegar, permitir. Por outro lado, acordos e conven\u00e7\u00f5es coletivas podem ser complementados por instrumentos como protocolos, compromissos, termos, etc., meios que permitem celebrar pactos de car\u00e1ter distintos.<\/p><p>Essa coordena\u00e7\u00e3o da negocia\u00e7\u00e3o coletiva no espa\u00e7o das rela\u00e7\u00f5es de trabalho deve estar combinada com as pol\u00edticas p\u00fablicas de emprego, trabalho e renda, bem como com as leis e normas da legisla\u00e7\u00e3o trabalhista.<\/p><p>O sistema de rela\u00e7\u00e3o de trabalho brasileiro tem regra de ouro, a garantia de cobertura universal dos abrangidos pelo \u00e2mbito de negocia\u00e7\u00e3o.<\/p><p>Sindicalizados e n\u00e3o sindicalizados s\u00e3o beneficiados e devem cumprir as regras estabelecidas. Temos, com a combina\u00e7\u00e3o das regras acima, \u00f3timo meio de negociar a distribui\u00e7\u00e3o do produto econ\u00f4mico do trabalho coletivo segundo as caracter\u00edsticas de cada contexto e situa\u00e7\u00e3o.<\/p><p>Os efeitos das regras pactuadas nas negocia\u00e7\u00f5es coletivas sobre e a realidade revelam impactos relevantes sobre os empregos, sal\u00e1rios, condi\u00e7\u00f5es de trabalho, sa\u00fade e seguran\u00e7a, bem como sobre a produtividade e o ambiente de trabalho nos espa\u00e7os das empresas.<\/p><p>Para que o sistema de rela\u00e7\u00f5es de trabalho seja virtuoso, os sujeitos coletivos que o promovem devem ser muito representativos, terem ampla base de representa\u00e7\u00e3o, serem capazes de mobilizar pautas e propostas consistentes, ter legitimidade delegada pela base para celebrar os compromissos expressos em acordos e conven\u00e7\u00f5es com seguran\u00e7a jur\u00eddica para as partes interessadas.<\/p><p>Para que essas diretrizes deem vida ao sistema de rela\u00e7\u00f5es de trabalho, \u00e9 fundamental que as organiza\u00e7\u00f5es sindicais estejam sintonizadas com suas pr\u00f3prias mudan\u00e7as, com boas pr\u00e1ticas organizativas e de solu\u00e7\u00e3o de conflitos. No exerc\u00edcio da autonomia das partes interessadas entre si e em rela\u00e7\u00e3o ao Estado, promover a autorregula\u00e7\u00e3o sindical \u00e9 a forma de delegar \u00e0s partes a responsabilidade de tratar do seu sistema sindical e desse cuidar.<\/p><p>Para garantir investimento conjunto na rela\u00e7\u00e3o de trabalho e na negocia\u00e7\u00e3o coletiva, \u00e9 fundamental que as partes interessadas criem espa\u00e7o para fazerem isso em conjunto, o que poderia ser realizado por meio de conselho de alto n\u00edvel criado para a promo\u00e7\u00e3o da negocia\u00e7\u00e3o coletiva.<\/p><p>O tempo presente coloca oportunidades para abrirmos portas e janelas nos muros criados por n\u00f3s. As chaves est\u00e3o em nossas m\u00e3os, mas pouco valem se nos muros n\u00e3o houver portas.<\/p>\t\t\t\t\t\t<\/div>\n\t\t\t\t<\/div>\n\t\t\t\t\t<\/div>\n\t\t<\/div>\n\t\t\t\t\t\t\t<\/div>\n\t\t<\/section>\n\t\t\t\t<section class=\"elementor-section elementor-top-section elementor-element elementor-element-c1e2f6b elementor-section-boxed elementor-section-height-default elementor-section-height-default\" data-id=\"c1e2f6b\" data-element_type=\"section\">\n\t\t\t\t\t\t<div class=\"elementor-container elementor-column-gap-default\">\n\t\t\t\t\t<div class=\"elementor-column elementor-col-100 elementor-top-column elementor-element elementor-element-bb434e8\" data-id=\"bb434e8\" data-element_type=\"column\">\n\t\t\t<div class=\"elementor-widget-wrap elementor-element-populated\">\n\t\t\t\t\t\t\t\t<div class=\"elementor-element elementor-element-1baad46 elementor-widget elementor-widget-text-editor\" data-id=\"1baad46\" data-element_type=\"widget\" data-widget_type=\"text-editor.default\">\n\t\t\t\t<div class=\"elementor-widget-container\">\n\t\t\t\t\t\t\t<p><strong><em>*por Clemente Ganz L\u00facio \u00e9 Soci\u00f3logo<\/em><\/strong><\/p><p><strong><em>coordenador do F\u00f3rum das Centrais Sindicais, membro do Cdess (Conselho de Desenvolvimento Econ\u00f4mico e Social Sustent\u00e1vel) da Presid\u00eancia da Rep\u00fablica, membro do Conselho Deliberativo da Oxfam Brasil, consultor e ex-diretor t\u00e9cnico do Dieese (2004-2020)<\/em><\/strong><\/p><p><strong><em>\u00a0<\/em><\/strong><\/p>\t\t\t\t\t\t<\/div>\n\t\t\t\t<\/div>\n\t\t\t\t\t<\/div>\n\t\t<\/div>\n\t\t\t\t\t\t\t<\/div>\n\t\t<\/section>\n\t\t\t\t\t\t<\/div>\n\t\t\t\t\t<\/div>\n\t\t","protected":false},"excerpt":{"rendered":"<p>A negocia\u00e7\u00e3o coletiva abre portas onde h\u00e1 muros; por Clemente Ganz A negocia\u00e7\u00e3o coletiva com sua institucionalidade, instrumentos, cultura e sindicatos, sujeitos coletivos que a promovem, constituem patrim\u00f4nio pol\u00edtico das sociedades. Os meios e os processos de di\u00e1logo social escolhidos e implementados para tratar dos conflitos laborais, que s\u00e3o inerentes \u00e0s rela\u00e7\u00f5es sociais, estruturam o [&hellip;]<\/p>\n","protected":false},"author":1,"featured_media":0,"comment_status":"closed","ping_status":"closed","sticky":false,"template":"elementor_canvas","format":"standard","meta":{"footnotes":""},"categories":[15],"tags":[],"_links":{"self":[{"href":"https:\/\/quimicositapetininga.org.br\/index.php?rest_route=\/wp\/v2\/posts\/1953"}],"collection":[{"href":"https:\/\/quimicositapetininga.org.br\/index.php?rest_route=\/wp\/v2\/posts"}],"about":[{"href":"https:\/\/quimicositapetininga.org.br\/index.php?rest_route=\/wp\/v2\/types\/post"}],"author":[{"embeddable":true,"href":"https:\/\/quimicositapetininga.org.br\/index.php?rest_route=\/wp\/v2\/users\/1"}],"replies":[{"embeddable":true,"href":"https:\/\/quimicositapetininga.org.br\/index.php?rest_route=%2Fwp%2Fv2%2Fcomments&post=1953"}],"version-history":[{"count":4,"href":"https:\/\/quimicositapetininga.org.br\/index.php?rest_route=\/wp\/v2\/posts\/1953\/revisions"}],"predecessor-version":[{"id":1959,"href":"https:\/\/quimicositapetininga.org.br\/index.php?rest_route=\/wp\/v2\/posts\/1953\/revisions\/1959"}],"wp:attachment":[{"href":"https:\/\/quimicositapetininga.org.br\/index.php?rest_route=%2Fwp%2Fv2%2Fmedia&parent=1953"}],"wp:term":[{"taxonomy":"category","embeddable":true,"href":"https:\/\/quimicositapetininga.org.br\/index.php?rest_route=%2Fwp%2Fv2%2Fcategories&post=1953"},{"taxonomy":"post_tag","embeddable":true,"href":"https:\/\/quimicositapetininga.org.br\/index.php?rest_route=%2Fwp%2Fv2%2Ftags&post=1953"}],"curies":[{"name":"wp","href":"https:\/\/api.w.org\/{rel}","templated":true}]}}