{"id":1938,"date":"2023-10-19T02:12:12","date_gmt":"2023-10-19T02:12:12","guid":{"rendered":"https:\/\/quimicositapetininga.org.br\/?p=1938"},"modified":"2023-10-19T02:15:30","modified_gmt":"2023-10-19T02:15:30","slug":"quimicos-conquistam-proposta-de-reajuste-salarial-com-aumento-real-e-manutencao-da-convencao-coletiva-ate-2025","status":"publish","type":"post","link":"https:\/\/quimicositapetininga.org.br\/?p=1938","title":{"rendered":"Qu\u00edmicos conquistam proposta de reajuste salarial com aumento real e manuten\u00e7\u00e3o da Conven\u00e7\u00e3o Coletiva at\u00e9 2025"},"content":{"rendered":"\t\t<div data-elementor-type=\"wp-post\" data-elementor-id=\"1938\" class=\"elementor elementor-1938\" data-elementor-settings=\"[]\">\n\t\t\t\t\t\t\t<div class=\"elementor-section-wrap\">\n\t\t\t\t\t\t\t<section class=\"elementor-section elementor-top-section elementor-element elementor-element-3b6cacd elementor-section-boxed elementor-section-height-default elementor-section-height-default\" data-id=\"3b6cacd\" data-element_type=\"section\">\n\t\t\t\t\t\t<div class=\"elementor-container elementor-column-gap-default\">\n\t\t\t\t\t<div class=\"elementor-column elementor-col-100 elementor-top-column elementor-element elementor-element-68638dd\" data-id=\"68638dd\" data-element_type=\"column\">\n\t\t\t<div class=\"elementor-widget-wrap elementor-element-populated\">\n\t\t\t\t\t\t\t\t<div class=\"elementor-element elementor-element-2c40c55 elementor-widget elementor-widget-heading\" data-id=\"2c40c55\" data-element_type=\"widget\" data-widget_type=\"heading.default\">\n\t\t\t\t<div class=\"elementor-widget-container\">\n\t\t\t<style>\/*! elementor - v3.5.3 - 28-12-2021 *\/\n.elementor-heading-title{padding:0;margin:0;line-height:1}.elementor-widget-heading .elementor-heading-title[class*=elementor-size-]>a{color:inherit;font-size:inherit;line-height:inherit}.elementor-widget-heading .elementor-heading-title.elementor-size-small{font-size:15px}.elementor-widget-heading .elementor-heading-title.elementor-size-medium{font-size:19px}.elementor-widget-heading .elementor-heading-title.elementor-size-large{font-size:29px}.elementor-widget-heading .elementor-heading-title.elementor-size-xl{font-size:39px}.elementor-widget-heading .elementor-heading-title.elementor-size-xxl{font-size:59px}<\/style><h2 class=\"elementor-heading-title elementor-size-large\">Qu\u00edmicos conquistam proposta de reajuste salarial com aumento real e manuten\u00e7\u00e3o da Conven\u00e7\u00e3o Coletiva at\u00e9 2025<\/h2>\t\t<\/div>\n\t\t\t\t<\/div>\n\t\t\t\t\t<\/div>\n\t\t<\/div>\n\t\t\t\t\t\t\t<\/div>\n\t\t<\/section>\n\t\t\t\t<section class=\"elementor-section elementor-top-section elementor-element elementor-element-fb420a1 elementor-section-boxed elementor-section-height-default elementor-section-height-default\" data-id=\"fb420a1\" data-element_type=\"section\">\n\t\t\t\t\t\t<div class=\"elementor-container elementor-column-gap-default\">\n\t\t\t\t\t<div class=\"elementor-column elementor-col-100 elementor-top-column elementor-element elementor-element-de974d5\" data-id=\"de974d5\" data-element_type=\"column\">\n\t\t\t<div class=\"elementor-widget-wrap elementor-element-populated\">\n\t\t\t\t\t\t\t\t<div class=\"elementor-element elementor-element-5a730fb elementor-widget elementor-widget-image\" data-id=\"5a730fb\" data-element_type=\"widget\" data-widget_type=\"image.default\">\n\t\t\t\t<div class=\"elementor-widget-container\">\n\t\t\t<style>\/*! elementor - v3.5.3 - 28-12-2021 *\/\n.elementor-widget-image{text-align:center}.elementor-widget-image a{display:inline-block}.elementor-widget-image a img[src$=\".svg\"]{width:48px}.elementor-widget-image img{vertical-align:middle;display:inline-block}<\/style>\t\t\t\t\t\t\t\t\t\t\t\t<img loading=\"lazy\" decoding=\"async\" width=\"696\" height=\"392\" src=\"https:\/\/quimicositapetininga.org.br\/wp-content\/uploads\/2023\/10\/rodada-quimicos_18-10-2023-696x392-1.jpeg\" class=\"attachment-large size-large\" alt=\"\" \/>\t\t\t\t\t\t\t\t\t\t\t\t\t\t\t<\/div>\n\t\t\t\t<\/div>\n\t\t\t\t\t<\/div>\n\t\t<\/div>\n\t\t\t\t\t\t\t<\/div>\n\t\t<\/section>\n\t\t\t\t<section class=\"elementor-section elementor-top-section elementor-element elementor-element-c97884c elementor-section-boxed elementor-section-height-default elementor-section-height-default\" data-id=\"c97884c\" data-element_type=\"section\">\n\t\t\t\t\t\t<div class=\"elementor-container elementor-column-gap-default\">\n\t\t\t\t\t<div class=\"elementor-column elementor-col-100 elementor-top-column elementor-element elementor-element-b1e3bc1\" data-id=\"b1e3bc1\" data-element_type=\"column\">\n\t\t\t<div class=\"elementor-widget-wrap elementor-element-populated\">\n\t\t\t\t\t\t\t\t<div class=\"elementor-element elementor-element-e968104 elementor-widget elementor-widget-text-editor\" data-id=\"e968104\" data-element_type=\"widget\" data-widget_type=\"text-editor.default\">\n\t\t\t\t<div class=\"elementor-widget-container\">\n\t\t\t<style>\/*! elementor - v3.5.3 - 28-12-2021 *\/\n.elementor-widget-text-editor.elementor-drop-cap-view-stacked .elementor-drop-cap{background-color:#818a91;color:#fff}.elementor-widget-text-editor.elementor-drop-cap-view-framed .elementor-drop-cap{color:#818a91;border:3px solid;background-color:transparent}.elementor-widget-text-editor:not(.elementor-drop-cap-view-default) .elementor-drop-cap{margin-top:8px}.elementor-widget-text-editor:not(.elementor-drop-cap-view-default) .elementor-drop-cap-letter{width:1em;height:1em}.elementor-widget-text-editor .elementor-drop-cap{float:left;text-align:center;line-height:1;font-size:50px}.elementor-widget-text-editor .elementor-drop-cap-letter{display:inline-block}<\/style>\t\t\t\t<p>\u201cOs trabalhadores das ind\u00fastrias do setor qu\u00edmico, pl\u00e1stico e fertilizantes conseguiram importante avan\u00e7o nas cl\u00e1usulas econ\u00f4micas deste ano. Pela primeira vez desde 2014, conquistamos proposta patronal de reajuste de 100% do INPC mais 1% de aumento real nos sal\u00e1rios, no Piso e na PLR. Al\u00e9m disso, manuten\u00e7\u00e3o das cl\u00e1usulas sociais at\u00e9 2025 e exerc\u00edcio das negocia\u00e7\u00f5es coletivas durante toda vig\u00eancia da Conven\u00e7\u00e3o Coletiva de Trabalho.\u201d<\/p><p>Sergio Luiz Leite, Serginho<br \/>Presidente da FEQUIMFAR e<br \/>Vice-presidente da For\u00e7a Sindical<\/p><p>Na manh\u00e3 de hoje, lideran\u00e7as da FEQUIMFAR (Federa\u00e7\u00e3o dos Trabalhadores nas Ind\u00fastrias Qu\u00edmicas e Farmac\u00eauticas do Estado de S\u00e3o Paulo) e dos Sindicatos filiados estiveram reunidos para rodada de negocia\u00e7\u00e3o com o setor patronal representado pelo Grupo CEAG-10 da FIESP.<\/p><p>A Campanha Salarial e Social dos Trabalhadores dos Setores Qu\u00edmico, Pl\u00e1stico e Fertilizantes do estado de S\u00e3o Paulo, cuja data-base \u00e9 1\u00ba de novembro, engloba cerca de 130 mil trabalhadores distribu\u00eddos nos segmentos qu\u00edmicos, pl\u00e1stico, petroqu\u00edmicos, abrasivos, fertilizantes, cosm\u00e9ticos, tintas e vernizes, entre outros.<\/p><p><strong>A Bancada dos Trabalhadores conquistou a seguinte proposta patronal:<\/strong><\/p><p><strong>Reajuste salarial: 100% do INPC* mais 1% de aumento real em todas as faixas salariais, inclusive nos Pisos Salariais.<\/strong><\/p><p><strong>Piso Salarial (Reajuste: INPC estimado atualmente em 4,38% + 1% = 5,42%)<\/strong><br \/>Empresas com at\u00e9 49 trabalhadores<br \/>Piso de R$ 2.084,53<br \/>Empresas com mais de 49 trabalhadores<br \/>Piso de R$ 2.138,25<\/p><p><strong>PLR \u2013 Participa\u00e7\u00e3o nos Lucros e\/ou Resultados Reajuste: INPC estimado atualmente em 4,38% + 1% = 5,42%)<\/strong><br \/>Empresas com at\u00e9 49 trabalhadores<br \/>PLR de R$ 1.212,09<br \/>Empresas com mais de 49 trabalhadores<br \/>PLR de R$ 1.346,76<\/p><p><strong>Comiss\u00e3o de negocia\u00e7\u00e3o<\/strong><br \/>Em janeiro de 2024, as pautas de reivindica\u00e7\u00f5es referentes \u00e0s cl\u00e1usulas sociais ser\u00e3o avaliadas e negociadas. As cl\u00e1usulas em consenso ser\u00e3o aditadas \u00e0 CCT imediatamente.<\/p><p><strong>Manuten\u00e7\u00e3o das demais cl\u00e1usulas da Conven\u00e7\u00e3o Coletiva de Trabalho e validade da CCT at\u00e9 2025.<\/strong><\/p><p>* INPC estimado atualmente em 4,38%<\/p><p><strong>Pr\u00f3ximas etapas<\/strong><br \/>Edson Dias Bicalho, secret\u00e1rio geral da FEQUIMFAR e presidente do Sindicato dos Qu\u00edmicos de Bauru e Regi\u00e3o, explica que o pr\u00f3ximo passo \u00e9 levar a proposta patronal para as assembleias na base at\u00e9 o dia 30 de outubro: \u201cTodos os pontos ser\u00e3o avaliados pelos trabalhadores e a proposta passar\u00e1 por vota\u00e7\u00e3o\u201d.<\/p><p>\u201cTivemos importantes avan\u00e7os nas negocia\u00e7\u00f5es coletivas que devem dar o norte a outras negocia\u00e7\u00f5es com data-base neste \u00faltimo trimestre no estado e no pa\u00eds\u201d, afirma Antonio Silvan Oliveira, presidente do Sindicato dos Qu\u00edmicos de Guarulhos e da CNTQ (Confedera\u00e7\u00e3o Nacional dos Trabalhadores no Ramo Qu\u00edmico).<\/p>\t\t\t\t\t\t<\/div>\n\t\t\t\t<\/div>\n\t\t\t\t\t<\/div>\n\t\t<\/div>\n\t\t\t\t\t\t\t<\/div>\n\t\t<\/section>\n\t\t\t\t\t\t<\/div>\n\t\t\t\t\t<\/div>\n\t\t","protected":false},"excerpt":{"rendered":"<p>Qu\u00edmicos conquistam proposta de reajuste salarial com aumento real e manuten\u00e7\u00e3o da Conven\u00e7\u00e3o Coletiva at\u00e9 2025 \u201cOs trabalhadores das ind\u00fastrias do setor qu\u00edmico, pl\u00e1stico e fertilizantes conseguiram importante avan\u00e7o nas cl\u00e1usulas econ\u00f4micas deste ano. Pela primeira vez desde 2014, conquistamos proposta patronal de reajuste de 100% do INPC mais 1% de aumento real nos sal\u00e1rios, [&hellip;]<\/p>\n","protected":false},"author":1,"featured_media":0,"comment_status":"closed","ping_status":"closed","sticky":false,"template":"elementor_canvas","format":"standard","meta":{"footnotes":""},"categories":[4],"tags":[],"_links":{"self":[{"href":"https:\/\/quimicositapetininga.org.br\/index.php?rest_route=\/wp\/v2\/posts\/1938"}],"collection":[{"href":"https:\/\/quimicositapetininga.org.br\/index.php?rest_route=\/wp\/v2\/posts"}],"about":[{"href":"https:\/\/quimicositapetininga.org.br\/index.php?rest_route=\/wp\/v2\/types\/post"}],"author":[{"embeddable":true,"href":"https:\/\/quimicositapetininga.org.br\/index.php?rest_route=\/wp\/v2\/users\/1"}],"replies":[{"embeddable":true,"href":"https:\/\/quimicositapetininga.org.br\/index.php?rest_route=%2Fwp%2Fv2%2Fcomments&post=1938"}],"version-history":[{"count":4,"href":"https:\/\/quimicositapetininga.org.br\/index.php?rest_route=\/wp\/v2\/posts\/1938\/revisions"}],"predecessor-version":[{"id":1944,"href":"https:\/\/quimicositapetininga.org.br\/index.php?rest_route=\/wp\/v2\/posts\/1938\/revisions\/1944"}],"wp:attachment":[{"href":"https:\/\/quimicositapetininga.org.br\/index.php?rest_route=%2Fwp%2Fv2%2Fmedia&parent=1938"}],"wp:term":[{"taxonomy":"category","embeddable":true,"href":"https:\/\/quimicositapetininga.org.br\/index.php?rest_route=%2Fwp%2Fv2%2Fcategories&post=1938"},{"taxonomy":"post_tag","embeddable":true,"href":"https:\/\/quimicositapetininga.org.br\/index.php?rest_route=%2Fwp%2Fv2%2Ftags&post=1938"}],"curies":[{"name":"wp","href":"https:\/\/api.w.org\/{rel}","templated":true}]}}