{"id":1903,"date":"2023-09-20T23:36:15","date_gmt":"2023-09-20T23:36:15","guid":{"rendered":"https:\/\/quimicositapetininga.org.br\/?p=1903"},"modified":"2023-09-20T23:42:33","modified_gmt":"2023-09-20T23:42:33","slug":"evento-discute-o-adoecimento-psiquico-do-trabalhador","status":"publish","type":"post","link":"https:\/\/quimicositapetininga.org.br\/?p=1903","title":{"rendered":"Evento discute o adoecimento ps\u00edquico do trabalhador"},"content":{"rendered":"\t\t<div data-elementor-type=\"wp-post\" data-elementor-id=\"1903\" class=\"elementor elementor-1903\" data-elementor-settings=\"[]\">\n\t\t\t\t\t\t\t<div class=\"elementor-section-wrap\">\n\t\t\t\t\t\t\t<section class=\"elementor-section elementor-top-section elementor-element elementor-element-33ee013 elementor-section-boxed elementor-section-height-default elementor-section-height-default\" data-id=\"33ee013\" data-element_type=\"section\">\n\t\t\t\t\t\t<div class=\"elementor-container elementor-column-gap-default\">\n\t\t\t\t\t<div class=\"elementor-column elementor-col-100 elementor-top-column elementor-element elementor-element-d962861\" data-id=\"d962861\" data-element_type=\"column\">\n\t\t\t<div class=\"elementor-widget-wrap elementor-element-populated\">\n\t\t\t\t\t\t\t\t<div class=\"elementor-element elementor-element-ca4c246 elementor-widget elementor-widget-heading\" data-id=\"ca4c246\" data-element_type=\"widget\" data-widget_type=\"heading.default\">\n\t\t\t\t<div class=\"elementor-widget-container\">\n\t\t\t<style>\/*! elementor - v3.5.3 - 28-12-2021 *\/\n.elementor-heading-title{padding:0;margin:0;line-height:1}.elementor-widget-heading .elementor-heading-title[class*=elementor-size-]>a{color:inherit;font-size:inherit;line-height:inherit}.elementor-widget-heading .elementor-heading-title.elementor-size-small{font-size:15px}.elementor-widget-heading .elementor-heading-title.elementor-size-medium{font-size:19px}.elementor-widget-heading .elementor-heading-title.elementor-size-large{font-size:29px}.elementor-widget-heading .elementor-heading-title.elementor-size-xl{font-size:39px}.elementor-widget-heading .elementor-heading-title.elementor-size-xxl{font-size:59px}<\/style><h2 class=\"elementor-heading-title elementor-size-xl\">Evento discute o adoecimento ps\u00edquico do trabalhador<\/h2>\t\t<\/div>\n\t\t\t\t<\/div>\n\t\t\t\t\t<\/div>\n\t\t<\/div>\n\t\t\t\t\t\t\t<\/div>\n\t\t<\/section>\n\t\t\t\t<section class=\"elementor-section elementor-top-section elementor-element elementor-element-fe51b78 elementor-section-boxed elementor-section-height-default elementor-section-height-default\" data-id=\"fe51b78\" data-element_type=\"section\">\n\t\t\t\t\t\t<div class=\"elementor-container elementor-column-gap-default\">\n\t\t\t\t\t<div class=\"elementor-column elementor-col-100 elementor-top-column elementor-element elementor-element-afb8ad3\" data-id=\"afb8ad3\" data-element_type=\"column\">\n\t\t\t<div class=\"elementor-widget-wrap elementor-element-populated\">\n\t\t\t\t\t\t\t\t<div class=\"elementor-element elementor-element-6d762a9 elementor-widget elementor-widget-image\" data-id=\"6d762a9\" data-element_type=\"widget\" data-widget_type=\"image.default\">\n\t\t\t\t<div class=\"elementor-widget-container\">\n\t\t\t<style>\/*! elementor - v3.5.3 - 28-12-2021 *\/\n.elementor-widget-image{text-align:center}.elementor-widget-image a{display:inline-block}.elementor-widget-image a img[src$=\".svg\"]{width:48px}.elementor-widget-image img{vertical-align:middle;display:inline-block}<\/style>\t\t\t\t\t\t\t\t\t\t\t\t<img loading=\"lazy\" decoding=\"async\" width=\"696\" height=\"422\" src=\"https:\/\/quimicositapetininga.org.br\/wp-content\/uploads\/2023\/09\/WhatsApp-Image-2023-09-20-at-09.43.20-e1695239518884-696x422-1.jpeg\" class=\"attachment-large size-large\" alt=\"\" \/>\t\t\t\t\t\t\t\t\t\t\t\t\t\t\t<\/div>\n\t\t\t\t<\/div>\n\t\t\t\t\t<\/div>\n\t\t<\/div>\n\t\t\t\t\t\t\t<\/div>\n\t\t<\/section>\n\t\t\t\t<section class=\"elementor-section elementor-top-section elementor-element elementor-element-02378fc elementor-section-boxed elementor-section-height-default elementor-section-height-default\" data-id=\"02378fc\" data-element_type=\"section\">\n\t\t\t\t\t\t<div class=\"elementor-container elementor-column-gap-default\">\n\t\t\t\t\t<div class=\"elementor-column elementor-col-100 elementor-top-column elementor-element elementor-element-8331296\" data-id=\"8331296\" data-element_type=\"column\">\n\t\t\t<div class=\"elementor-widget-wrap elementor-element-populated\">\n\t\t\t\t\t\t\t\t<div class=\"elementor-element elementor-element-afd505d elementor-widget elementor-widget-text-editor\" data-id=\"afd505d\" data-element_type=\"widget\" data-widget_type=\"text-editor.default\">\n\t\t\t\t<div class=\"elementor-widget-container\">\n\t\t\t<style>\/*! elementor - v3.5.3 - 28-12-2021 *\/\n.elementor-widget-text-editor.elementor-drop-cap-view-stacked .elementor-drop-cap{background-color:#818a91;color:#fff}.elementor-widget-text-editor.elementor-drop-cap-view-framed .elementor-drop-cap{color:#818a91;border:3px solid;background-color:transparent}.elementor-widget-text-editor:not(.elementor-drop-cap-view-default) .elementor-drop-cap{margin-top:8px}.elementor-widget-text-editor:not(.elementor-drop-cap-view-default) .elementor-drop-cap-letter{width:1em;height:1em}.elementor-widget-text-editor .elementor-drop-cap{float:left;text-align:center;line-height:1;font-size:50px}.elementor-widget-text-editor .elementor-drop-cap-letter{display:inline-block}<\/style>\t\t\t\t<p>Jo\u00e3o Scaboli, diretor do departamento de sa\u00fade do trabalhador da FEQUIMFAR, membro do CNS pela For\u00e7a Sindical\u00a0e vice-presidente do DIESAT, Lu\u00eds Carlos Oliveira, o Luisinho, secret\u00e1rio de sa\u00fade da For\u00e7a Sindical, e Maria Euzilene Nogueira, Leninha, diretora do Departamento da Mulher\u00a0do Sindicato dos Metal\u00fargicos de SP participaram hoje de um debate realizado pelo F\u00f3rum Sofrimental Mental e Suic\u00eddio Relacionados ao Trabalho, organizado pela Universidade de Campinas (Unicamp) e a Rede Margarida.<\/p><p>Integrando as a\u00e7\u00f5es do \u201cSetembro Amarelo\u201d, m\u00eas dedicado \u00e0 conscientiza\u00e7\u00e3o sobre a sa\u00fade mental, o evento contou com programa\u00e7\u00e3o com os temas \u201cSa\u00fade Mental e Suic\u00eddio entre Trabalhadores e Trabalhadoras: Como Estamos Enfrentando?\u201d; Lan\u00e7amento do Livro \u201cDesse Jeito N\u00e3o d\u00e1 Mais\u201d com Debate e Presen\u00e7a do Minist\u00e9rio P\u00fablico do Trabalho da 15\u00aa Regi\u00e3o; Formas de Gest\u00e3o do Trabalho e seus Efeitos: Ass\u00e9dio e Adoecimento Ps\u00edquico no Cen\u00e1rio de Trabalho; al\u00e9m de Ato \u201cPela Elimina\u00e7\u00e3o das Viol\u00eancias e do Ass\u00e9dio no Mundo do Trabalho\u201d na Pra\u00e7a da Paz.<\/p>\t\t\t\t\t\t<\/div>\n\t\t\t\t<\/div>\n\t\t\t\t\t<\/div>\n\t\t<\/div>\n\t\t\t\t\t\t\t<\/div>\n\t\t<\/section>\n\t\t\t\t\t\t<\/div>\n\t\t\t\t\t<\/div>\n\t\t","protected":false},"excerpt":{"rendered":"<p>Evento discute o adoecimento ps\u00edquico do trabalhador Jo\u00e3o Scaboli, diretor do departamento de sa\u00fade do trabalhador da FEQUIMFAR, membro do CNS pela For\u00e7a Sindical\u00a0e vice-presidente do DIESAT, Lu\u00eds Carlos Oliveira, o Luisinho, secret\u00e1rio de sa\u00fade da For\u00e7a Sindical, e Maria Euzilene Nogueira, Leninha, diretora do Departamento da Mulher\u00a0do Sindicato dos Metal\u00fargicos de SP participaram hoje [&hellip;]<\/p>\n","protected":false},"author":1,"featured_media":0,"comment_status":"closed","ping_status":"closed","sticky":false,"template":"elementor_canvas","format":"standard","meta":{"footnotes":""},"categories":[9],"tags":[],"_links":{"self":[{"href":"https:\/\/quimicositapetininga.org.br\/index.php?rest_route=\/wp\/v2\/posts\/1903"}],"collection":[{"href":"https:\/\/quimicositapetininga.org.br\/index.php?rest_route=\/wp\/v2\/posts"}],"about":[{"href":"https:\/\/quimicositapetininga.org.br\/index.php?rest_route=\/wp\/v2\/types\/post"}],"author":[{"embeddable":true,"href":"https:\/\/quimicositapetininga.org.br\/index.php?rest_route=\/wp\/v2\/users\/1"}],"replies":[{"embeddable":true,"href":"https:\/\/quimicositapetininga.org.br\/index.php?rest_route=%2Fwp%2Fv2%2Fcomments&post=1903"}],"version-history":[{"count":4,"href":"https:\/\/quimicositapetininga.org.br\/index.php?rest_route=\/wp\/v2\/posts\/1903\/revisions"}],"predecessor-version":[{"id":1909,"href":"https:\/\/quimicositapetininga.org.br\/index.php?rest_route=\/wp\/v2\/posts\/1903\/revisions\/1909"}],"wp:attachment":[{"href":"https:\/\/quimicositapetininga.org.br\/index.php?rest_route=%2Fwp%2Fv2%2Fmedia&parent=1903"}],"wp:term":[{"taxonomy":"category","embeddable":true,"href":"https:\/\/quimicositapetininga.org.br\/index.php?rest_route=%2Fwp%2Fv2%2Fcategories&post=1903"},{"taxonomy":"post_tag","embeddable":true,"href":"https:\/\/quimicositapetininga.org.br\/index.php?rest_route=%2Fwp%2Fv2%2Ftags&post=1903"}],"curies":[{"name":"wp","href":"https:\/\/api.w.org\/{rel}","templated":true}]}}