{"id":1889,"date":"2023-09-20T22:23:25","date_gmt":"2023-09-20T22:23:25","guid":{"rendered":"https:\/\/quimicositapetininga.org.br\/?p=1889"},"modified":"2023-09-20T22:30:13","modified_gmt":"2023-09-20T22:30:13","slug":"centrais-pedem-queda-da-taxa-selic-em-ato-na-paulista","status":"publish","type":"post","link":"https:\/\/quimicositapetininga.org.br\/?p=1889","title":{"rendered":"Centrais pedem queda da taxa Selic em ato na Paulista"},"content":{"rendered":"\t\t<div data-elementor-type=\"wp-post\" data-elementor-id=\"1889\" class=\"elementor elementor-1889\" data-elementor-settings=\"[]\">\n\t\t\t\t\t\t\t<div class=\"elementor-section-wrap\">\n\t\t\t\t\t\t\t<section class=\"elementor-section elementor-top-section elementor-element elementor-element-e2e2353 elementor-section-boxed elementor-section-height-default elementor-section-height-default\" data-id=\"e2e2353\" data-element_type=\"section\">\n\t\t\t\t\t\t<div class=\"elementor-container elementor-column-gap-default\">\n\t\t\t\t\t<div class=\"elementor-column elementor-col-100 elementor-top-column elementor-element elementor-element-7a3b2be\" data-id=\"7a3b2be\" data-element_type=\"column\">\n\t\t\t<div class=\"elementor-widget-wrap elementor-element-populated\">\n\t\t\t\t\t\t\t\t<div class=\"elementor-element elementor-element-65121ad elementor-widget elementor-widget-heading\" data-id=\"65121ad\" data-element_type=\"widget\" data-widget_type=\"heading.default\">\n\t\t\t\t<div class=\"elementor-widget-container\">\n\t\t\t<style>\/*! elementor - v3.5.3 - 28-12-2021 *\/\n.elementor-heading-title{padding:0;margin:0;line-height:1}.elementor-widget-heading .elementor-heading-title[class*=elementor-size-]>a{color:inherit;font-size:inherit;line-height:inherit}.elementor-widget-heading .elementor-heading-title.elementor-size-small{font-size:15px}.elementor-widget-heading .elementor-heading-title.elementor-size-medium{font-size:19px}.elementor-widget-heading .elementor-heading-title.elementor-size-large{font-size:29px}.elementor-widget-heading .elementor-heading-title.elementor-size-xl{font-size:39px}.elementor-widget-heading .elementor-heading-title.elementor-size-xxl{font-size:59px}<\/style><h2 class=\"elementor-heading-title elementor-size-xl\">Centrais pedem queda da taxa Selic em ato na Paulista<\/h2>\t\t<\/div>\n\t\t\t\t<\/div>\n\t\t\t\t\t<\/div>\n\t\t<\/div>\n\t\t\t\t\t\t\t<\/div>\n\t\t<\/section>\n\t\t\t\t<section class=\"elementor-section elementor-top-section elementor-element elementor-element-0342621 elementor-section-boxed elementor-section-height-default elementor-section-height-default\" data-id=\"0342621\" data-element_type=\"section\">\n\t\t\t\t\t\t<div class=\"elementor-container elementor-column-gap-default\">\n\t\t\t\t\t<div class=\"elementor-column elementor-col-100 elementor-top-column elementor-element elementor-element-cf48c75\" data-id=\"cf48c75\" data-element_type=\"column\">\n\t\t\t<div class=\"elementor-widget-wrap elementor-element-populated\">\n\t\t\t\t\t\t\t\t<div class=\"elementor-element elementor-element-3c1d4a4 elementor-widget elementor-widget-text-editor\" data-id=\"3c1d4a4\" data-element_type=\"widget\" data-widget_type=\"text-editor.default\">\n\t\t\t\t<div class=\"elementor-widget-container\">\n\t\t\t<style>\/*! elementor - v3.5.3 - 28-12-2021 *\/\n.elementor-widget-text-editor.elementor-drop-cap-view-stacked .elementor-drop-cap{background-color:#818a91;color:#fff}.elementor-widget-text-editor.elementor-drop-cap-view-framed .elementor-drop-cap{color:#818a91;border:3px solid;background-color:transparent}.elementor-widget-text-editor:not(.elementor-drop-cap-view-default) .elementor-drop-cap{margin-top:8px}.elementor-widget-text-editor:not(.elementor-drop-cap-view-default) .elementor-drop-cap-letter{width:1em;height:1em}.elementor-widget-text-editor .elementor-drop-cap{float:left;text-align:center;line-height:1;font-size:50px}.elementor-widget-text-editor .elementor-drop-cap-letter{display:inline-block}<\/style>\t\t\t\t<h5><strong>Queda da taxa Selic \u00e9 fundamental para aumentar investimento na produ\u00e7\u00e3o e a gera\u00e7\u00e3o de novos postos de trabalho<\/strong><\/h5>\t\t\t\t\t\t<\/div>\n\t\t\t\t<\/div>\n\t\t\t\t\t<\/div>\n\t\t<\/div>\n\t\t\t\t\t\t\t<\/div>\n\t\t<\/section>\n\t\t\t\t<section class=\"elementor-section elementor-top-section elementor-element elementor-element-68d22e9 elementor-section-boxed elementor-section-height-default elementor-section-height-default\" data-id=\"68d22e9\" data-element_type=\"section\">\n\t\t\t\t\t\t<div class=\"elementor-container elementor-column-gap-default\">\n\t\t\t\t\t<div class=\"elementor-column elementor-col-100 elementor-top-column elementor-element elementor-element-ee93c77\" data-id=\"ee93c77\" data-element_type=\"column\">\n\t\t\t<div class=\"elementor-widget-wrap elementor-element-populated\">\n\t\t\t\t\t\t\t\t<div class=\"elementor-element elementor-element-26aca9b elementor-widget elementor-widget-image\" data-id=\"26aca9b\" data-element_type=\"widget\" data-widget_type=\"image.default\">\n\t\t\t\t<div class=\"elementor-widget-container\">\n\t\t\t<style>\/*! elementor - v3.5.3 - 28-12-2021 *\/\n.elementor-widget-image{text-align:center}.elementor-widget-image a{display:inline-block}.elementor-widget-image a img[src$=\".svg\"]{width:48px}.elementor-widget-image img{vertical-align:middle;display:inline-block}<\/style>\t\t\t\t\t\t\t\t\t\t\t\t<img loading=\"lazy\" decoding=\"async\" width=\"768\" height=\"576\" src=\"https:\/\/quimicositapetininga.org.br\/wp-content\/uploads\/2023\/09\/WhatsApp-Image-2023-09-19-at-11.59.16-1-768x576-1.jpeg\" class=\"attachment-large size-large\" alt=\"\" \/>\t\t\t\t\t\t\t\t\t\t\t\t\t\t\t<\/div>\n\t\t\t\t<\/div>\n\t\t\t\t\t<\/div>\n\t\t<\/div>\n\t\t\t\t\t\t\t<\/div>\n\t\t<\/section>\n\t\t\t\t<section class=\"elementor-section elementor-top-section elementor-element elementor-element-767c77c elementor-section-boxed elementor-section-height-default elementor-section-height-default\" data-id=\"767c77c\" data-element_type=\"section\">\n\t\t\t\t\t\t<div class=\"elementor-container elementor-column-gap-default\">\n\t\t\t\t\t<div class=\"elementor-column elementor-col-100 elementor-top-column elementor-element elementor-element-b3a9f01\" data-id=\"b3a9f01\" data-element_type=\"column\">\n\t\t\t<div class=\"elementor-widget-wrap elementor-element-populated\">\n\t\t\t\t\t\t\t\t<div class=\"elementor-element elementor-element-73aef51 elementor-widget elementor-widget-text-editor\" data-id=\"73aef51\" data-element_type=\"widget\" data-widget_type=\"text-editor.default\">\n\t\t\t\t<div class=\"elementor-widget-container\">\n\t\t\t\t\t\t\t<p>As centrais sindicais,\u00a0\u00a0<a href=\"https:\/\/www.cut.org.br\/\" target=\"_blank\" rel=\"noopener\">CUT<\/a>,\u00a0<a href=\"https:\/\/www.fsindical.org.br\/\" target=\"_blank\" rel=\"noopener\">For\u00e7a Sindical<\/a>,\u00a0<a href=\"https:\/\/www.ugt.org.br\/\" target=\"_blank\" rel=\"noopener\">UGT<\/a>,\u00a0<a href=\"https:\/\/ctb.org.br\/\" target=\"_blank\" rel=\"noopener\">CTB<\/a>\u00a0e\u00a0<a href=\"https:\/\/www.ncst.org.br\/\" target=\"_blank\" rel=\"noopener\">Nova Central<\/a>, realizaram, nesta ter\u00e7a-feira (19), em frente ao Banco Central, em S\u00e3o Paulo, protesto contra os juros altos.<\/p><p>Os trabalhadores se concentraram na manh\u00e3 desta ter\u00e7a-feira (19) em frente ao pr\u00e9dio do Banco Central, na avenida Paulista, n\u00ba 1.804 para pedir a redu\u00e7\u00e3o da taxa Selic.<\/p><p>\u00a0<\/p><h3>Queda da taxa Selic<\/h3><p>O objetivo da manifesta\u00e7\u00e3o, al\u00e9m de sensibilizar a sociedade sobre a necessidade de reduzir os juros, foi exigir a redu\u00e7\u00e3o na taxa b\u00e1sica de juros que atualmente est\u00e1 em 13,25% ao ano, uma das maiores do mundo.<\/p><p>Com bandeiras e um carro de som, ocupando a cal\u00e7ada em frente ao edif\u00edcio sede do Banco Central, em S\u00e3o Paulo, os manifestantes alertaram quanto aos riscos de uma taxa de juros t\u00e3o elevada.<\/p><h3>Nova taxa selic ser\u00e1 decidida amanh\u00e3<\/h3><p>Vale ressaltar que o Copom (Comit\u00ea de Pol\u00edtica Econ\u00f4mica), \u00f3rg\u00e3o do Banco Central, estar\u00e1 reunido entre hoje e amanh\u00e3 para decidir sobre a nova taxa de juros.<\/p><p>O presidente da For\u00e7a Sindical, Miguel Torres, lembra que juros altos inibem o consumo , a produ\u00e7\u00e3o e a gera\u00e7\u00e3o de empregos.<\/p><p>De acordo com o secret\u00e1rio-geral da For\u00e7a Sindical, Jo\u00e3o Carlos Gon\u00e7alves, a atual taxa b\u00e1sica de juros diminui a oferta de empregos.<\/p><p>\u201cO trabalhador \u00e9 o maior prejudicado, pois com a taxa de juros alta n\u00e3o h\u00e1 investimento na produ\u00e7\u00e3o e, consequentemente, diminui a oferta de emprego e com juros altos esse trabalhador, mesmo empregado n\u00e3o consegue comprar\u201d, alerta o sindicalista.<\/p><h3>Os impactos dos juros altos<\/h3><p>Os juros altos exercem uma s\u00e9rie de impactos significativos sobre a economia de um pa\u00eds. Primeiramente, quando as taxas de juros est\u00e3o elevadas, o custo do cr\u00e9dito aumenta, tornando-o menos acess\u00edvel para empresas e consumidores.<\/p><p>Isso desencoraja o investimento e o consumo, pois empr\u00e9stimos mais caros diminuem a margem de lucro das empresas e aumentam as parcelas de financiamento para os consumidores.<\/p><p>Al\u00e9m disso, os juros altos tendem a desestimular o investimento produtivo, uma vez que os empreendedores enfrentam custos mais elevados para financiar seus projetos. Isso pode levar a uma redu\u00e7\u00e3o na cria\u00e7\u00e3o de empregos e no crescimento econ\u00f4mico.<\/p><p>Em resumo, os juros altos impactam negativamente a economia ao desencorajar o investimento, reduzir o consumo, aumentar os custos para o governo e prejudicar a competitividade internacional. Portanto, a gest\u00e3o adequada das taxas de juros \u00e9 essencial para promover o crescimento econ\u00f4mico e a estabilidade financeira.<\/p>\t\t\t\t\t\t<\/div>\n\t\t\t\t<\/div>\n\t\t\t\t\t<\/div>\n\t\t<\/div>\n\t\t\t\t\t\t\t<\/div>\n\t\t<\/section>\n\t\t\t\t\t\t<\/div>\n\t\t\t\t\t<\/div>\n\t\t","protected":false},"excerpt":{"rendered":"<p>Centrais pedem queda da taxa Selic em ato na Paulista Queda da taxa Selic \u00e9 fundamental para aumentar investimento na produ\u00e7\u00e3o e a gera\u00e7\u00e3o de novos postos de trabalho As centrais sindicais,\u00a0\u00a0CUT,\u00a0For\u00e7a Sindical,\u00a0UGT,\u00a0CTB\u00a0e\u00a0Nova Central, realizaram, nesta ter\u00e7a-feira (19), em frente ao Banco Central, em S\u00e3o Paulo, protesto contra os juros altos. Os trabalhadores se concentraram [&hellip;]<\/p>\n","protected":false},"author":1,"featured_media":0,"comment_status":"closed","ping_status":"closed","sticky":false,"template":"elementor_canvas","format":"standard","meta":{"footnotes":""},"categories":[15],"tags":[],"_links":{"self":[{"href":"https:\/\/quimicositapetininga.org.br\/index.php?rest_route=\/wp\/v2\/posts\/1889"}],"collection":[{"href":"https:\/\/quimicositapetininga.org.br\/index.php?rest_route=\/wp\/v2\/posts"}],"about":[{"href":"https:\/\/quimicositapetininga.org.br\/index.php?rest_route=\/wp\/v2\/types\/post"}],"author":[{"embeddable":true,"href":"https:\/\/quimicositapetininga.org.br\/index.php?rest_route=\/wp\/v2\/users\/1"}],"replies":[{"embeddable":true,"href":"https:\/\/quimicositapetininga.org.br\/index.php?rest_route=%2Fwp%2Fv2%2Fcomments&post=1889"}],"version-history":[{"count":4,"href":"https:\/\/quimicositapetininga.org.br\/index.php?rest_route=\/wp\/v2\/posts\/1889\/revisions"}],"predecessor-version":[{"id":1895,"href":"https:\/\/quimicositapetininga.org.br\/index.php?rest_route=\/wp\/v2\/posts\/1889\/revisions\/1895"}],"wp:attachment":[{"href":"https:\/\/quimicositapetininga.org.br\/index.php?rest_route=%2Fwp%2Fv2%2Fmedia&parent=1889"}],"wp:term":[{"taxonomy":"category","embeddable":true,"href":"https:\/\/quimicositapetininga.org.br\/index.php?rest_route=%2Fwp%2Fv2%2Fcategories&post=1889"},{"taxonomy":"post_tag","embeddable":true,"href":"https:\/\/quimicositapetininga.org.br\/index.php?rest_route=%2Fwp%2Fv2%2Ftags&post=1889"}],"curies":[{"name":"wp","href":"https:\/\/api.w.org\/{rel}","templated":true}]}}