{"id":1874,"date":"2023-08-30T20:06:59","date_gmt":"2023-08-30T20:06:59","guid":{"rendered":"https:\/\/quimicositapetininga.org.br\/?p=1874"},"modified":"2023-08-30T20:11:51","modified_gmt":"2023-08-30T20:11:51","slug":"politica-de-valorizacao-do-salario-minimo-e-sancionada-pelo-presidente-lula","status":"publish","type":"post","link":"https:\/\/quimicositapetininga.org.br\/?p=1874","title":{"rendered":"Pol\u00edtica de valoriza\u00e7\u00e3o do Sal\u00e1rio M\u00ednimo \u00e9 sancionada pelo Presidente Lula"},"content":{"rendered":"\t\t<div data-elementor-type=\"wp-post\" data-elementor-id=\"1874\" class=\"elementor elementor-1874\" data-elementor-settings=\"[]\">\n\t\t\t\t\t\t\t<div class=\"elementor-section-wrap\">\n\t\t\t\t\t\t\t<section class=\"elementor-section elementor-top-section elementor-element elementor-element-a6dcb95 elementor-section-boxed elementor-section-height-default elementor-section-height-default\" data-id=\"a6dcb95\" data-element_type=\"section\">\n\t\t\t\t\t\t<div class=\"elementor-container elementor-column-gap-default\">\n\t\t\t\t\t<div class=\"elementor-column elementor-col-100 elementor-top-column elementor-element elementor-element-18335ee\" data-id=\"18335ee\" data-element_type=\"column\">\n\t\t\t<div class=\"elementor-widget-wrap elementor-element-populated\">\n\t\t\t\t\t\t\t\t<div class=\"elementor-element elementor-element-0ed1112 elementor-widget elementor-widget-heading\" data-id=\"0ed1112\" data-element_type=\"widget\" data-widget_type=\"heading.default\">\n\t\t\t\t<div class=\"elementor-widget-container\">\n\t\t\t<style>\/*! elementor - v3.5.3 - 28-12-2021 *\/\n.elementor-heading-title{padding:0;margin:0;line-height:1}.elementor-widget-heading .elementor-heading-title[class*=elementor-size-]>a{color:inherit;font-size:inherit;line-height:inherit}.elementor-widget-heading .elementor-heading-title.elementor-size-small{font-size:15px}.elementor-widget-heading .elementor-heading-title.elementor-size-medium{font-size:19px}.elementor-widget-heading .elementor-heading-title.elementor-size-large{font-size:29px}.elementor-widget-heading .elementor-heading-title.elementor-size-xl{font-size:39px}.elementor-widget-heading .elementor-heading-title.elementor-size-xxl{font-size:59px}<\/style><h2 class=\"elementor-heading-title elementor-size-xl\">Pol\u00edtica de valoriza\u00e7\u00e3o do Sal\u00e1rio M\u00ednimo \u00e9 sancionada pelo Presidente Lula<\/h2>\t\t<\/div>\n\t\t\t\t<\/div>\n\t\t\t\t\t<\/div>\n\t\t<\/div>\n\t\t\t\t\t\t\t<\/div>\n\t\t<\/section>\n\t\t\t\t<section class=\"elementor-section elementor-top-section elementor-element elementor-element-0b6b042 elementor-section-boxed elementor-section-height-default elementor-section-height-default\" data-id=\"0b6b042\" data-element_type=\"section\">\n\t\t\t\t\t\t<div class=\"elementor-container elementor-column-gap-default\">\n\t\t\t\t\t<div class=\"elementor-column elementor-col-100 elementor-top-column elementor-element elementor-element-62d772c\" data-id=\"62d772c\" data-element_type=\"column\">\n\t\t\t<div class=\"elementor-widget-wrap elementor-element-populated\">\n\t\t\t\t\t\t\t\t<div class=\"elementor-element elementor-element-44f44bd elementor-widget elementor-widget-image\" data-id=\"44f44bd\" data-element_type=\"widget\" data-widget_type=\"image.default\">\n\t\t\t\t<div class=\"elementor-widget-container\">\n\t\t\t<style>\/*! elementor - v3.5.3 - 28-12-2021 *\/\n.elementor-widget-image{text-align:center}.elementor-widget-image a{display:inline-block}.elementor-widget-image a img[src$=\".svg\"]{width:48px}.elementor-widget-image img{vertical-align:middle;display:inline-block}<\/style>\t\t\t\t\t\t\t\t\t\t\t\t<img loading=\"lazy\" decoding=\"async\" width=\"696\" height=\"464\" src=\"https:\/\/quimicositapetininga.org.br\/wp-content\/uploads\/2023\/08\/salario-minimo-sancionado_brasilia_28-08-2023-696x464-1.jpg\" class=\"attachment-large size-large\" alt=\"\" \/>\t\t\t\t\t\t\t\t\t\t\t\t\t\t\t<\/div>\n\t\t\t\t<\/div>\n\t\t\t\t\t<\/div>\n\t\t<\/div>\n\t\t\t\t\t\t\t<\/div>\n\t\t<\/section>\n\t\t\t\t<section class=\"elementor-section elementor-top-section elementor-element elementor-element-d5f0eee elementor-section-boxed elementor-section-height-default elementor-section-height-default\" data-id=\"d5f0eee\" data-element_type=\"section\">\n\t\t\t\t\t\t<div class=\"elementor-container elementor-column-gap-default\">\n\t\t\t\t\t<div class=\"elementor-column elementor-col-100 elementor-top-column elementor-element elementor-element-566b06c\" data-id=\"566b06c\" data-element_type=\"column\">\n\t\t\t<div class=\"elementor-widget-wrap elementor-element-populated\">\n\t\t\t\t\t\t\t\t<div class=\"elementor-element elementor-element-7d35ef6 elementor-widget elementor-widget-text-editor\" data-id=\"7d35ef6\" data-element_type=\"widget\" data-widget_type=\"text-editor.default\">\n\t\t\t\t<div class=\"elementor-widget-container\">\n\t\t\t<style>\/*! elementor - v3.5.3 - 28-12-2021 *\/\n.elementor-widget-text-editor.elementor-drop-cap-view-stacked .elementor-drop-cap{background-color:#818a91;color:#fff}.elementor-widget-text-editor.elementor-drop-cap-view-framed .elementor-drop-cap{color:#818a91;border:3px solid;background-color:transparent}.elementor-widget-text-editor:not(.elementor-drop-cap-view-default) .elementor-drop-cap{margin-top:8px}.elementor-widget-text-editor:not(.elementor-drop-cap-view-default) .elementor-drop-cap-letter{width:1em;height:1em}.elementor-widget-text-editor .elementor-drop-cap{float:left;text-align:center;line-height:1;font-size:50px}.elementor-widget-text-editor .elementor-drop-cap-letter{display:inline-block}<\/style>\t\t\t\t<p>O presidente Luiz In\u00e1cio Lula da Silva sancionou hoje, 28 de agosto, a lei que aumenta o sal\u00e1rio m\u00ednimo para 1.320 reais no pa\u00eds, al\u00e9m de estabelecer a nova pol\u00edtica de valoriza\u00e7\u00e3o do m\u00ednimo a cada ano. A medida tamb\u00e9m ter\u00e1 impactos no Imposto de Renda, aumentando a faixa de isen\u00e7\u00e3o do imposto para pessoas f\u00edsicas. De acordo com a nova regra, os trabalhadores com renda mensal equivalente a dois sal\u00e1rios m\u00ednimos n\u00e3o precisar\u00e3o declarar o IR no ano que vem.<\/p><p>\u201cHoje, sancionamos a lei e a valoriza\u00e7\u00e3o do sal\u00e1rio m\u00ednimo que ser\u00e1 pol\u00edtica permanente. Isso quer dizer que, todos os anos, o sal\u00e1rio m\u00ednimo dever\u00e1 ser ajustado acima da infla\u00e7\u00e3o, com ganho real. Com mais dinheiro para os brasileiros e mais crescimento para o Brasil, todo mundo ganha\u201d, destaca o presidente Lula.<\/p>\t\t\t\t\t\t<\/div>\n\t\t\t\t<\/div>\n\t\t\t\t\t<\/div>\n\t\t<\/div>\n\t\t\t\t\t\t\t<\/div>\n\t\t<\/section>\n\t\t\t\t<section class=\"elementor-section elementor-top-section elementor-element elementor-element-08600bd elementor-section-boxed elementor-section-height-default elementor-section-height-default\" data-id=\"08600bd\" data-element_type=\"section\">\n\t\t\t\t\t\t<div class=\"elementor-container elementor-column-gap-default\">\n\t\t\t\t\t<div class=\"elementor-column elementor-col-100 elementor-top-column elementor-element elementor-element-190a82d\" data-id=\"190a82d\" data-element_type=\"column\">\n\t\t\t<div class=\"elementor-widget-wrap elementor-element-populated\">\n\t\t\t\t\t\t\t\t<div class=\"elementor-element elementor-element-801cd07 elementor-widget elementor-widget-text-editor\" data-id=\"801cd07\" data-element_type=\"widget\" data-widget_type=\"text-editor.default\">\n\t\t\t\t<div class=\"elementor-widget-container\">\n\t\t\t\t\t\t\t<p><strong>For\u00e7a Sindical presente<\/strong><\/p>\t\t\t\t\t\t<\/div>\n\t\t\t\t<\/div>\n\t\t\t\t\t<\/div>\n\t\t<\/div>\n\t\t\t\t\t\t\t<\/div>\n\t\t<\/section>\n\t\t\t\t<section class=\"elementor-section elementor-top-section elementor-element elementor-element-2380780 elementor-section-boxed elementor-section-height-default elementor-section-height-default\" data-id=\"2380780\" data-element_type=\"section\">\n\t\t\t\t\t\t<div class=\"elementor-container elementor-column-gap-default\">\n\t\t\t\t\t<div class=\"elementor-column elementor-col-100 elementor-top-column elementor-element elementor-element-a2b06c0\" data-id=\"a2b06c0\" data-element_type=\"column\">\n\t\t\t<div class=\"elementor-widget-wrap elementor-element-populated\">\n\t\t\t\t\t\t\t\t<div class=\"elementor-element elementor-element-8f28e50 elementor-widget elementor-widget-text-editor\" data-id=\"8f28e50\" data-element_type=\"widget\" data-widget_type=\"text-editor.default\">\n\t\t\t\t<div class=\"elementor-widget-container\">\n\t\t\t\t\t\t\t<p>A convite do presidente Lula, Sergio Luiz Leite, Serginho, presidente da FEQUIMFAR e vice-presidente da For\u00e7a Sindical, e Miguel Torres, presidente da For\u00e7a Sindical, estiveram na cerim\u00f4nia realizada no Pal\u00e1cio do Planalto representando a Central.<\/p><p>\u201cA pol\u00edtica de valoriza\u00e7\u00e3o do Sal\u00e1rio M\u00ednimo foi abandonada em 2015! A luta das Centrais Sindicais conquistaram e recuperaram essa medida important\u00edssima para o desenvolvimento do pa\u00eds\u201d, afirma Serginho.<\/p><p>\u201cCom rela\u00e7\u00e3o \u00e0 tabela do Imposto de Renda, julgamos importante essa isen\u00e7\u00e3o, pois atinge cerca de 42% dos trabalhadores. Por\u00e9m, destacamos que \u00e9 urgente uma negocia\u00e7\u00e3o com o Governo para a revis\u00e3o de toda a tabela, que segue com defasagens hist\u00f3ricas, punindo todos os trabalhadores\u201d, disse.<\/p>\t\t\t\t\t\t<\/div>\n\t\t\t\t<\/div>\n\t\t\t\t\t<\/div>\n\t\t<\/div>\n\t\t\t\t\t\t\t<\/div>\n\t\t<\/section>\n\t\t\t\t<section class=\"elementor-section elementor-top-section elementor-element elementor-element-42eece4 elementor-section-boxed elementor-section-height-default elementor-section-height-default\" data-id=\"42eece4\" data-element_type=\"section\">\n\t\t\t\t\t\t<div class=\"elementor-container elementor-column-gap-default\">\n\t\t\t\t\t<div class=\"elementor-column elementor-col-100 elementor-top-column elementor-element elementor-element-0d88c6c\" data-id=\"0d88c6c\" data-element_type=\"column\">\n\t\t\t<div class=\"elementor-widget-wrap elementor-element-populated\">\n\t\t\t\t\t\t\t\t<div class=\"elementor-element elementor-element-b09c571 elementor-widget elementor-widget-text-editor\" data-id=\"b09c571\" data-element_type=\"widget\" data-widget_type=\"text-editor.default\">\n\t\t\t\t<div class=\"elementor-widget-container\">\n\t\t\t\t\t\t\t<p>Durante o evento, o presidente Lula assinou Decreto criando um Grupo de Trabalho para regulamenta\u00e7\u00e3o da Conven\u00e7\u00e3o 151 da OIT, que trata da negocia\u00e7\u00e3o coletiva dos servidores p\u00fablicos.<\/p><p>\u201cUm dia importante para os trabalhadores p\u00fablicos e privados\u201d concluiu Serginho.<\/p>\t\t\t\t\t\t<\/div>\n\t\t\t\t<\/div>\n\t\t\t\t\t<\/div>\n\t\t<\/div>\n\t\t\t\t\t\t\t<\/div>\n\t\t<\/section>\n\t\t\t\t\t\t<\/div>\n\t\t\t\t\t<\/div>\n\t\t","protected":false},"excerpt":{"rendered":"<p>Pol\u00edtica de valoriza\u00e7\u00e3o do Sal\u00e1rio M\u00ednimo \u00e9 sancionada pelo Presidente Lula O presidente Luiz In\u00e1cio Lula da Silva sancionou hoje, 28 de agosto, a lei que aumenta o sal\u00e1rio m\u00ednimo para 1.320 reais no pa\u00eds, al\u00e9m de estabelecer a nova pol\u00edtica de valoriza\u00e7\u00e3o do m\u00ednimo a cada ano. A medida tamb\u00e9m ter\u00e1 impactos no Imposto [&hellip;]<\/p>\n","protected":false},"author":1,"featured_media":0,"comment_status":"closed","ping_status":"closed","sticky":false,"template":"elementor_canvas","format":"standard","meta":{"footnotes":""},"categories":[3],"tags":[],"_links":{"self":[{"href":"https:\/\/quimicositapetininga.org.br\/index.php?rest_route=\/wp\/v2\/posts\/1874"}],"collection":[{"href":"https:\/\/quimicositapetininga.org.br\/index.php?rest_route=\/wp\/v2\/posts"}],"about":[{"href":"https:\/\/quimicositapetininga.org.br\/index.php?rest_route=\/wp\/v2\/types\/post"}],"author":[{"embeddable":true,"href":"https:\/\/quimicositapetininga.org.br\/index.php?rest_route=\/wp\/v2\/users\/1"}],"replies":[{"embeddable":true,"href":"https:\/\/quimicositapetininga.org.br\/index.php?rest_route=%2Fwp%2Fv2%2Fcomments&post=1874"}],"version-history":[{"count":4,"href":"https:\/\/quimicositapetininga.org.br\/index.php?rest_route=\/wp\/v2\/posts\/1874\/revisions"}],"predecessor-version":[{"id":1880,"href":"https:\/\/quimicositapetininga.org.br\/index.php?rest_route=\/wp\/v2\/posts\/1874\/revisions\/1880"}],"wp:attachment":[{"href":"https:\/\/quimicositapetininga.org.br\/index.php?rest_route=%2Fwp%2Fv2%2Fmedia&parent=1874"}],"wp:term":[{"taxonomy":"category","embeddable":true,"href":"https:\/\/quimicositapetininga.org.br\/index.php?rest_route=%2Fwp%2Fv2%2Fcategories&post=1874"},{"taxonomy":"post_tag","embeddable":true,"href":"https:\/\/quimicositapetininga.org.br\/index.php?rest_route=%2Fwp%2Fv2%2Ftags&post=1874"}],"curies":[{"name":"wp","href":"https:\/\/api.w.org\/{rel}","templated":true}]}}