{"id":1866,"date":"2023-08-25T22:39:29","date_gmt":"2023-08-25T22:39:29","guid":{"rendered":"https:\/\/quimicositapetininga.org.br\/?p=1866"},"modified":"2023-08-25T22:42:43","modified_gmt":"2023-08-25T22:42:43","slug":"movimento-sindical-conquista-politica-de-valorizacao-do-salario-minimo-e-correcao-do-ir","status":"publish","type":"post","link":"https:\/\/quimicositapetininga.org.br\/?p=1866","title":{"rendered":"Movimento sindical conquista pol\u00edtica de valoriza\u00e7\u00e3o do sal\u00e1rio m\u00ednimo e corre\u00e7\u00e3o do IR"},"content":{"rendered":"\t\t<div data-elementor-type=\"wp-post\" data-elementor-id=\"1866\" class=\"elementor elementor-1866\" data-elementor-settings=\"[]\">\n\t\t\t\t\t\t\t<div class=\"elementor-section-wrap\">\n\t\t\t\t\t\t\t<section class=\"elementor-section elementor-top-section elementor-element elementor-element-325c7fc elementor-section-boxed elementor-section-height-default elementor-section-height-default\" data-id=\"325c7fc\" data-element_type=\"section\">\n\t\t\t\t\t\t<div class=\"elementor-container elementor-column-gap-default\">\n\t\t\t\t\t<div class=\"elementor-column elementor-col-100 elementor-top-column elementor-element elementor-element-bfbf43e\" data-id=\"bfbf43e\" data-element_type=\"column\">\n\t\t\t<div class=\"elementor-widget-wrap elementor-element-populated\">\n\t\t\t\t\t\t\t\t<div class=\"elementor-element elementor-element-3cc8c7b elementor-widget elementor-widget-heading\" data-id=\"3cc8c7b\" data-element_type=\"widget\" data-widget_type=\"heading.default\">\n\t\t\t\t<div class=\"elementor-widget-container\">\n\t\t\t<style>\/*! elementor - v3.5.3 - 28-12-2021 *\/\n.elementor-heading-title{padding:0;margin:0;line-height:1}.elementor-widget-heading .elementor-heading-title[class*=elementor-size-]>a{color:inherit;font-size:inherit;line-height:inherit}.elementor-widget-heading .elementor-heading-title.elementor-size-small{font-size:15px}.elementor-widget-heading .elementor-heading-title.elementor-size-medium{font-size:19px}.elementor-widget-heading .elementor-heading-title.elementor-size-large{font-size:29px}.elementor-widget-heading .elementor-heading-title.elementor-size-xl{font-size:39px}.elementor-widget-heading .elementor-heading-title.elementor-size-xxl{font-size:59px}<\/style><h2 class=\"elementor-heading-title elementor-size-xxl\">Movimento sindical conquista pol\u00edtica de valoriza\u00e7\u00e3o do sal\u00e1rio m\u00ednimo e corre\u00e7\u00e3o do IR<\/h2>\t\t<\/div>\n\t\t\t\t<\/div>\n\t\t\t\t\t<\/div>\n\t\t<\/div>\n\t\t\t\t\t\t\t<\/div>\n\t\t<\/section>\n\t\t\t\t<section class=\"elementor-section elementor-top-section elementor-element elementor-element-46d8d3f elementor-section-boxed elementor-section-height-default elementor-section-height-default\" data-id=\"46d8d3f\" data-element_type=\"section\">\n\t\t\t\t\t\t<div class=\"elementor-container elementor-column-gap-default\">\n\t\t\t\t\t<div class=\"elementor-column elementor-col-100 elementor-top-column elementor-element elementor-element-58e2504\" data-id=\"58e2504\" data-element_type=\"column\">\n\t\t\t<div class=\"elementor-widget-wrap elementor-element-populated\">\n\t\t\t\t\t\t\t\t<div class=\"elementor-element elementor-element-3262277 elementor-widget elementor-widget-image\" data-id=\"3262277\" data-element_type=\"widget\" data-widget_type=\"image.default\">\n\t\t\t\t<div class=\"elementor-widget-container\">\n\t\t\t<style>\/*! elementor - v3.5.3 - 28-12-2021 *\/\n.elementor-widget-image{text-align:center}.elementor-widget-image a{display:inline-block}.elementor-widget-image a img[src$=\".svg\"]{width:48px}.elementor-widget-image img{vertical-align:middle;display:inline-block}<\/style>\t\t\t\t\t\t\t\t\t\t\t\t<img loading=\"lazy\" decoding=\"async\" width=\"1024\" height=\"682\" src=\"https:\/\/quimicositapetininga.org.br\/wp-content\/uploads\/2023\/08\/IMG-20230825-WA0011-1.jpg\" class=\"attachment-large size-large\" alt=\"\" \/>\t\t\t\t\t\t\t\t\t\t\t\t\t\t\t<\/div>\n\t\t\t\t<\/div>\n\t\t\t\t\t<\/div>\n\t\t<\/div>\n\t\t\t\t\t\t\t<\/div>\n\t\t<\/section>\n\t\t\t\t<section class=\"elementor-section elementor-top-section elementor-element elementor-element-569711e elementor-section-boxed elementor-section-height-default elementor-section-height-default\" data-id=\"569711e\" data-element_type=\"section\">\n\t\t\t\t\t\t<div class=\"elementor-container elementor-column-gap-default\">\n\t\t\t\t\t<div class=\"elementor-column elementor-col-100 elementor-top-column elementor-element elementor-element-f0ceee2\" data-id=\"f0ceee2\" data-element_type=\"column\">\n\t\t\t<div class=\"elementor-widget-wrap elementor-element-populated\">\n\t\t\t\t\t\t\t\t<div class=\"elementor-element elementor-element-0068a1a elementor-widget elementor-widget-text-editor\" data-id=\"0068a1a\" data-element_type=\"widget\" data-widget_type=\"text-editor.default\">\n\t\t\t\t<div class=\"elementor-widget-container\">\n\t\t\t<style>\/*! elementor - v3.5.3 - 28-12-2021 *\/\n.elementor-widget-text-editor.elementor-drop-cap-view-stacked .elementor-drop-cap{background-color:#818a91;color:#fff}.elementor-widget-text-editor.elementor-drop-cap-view-framed .elementor-drop-cap{color:#818a91;border:3px solid;background-color:transparent}.elementor-widget-text-editor:not(.elementor-drop-cap-view-default) .elementor-drop-cap{margin-top:8px}.elementor-widget-text-editor:not(.elementor-drop-cap-view-default) .elementor-drop-cap-letter{width:1em;height:1em}.elementor-widget-text-editor .elementor-drop-cap{float:left;text-align:center;line-height:1;font-size:50px}.elementor-widget-text-editor .elementor-drop-cap-letter{display:inline-block}<\/style>\t\t\t\t<div dir=\"auto\">As Centrais Sindicais celebram a aprova\u00e7\u00e3o da Medida Provis\u00f3ria (MP 1172\/23), que instituiu o reajuste do sal\u00e1rio m\u00ednimo para R$1320 e incorporou a pol\u00edtica constante de valoriza\u00e7\u00e3o e recupera\u00e7\u00e3o do sal\u00e1rio m\u00ednimo, al\u00e9m de\u00a0 expandir a isen\u00e7\u00e3o do imposto de renda para at\u00e9 R$2640, ap\u00f3s mais de 7 anos\u00a0 de defasagem cont\u00ednua.<\/div><div dir=\"auto\">\u00a0<\/div><div dir=\"auto\">A retomada da pol\u00edtica permanente de aumento real ao sal\u00e1rio m\u00ednimo, um\u00a0 compromisso de campanha do Presidente Lula, representa uma vit\u00f3ria do movimento sindical brasileiro, beneficiando mais de 31,3 milh\u00f5es de cidad\u00e3os e cidad\u00e3s do Brasil, segundo an\u00e1lise do DIEESE.<\/div><div dir=\"auto\">\u00a0<\/div><div dir=\"auto\">As Centrais Sindicais parabenizam os deputados e senadores pela aprova\u00e7\u00e3o da MP, que inaugura um novo ciclo para a classe trabalhadora do pa\u00eds.<\/div><div dir=\"auto\">\u00a0<\/div><div dir=\"auto\">Somos conscientes de que h\u00e1 muito a ser feito neste processo de reconstru\u00e7\u00e3o nacional, que conta com o empenho do movimento sindical.<\/div><div dir=\"auto\">\u00a0<\/div><div dir=\"auto\">Estamos diante de tarefas cruciais para os trabalhadores brasileiros no pr\u00f3ximo per\u00edodo, incluindo a constru\u00e7\u00e3o de um sistema de rela\u00e7\u00f5es trabalhistas mais moderno, s\u00f3lido e que valorize a negocia\u00e7\u00e3o coletiva, bem como assegurar a inclus\u00e3o dos milh\u00f5es de trabalhadoras e trabalhadores que permanecem \u00e0 margem dos direitos trabalhistas e da devida prote\u00e7\u00e3o social.<\/div><div dir=\"auto\">\u00a0<\/div><div dir=\"auto\">S\u00e3o Paulo, 25 de agosto de 2023<\/div><div dir=\"auto\">\u00a0<\/div><div dir=\"auto\">Miguel Torres \u2013 Presidente da For\u00e7a Sindical<\/div><div dir=\"auto\">\u00a0<\/div><div dir=\"auto\">S\u00e9rgio Nobre \u2013 Presidente da CUT<\/div><div dir=\"auto\">\u00a0<\/div><div dir=\"auto\">Ricardo Patah \u2013 Presidente da UGT<\/div><div dir=\"auto\">\u00a0<\/div><div dir=\"auto\">Adilson Ara\u00fajo \u2013 Presidente da CTB<\/div><div dir=\"auto\">\u00a0<\/div><div dir=\"auto\">Moacyr Auersvald \u2013 Presidente da Nova Central<\/div><div dir=\"auto\">\u00a0<\/div><div dir=\"auto\">Ant\u00f4nio Neto \u2013 Presidente da CSB<\/div>\t\t\t\t\t\t<\/div>\n\t\t\t\t<\/div>\n\t\t\t\t\t<\/div>\n\t\t<\/div>\n\t\t\t\t\t\t\t<\/div>\n\t\t<\/section>\n\t\t\t\t\t\t<\/div>\n\t\t\t\t\t<\/div>\n\t\t","protected":false},"excerpt":{"rendered":"<p>Movimento sindical conquista pol\u00edtica de valoriza\u00e7\u00e3o do sal\u00e1rio m\u00ednimo e corre\u00e7\u00e3o do IR As Centrais Sindicais celebram a aprova\u00e7\u00e3o da Medida Provis\u00f3ria (MP 1172\/23), que instituiu o reajuste do sal\u00e1rio m\u00ednimo para R$1320 e incorporou a pol\u00edtica constante de valoriza\u00e7\u00e3o e recupera\u00e7\u00e3o do sal\u00e1rio m\u00ednimo, al\u00e9m de\u00a0 expandir a isen\u00e7\u00e3o do imposto de renda para [&hellip;]<\/p>\n","protected":false},"author":1,"featured_media":0,"comment_status":"closed","ping_status":"closed","sticky":false,"template":"elementor_canvas","format":"standard","meta":{"footnotes":""},"categories":[15],"tags":[],"_links":{"self":[{"href":"https:\/\/quimicositapetininga.org.br\/index.php?rest_route=\/wp\/v2\/posts\/1866"}],"collection":[{"href":"https:\/\/quimicositapetininga.org.br\/index.php?rest_route=\/wp\/v2\/posts"}],"about":[{"href":"https:\/\/quimicositapetininga.org.br\/index.php?rest_route=\/wp\/v2\/types\/post"}],"author":[{"embeddable":true,"href":"https:\/\/quimicositapetininga.org.br\/index.php?rest_route=\/wp\/v2\/users\/1"}],"replies":[{"embeddable":true,"href":"https:\/\/quimicositapetininga.org.br\/index.php?rest_route=%2Fwp%2Fv2%2Fcomments&post=1866"}],"version-history":[{"count":4,"href":"https:\/\/quimicositapetininga.org.br\/index.php?rest_route=\/wp\/v2\/posts\/1866\/revisions"}],"predecessor-version":[{"id":1872,"href":"https:\/\/quimicositapetininga.org.br\/index.php?rest_route=\/wp\/v2\/posts\/1866\/revisions\/1872"}],"wp:attachment":[{"href":"https:\/\/quimicositapetininga.org.br\/index.php?rest_route=%2Fwp%2Fv2%2Fmedia&parent=1866"}],"wp:term":[{"taxonomy":"category","embeddable":true,"href":"https:\/\/quimicositapetininga.org.br\/index.php?rest_route=%2Fwp%2Fv2%2Fcategories&post=1866"},{"taxonomy":"post_tag","embeddable":true,"href":"https:\/\/quimicositapetininga.org.br\/index.php?rest_route=%2Fwp%2Fv2%2Ftags&post=1866"}],"curies":[{"name":"wp","href":"https:\/\/api.w.org\/{rel}","templated":true}]}}