{"id":1859,"date":"2023-08-25T22:30:10","date_gmt":"2023-08-25T22:30:10","guid":{"rendered":"https:\/\/quimicositapetininga.org.br\/?p=1859"},"modified":"2023-08-25T22:35:53","modified_gmt":"2023-08-25T22:35:53","slug":"industria-quimica-brasileira-volta-a-ter-regime-especial-de-tributacao","status":"publish","type":"post","link":"https:\/\/quimicositapetininga.org.br\/?p=1859","title":{"rendered":"Ind\u00fastria qu\u00edmica brasileira volta a ter regime especial de tributa\u00e7\u00e3o"},"content":{"rendered":"\t\t<div data-elementor-type=\"wp-post\" data-elementor-id=\"1859\" class=\"elementor elementor-1859\" data-elementor-settings=\"[]\">\n\t\t\t\t\t\t\t<div class=\"elementor-section-wrap\">\n\t\t\t\t\t\t\t<section class=\"elementor-section elementor-top-section elementor-element elementor-element-23d96bb elementor-section-boxed elementor-section-height-default elementor-section-height-default\" data-id=\"23d96bb\" data-element_type=\"section\">\n\t\t\t\t\t\t<div class=\"elementor-container elementor-column-gap-default\">\n\t\t\t\t\t<div class=\"elementor-column elementor-col-100 elementor-top-column elementor-element elementor-element-510f8d4\" data-id=\"510f8d4\" data-element_type=\"column\">\n\t\t\t<div class=\"elementor-widget-wrap elementor-element-populated\">\n\t\t\t\t\t\t\t\t<div class=\"elementor-element elementor-element-de7c2aa elementor-widget elementor-widget-heading\" data-id=\"de7c2aa\" data-element_type=\"widget\" data-widget_type=\"heading.default\">\n\t\t\t\t<div class=\"elementor-widget-container\">\n\t\t\t<style>\/*! elementor - v3.5.3 - 28-12-2021 *\/\n.elementor-heading-title{padding:0;margin:0;line-height:1}.elementor-widget-heading .elementor-heading-title[class*=elementor-size-]>a{color:inherit;font-size:inherit;line-height:inherit}.elementor-widget-heading .elementor-heading-title.elementor-size-small{font-size:15px}.elementor-widget-heading .elementor-heading-title.elementor-size-medium{font-size:19px}.elementor-widget-heading .elementor-heading-title.elementor-size-large{font-size:29px}.elementor-widget-heading .elementor-heading-title.elementor-size-xl{font-size:39px}.elementor-widget-heading .elementor-heading-title.elementor-size-xxl{font-size:59px}<\/style><h2 class=\"elementor-heading-title elementor-size-xl\">Ind\u00fastria qu\u00edmica brasileira volta a ter regime especial de tributa\u00e7\u00e3o<\/h2>\t\t<\/div>\n\t\t\t\t<\/div>\n\t\t\t\t\t<\/div>\n\t\t<\/div>\n\t\t\t\t\t\t\t<\/div>\n\t\t<\/section>\n\t\t\t\t<section class=\"elementor-section elementor-top-section elementor-element elementor-element-52fd4ea elementor-section-boxed elementor-section-height-default elementor-section-height-default\" data-id=\"52fd4ea\" data-element_type=\"section\">\n\t\t\t\t\t\t<div class=\"elementor-container elementor-column-gap-default\">\n\t\t\t\t\t<div class=\"elementor-column elementor-col-100 elementor-top-column elementor-element elementor-element-1d585b2\" data-id=\"1d585b2\" data-element_type=\"column\">\n\t\t\t<div class=\"elementor-widget-wrap elementor-element-populated\">\n\t\t\t\t\t\t\t\t<div class=\"elementor-element elementor-element-82eb2a7 elementor-widget elementor-widget-text-editor\" data-id=\"82eb2a7\" data-element_type=\"widget\" data-widget_type=\"text-editor.default\">\n\t\t\t\t<div class=\"elementor-widget-container\">\n\t\t\t<style>\/*! elementor - v3.5.3 - 28-12-2021 *\/\n.elementor-widget-text-editor.elementor-drop-cap-view-stacked .elementor-drop-cap{background-color:#818a91;color:#fff}.elementor-widget-text-editor.elementor-drop-cap-view-framed .elementor-drop-cap{color:#818a91;border:3px solid;background-color:transparent}.elementor-widget-text-editor:not(.elementor-drop-cap-view-default) .elementor-drop-cap{margin-top:8px}.elementor-widget-text-editor:not(.elementor-drop-cap-view-default) .elementor-drop-cap-letter{width:1em;height:1em}.elementor-widget-text-editor .elementor-drop-cap{float:left;text-align:center;line-height:1;font-size:50px}.elementor-widget-text-editor .elementor-drop-cap-letter{display:inline-block}<\/style>\t\t\t\t<p style=\"text-align: center;\"><strong>Decreto assinado pelo presidente em exerc\u00edcio Geraldo Alckmin devolve condi\u00e7\u00f5es de competitividade a setor essencial para a produ\u00e7\u00e3o industrial<\/strong><\/p>\t\t\t\t\t\t<\/div>\n\t\t\t\t<\/div>\n\t\t\t\t\t<\/div>\n\t\t<\/div>\n\t\t\t\t\t\t\t<\/div>\n\t\t<\/section>\n\t\t\t\t<section class=\"elementor-section elementor-top-section elementor-element elementor-element-daa9b89 elementor-section-boxed elementor-section-height-default elementor-section-height-default\" data-id=\"daa9b89\" data-element_type=\"section\">\n\t\t\t\t\t\t<div class=\"elementor-container elementor-column-gap-default\">\n\t\t\t\t\t<div class=\"elementor-column elementor-col-100 elementor-top-column elementor-element elementor-element-fdf2cf4\" data-id=\"fdf2cf4\" data-element_type=\"column\">\n\t\t\t<div class=\"elementor-widget-wrap elementor-element-populated\">\n\t\t\t\t\t\t\t\t<div class=\"elementor-element elementor-element-d26c0eb elementor-widget elementor-widget-image\" data-id=\"d26c0eb\" data-element_type=\"widget\" data-widget_type=\"image.default\">\n\t\t\t\t<div class=\"elementor-widget-container\">\n\t\t\t<style>\/*! elementor - v3.5.3 - 28-12-2021 *\/\n.elementor-widget-image{text-align:center}.elementor-widget-image a{display:inline-block}.elementor-widget-image a img[src$=\".svg\"]{width:48px}.elementor-widget-image img{vertical-align:middle;display:inline-block}<\/style>\t\t\t\t\t\t\t\t\t\t\t\t<img loading=\"lazy\" decoding=\"async\" width=\"768\" height=\"511\" src=\"https:\/\/quimicositapetininga.org.br\/wp-content\/uploads\/2023\/08\/c5612365-8c32-430e-b91e-53ad12692a82.jpeg\" class=\"attachment-large size-large\" alt=\"\" \/>\t\t\t\t\t\t\t\t\t\t\t\t\t\t\t<\/div>\n\t\t\t\t<\/div>\n\t\t\t\t\t<\/div>\n\t\t<\/div>\n\t\t\t\t\t\t\t<\/div>\n\t\t<\/section>\n\t\t\t\t<section class=\"elementor-section elementor-top-section elementor-element elementor-element-ef31788 elementor-section-boxed elementor-section-height-default elementor-section-height-default\" data-id=\"ef31788\" data-element_type=\"section\">\n\t\t\t\t\t\t<div class=\"elementor-container elementor-column-gap-default\">\n\t\t\t\t\t<div class=\"elementor-column elementor-col-100 elementor-top-column elementor-element elementor-element-f5e3f49\" data-id=\"f5e3f49\" data-element_type=\"column\">\n\t\t\t<div class=\"elementor-widget-wrap elementor-element-populated\">\n\t\t\t\t\t\t\t\t<div class=\"elementor-element elementor-element-f954685 elementor-widget elementor-widget-text-editor\" data-id=\"f954685\" data-element_type=\"widget\" data-widget_type=\"text-editor.default\">\n\t\t\t\t<div class=\"elementor-widget-container\">\n\t\t\t\t\t\t\t<p>O presidente da Rep\u00fablica em exerc\u00edcio Geraldo Alckmin assinou nesta quinta-feira (24) decreto que regulamenta as contrapartidas para o retorno das isen\u00e7\u00f5es fiscais prevista do regime Especial da Ind\u00fastria Qu\u00edmica (Reiq). A volta do regime especial melhora as condi\u00e7\u00f5es de competitividade de um setor que gera 2 milh\u00f5es de empregos diretos e indiretos no pa\u00eds e responde por 11% do PIB Industrial, segundo dados da Associa\u00e7\u00e3o Brasileira da Ind\u00fastria Qu\u00edmica (Abiquim). O decreto ser\u00e1 publicado nesta sexta-feira (25) no Di\u00e1rio Oficial da Uni\u00e3o.<\/p><p>\u201cTrata-se de um setor estrat\u00e9gico para o projeto de neoindustrializa\u00e7\u00e3o e o fortalecimento da ind\u00fastria como um todo. O Reiq \u00e9 fundamental para garantir competitividade nesse mercado, gerando emprego e renda\u201d, avaliou Alckmin.<\/p><p>Al\u00e9m de permitir a retomada das condi\u00e7\u00f5es tribut\u00e1rias anteriores, o novo decreto prev\u00ea cr\u00e9ditos adicionais para empresas que investirem em amplia\u00e7\u00e3o de sua capacidade produtiva ou em novas plantas que utilizem g\u00e1s natural para a produ\u00e7\u00e3o de fertilizantes.<\/p><p><b>Produtos<br \/><\/b>Criado em 2013, o Reiq prev\u00ea isen\u00e7\u00e3o de PIS\/Cofins na compra dos principais produtos usados na ind\u00fastria petroqu\u00edmica de primeira e segunda gera\u00e7\u00e3o \u2013 e que ser\u00e3o transformados em fertilizantes, em princ\u00edpio ativos para medicamentos, em pl\u00e1sticos, fibras, borrachas, tintas e insumos para alimentos e bebidas. O regime reduz a diferen\u00e7a de custos entre as empresas brasileiras e suas concorrentes internacionais.<\/p><p>Ao longo deste ano, o MDIC atuou ainda em outras frentes para aumentar a competitividade da ind\u00fastria qu\u00edmica nacional, ajudando na decis\u00e3o que permitiu o aumento das al\u00edquotas de importa\u00e7\u00e3o de resinas pl\u00e1sticas, em decis\u00f5es ocorridas em mar\u00e7o e julho no \u00e2mbito da C\u00e2mara de Com\u00e9rcio Exterior (Camex).<\/p><p>A ind\u00fastria qu\u00edmica tem peso relevante em v\u00e1rios estados brasileiros, principalmente Rio de Janeiro, S\u00e3o Paulo, Pernambuco, Bahia, Rio Grande do Sul, Amazonas e Alagoas.<\/p><p>Apesar da import\u00e2ncia do setor e dos benef\u00edcios, o governo anterior tentou por duas vezes, atrav\u00e9s de Medidas Provis\u00f3rias (MPs), extinguir o regime. As tentativas foram barradas em parte pelo Congresso Nacional, que, por outro lado, aprovou uma lei exigindo contrapartidas para a continuidade do benef\u00edcio. Essa lei dependia de regulamenta\u00e7\u00e3o, o que foi feito agora pelo decreto assinado por Alckmin.<\/p><p>Segundo estudo publicado pela Funda\u00e7\u00e3o Get\u00falio Vargas (FGV) em 2021, o Reiq traz benef\u00edcios n\u00e3o apenas \u00e0 ind\u00fastria qu\u00edmica, mas \u00e0 economia brasileira como um todo, com aumento de arrecada\u00e7\u00e3o e produtividade, al\u00e9m de manuten\u00e7\u00e3o de empregos. Na \u00e9poca do estudo \u2013 e tamb\u00e9m da edi\u00e7\u00e3o da primeira MP contra o Reiq \u2013 a FGV projetou uma queda entre R$ 2,7 bilh\u00f5es e R$ 5,7 bilh\u00f5es na produtividade anual do setor, caso o benef\u00edcio fosse extinto.<\/p><p>Ainda de acordo com o estudo, O programa garante uma contribui\u00e7\u00e3o de at\u00e9 R$ 5,5 bilh\u00f5es para o PIB e pelo menos R$ 2 bilh\u00f5es anuais em arrecada\u00e7\u00e3o<\/p><p><b>Contrapartidas<br \/><\/b>O decreto assinado nesta quinta-feira estabelece que as centrais e ind\u00fastrias qu\u00edmicas dever\u00e3o firmar, junto \u00e0 Secretaria Especial da Receita Federal do Brasil, termo no qual se comprometer\u00e3o a:<\/p><p>I &#8211; cumprir as normas de seguran\u00e7a e medicina do trabalho, de que trata o Cap\u00edtulo V do T\u00edtulo II da Consolida\u00e7\u00e3o das Leis do Trabalho, aprovada pelo Decreto-Lei n\u00ba 5.452, de 1\u00ba de maio de 1943;<\/p><p>II &#8211; cumprir as medidas de compensa\u00e7\u00e3o ambiental determinadas administrativa ou judicialmente ou constantes de termo de compromisso ou de ajuste de conduta firmado;<\/p><p>III &#8211; manter a regularidade em rela\u00e7\u00e3o a d\u00e9bitos tribut\u00e1rios e previdenci\u00e1rios;<\/p><p>IV &#8211; adquirir e a retirar de circula\u00e7\u00e3o certificados relativos a Redu\u00e7\u00f5es Verificadas de Emiss\u00f5es (RVE) de Gases de Efeito Estufa (GEE) em quantidade compat\u00edvel com os indicadores de refer\u00eancia aplic\u00e1veis ao impacto ambiental gerado pelas emiss\u00f5es de carbono decorrentes de suas atividades, conforme regulamento; e<\/p><p>V &#8211; manter em seus quadros funcionais quantitativo de empregados igual ou superior ao verificado em 1\u00ba de janeiro de 2022.<\/p><p>O texto estabelece ainda que os benef\u00edcios fiscais dever\u00e3o ser objeto de acompanhamento, controle e avalia\u00e7\u00e3o de impacto sobre seus efeitos, como custo fiscal, aumento de competitividade, compensa\u00e7\u00e3o ambiental e gera\u00e7\u00e3o de emprego.<\/p><p>A Secretaria de Desenvolvimento Industrial, Inova\u00e7\u00e3o, Com\u00e9rcio e Servi\u00e7os (SDIC) do MDIC est\u00e1 entre os \u00f3rg\u00e3os governamentais que far\u00e3o esse monitoramento, ao lado da Receita Federal, do Minist\u00e9rio do Trabalho e Emprego e do Minist\u00e9rio do Meio Ambiente e Mudan\u00e7a do Clima.<\/p>\t\t\t\t\t\t<\/div>\n\t\t\t\t<\/div>\n\t\t\t\t\t<\/div>\n\t\t<\/div>\n\t\t\t\t\t\t\t<\/div>\n\t\t<\/section>\n\t\t\t\t\t\t<\/div>\n\t\t\t\t\t<\/div>\n\t\t","protected":false},"excerpt":{"rendered":"<p>Ind\u00fastria qu\u00edmica brasileira volta a ter regime especial de tributa\u00e7\u00e3o Decreto assinado pelo presidente em exerc\u00edcio Geraldo Alckmin devolve condi\u00e7\u00f5es de competitividade a setor essencial para a produ\u00e7\u00e3o industrial O presidente da Rep\u00fablica em exerc\u00edcio Geraldo Alckmin assinou nesta quinta-feira (24) decreto que regulamenta as contrapartidas para o retorno das isen\u00e7\u00f5es fiscais prevista do regime [&hellip;]<\/p>\n","protected":false},"author":1,"featured_media":0,"comment_status":"closed","ping_status":"closed","sticky":false,"template":"elementor_canvas","format":"standard","meta":{"footnotes":""},"categories":[14],"tags":[],"_links":{"self":[{"href":"https:\/\/quimicositapetininga.org.br\/index.php?rest_route=\/wp\/v2\/posts\/1859"}],"collection":[{"href":"https:\/\/quimicositapetininga.org.br\/index.php?rest_route=\/wp\/v2\/posts"}],"about":[{"href":"https:\/\/quimicositapetininga.org.br\/index.php?rest_route=\/wp\/v2\/types\/post"}],"author":[{"embeddable":true,"href":"https:\/\/quimicositapetininga.org.br\/index.php?rest_route=\/wp\/v2\/users\/1"}],"replies":[{"embeddable":true,"href":"https:\/\/quimicositapetininga.org.br\/index.php?rest_route=%2Fwp%2Fv2%2Fcomments&post=1859"}],"version-history":[{"count":4,"href":"https:\/\/quimicositapetininga.org.br\/index.php?rest_route=\/wp\/v2\/posts\/1859\/revisions"}],"predecessor-version":[{"id":1865,"href":"https:\/\/quimicositapetininga.org.br\/index.php?rest_route=\/wp\/v2\/posts\/1859\/revisions\/1865"}],"wp:attachment":[{"href":"https:\/\/quimicositapetininga.org.br\/index.php?rest_route=%2Fwp%2Fv2%2Fmedia&parent=1859"}],"wp:term":[{"taxonomy":"category","embeddable":true,"href":"https:\/\/quimicositapetininga.org.br\/index.php?rest_route=%2Fwp%2Fv2%2Fcategories&post=1859"},{"taxonomy":"post_tag","embeddable":true,"href":"https:\/\/quimicositapetininga.org.br\/index.php?rest_route=%2Fwp%2Fv2%2Ftags&post=1859"}],"curies":[{"name":"wp","href":"https:\/\/api.w.org\/{rel}","templated":true}]}}