{"id":1852,"date":"2023-08-22T22:04:54","date_gmt":"2023-08-22T22:04:54","guid":{"rendered":"https:\/\/quimicositapetininga.org.br\/?p=1852"},"modified":"2023-08-22T22:24:16","modified_gmt":"2023-08-22T22:24:16","slug":"sindicatos-representativos-fortalecem-a-democracia-e-os-direitos-dizem-centrais","status":"publish","type":"post","link":"https:\/\/quimicositapetininga.org.br\/?p=1852","title":{"rendered":"Sindicatos representativos fortalecem a democracia e os direitos, dizem centrais"},"content":{"rendered":"\t\t<div data-elementor-type=\"wp-post\" data-elementor-id=\"1852\" class=\"elementor elementor-1852\" data-elementor-settings=\"[]\">\n\t\t\t\t\t\t\t<div class=\"elementor-section-wrap\">\n\t\t\t\t\t\t\t<section class=\"elementor-section elementor-top-section elementor-element elementor-element-feba98c elementor-section-boxed elementor-section-height-default elementor-section-height-default\" data-id=\"feba98c\" data-element_type=\"section\">\n\t\t\t\t\t\t<div class=\"elementor-container elementor-column-gap-default\">\n\t\t\t\t\t<div class=\"elementor-column elementor-col-100 elementor-top-column elementor-element elementor-element-0a574c8\" data-id=\"0a574c8\" data-element_type=\"column\">\n\t\t\t<div class=\"elementor-widget-wrap elementor-element-populated\">\n\t\t\t\t\t\t\t\t<div class=\"elementor-element elementor-element-c915cac elementor-widget elementor-widget-heading\" data-id=\"c915cac\" data-element_type=\"widget\" data-widget_type=\"heading.default\">\n\t\t\t\t<div class=\"elementor-widget-container\">\n\t\t\t<style>\/*! elementor - v3.5.3 - 28-12-2021 *\/\n.elementor-heading-title{padding:0;margin:0;line-height:1}.elementor-widget-heading .elementor-heading-title[class*=elementor-size-]>a{color:inherit;font-size:inherit;line-height:inherit}.elementor-widget-heading .elementor-heading-title.elementor-size-small{font-size:15px}.elementor-widget-heading .elementor-heading-title.elementor-size-medium{font-size:19px}.elementor-widget-heading .elementor-heading-title.elementor-size-large{font-size:29px}.elementor-widget-heading .elementor-heading-title.elementor-size-xl{font-size:39px}.elementor-widget-heading .elementor-heading-title.elementor-size-xxl{font-size:59px}<\/style><h2 class=\"elementor-heading-title elementor-size-large\">Sindicatos representativos fortalecem a democracia e os direitos, dizem centrais<\/h2>\t\t<\/div>\n\t\t\t\t<\/div>\n\t\t\t\t\t<\/div>\n\t\t<\/div>\n\t\t\t\t\t\t\t<\/div>\n\t\t<\/section>\n\t\t\t\t<section class=\"elementor-section elementor-top-section elementor-element elementor-element-8f85730 elementor-section-boxed elementor-section-height-default elementor-section-height-default\" data-id=\"8f85730\" data-element_type=\"section\">\n\t\t\t\t\t\t<div class=\"elementor-container elementor-column-gap-default\">\n\t\t\t\t\t<div class=\"elementor-column elementor-col-100 elementor-top-column elementor-element elementor-element-effce55\" data-id=\"effce55\" data-element_type=\"column\">\n\t\t\t<div class=\"elementor-widget-wrap elementor-element-populated\">\n\t\t\t\t\t\t\t\t<div class=\"elementor-element elementor-element-db2b5ee elementor-widget elementor-widget-text-editor\" data-id=\"db2b5ee\" data-element_type=\"widget\" data-widget_type=\"text-editor.default\">\n\t\t\t\t<div class=\"elementor-widget-container\">\n\t\t\t<style>\/*! elementor - v3.5.3 - 28-12-2021 *\/\n.elementor-widget-text-editor.elementor-drop-cap-view-stacked .elementor-drop-cap{background-color:#818a91;color:#fff}.elementor-widget-text-editor.elementor-drop-cap-view-framed .elementor-drop-cap{color:#818a91;border:3px solid;background-color:transparent}.elementor-widget-text-editor:not(.elementor-drop-cap-view-default) .elementor-drop-cap{margin-top:8px}.elementor-widget-text-editor:not(.elementor-drop-cap-view-default) .elementor-drop-cap-letter{width:1em;height:1em}.elementor-widget-text-editor .elementor-drop-cap{float:left;text-align:center;line-height:1;font-size:50px}.elementor-widget-text-editor .elementor-drop-cap-letter{display:inline-block}<\/style>\t\t\t\t<p style=\"text-align: center;\"><strong>Centrais sindicais defendem que sindicatos representativos s\u00e3o essenciais para fortalecer a democracia e proteger os direitos dos trabalhadores<\/strong><\/p>\t\t\t\t\t\t<\/div>\n\t\t\t\t<\/div>\n\t\t\t\t\t<\/div>\n\t\t<\/div>\n\t\t\t\t\t\t\t<\/div>\n\t\t<\/section>\n\t\t\t\t<section class=\"elementor-section elementor-top-section elementor-element elementor-element-f0f8b05 elementor-section-boxed elementor-section-height-default elementor-section-height-default\" data-id=\"f0f8b05\" data-element_type=\"section\">\n\t\t\t\t\t\t<div class=\"elementor-container elementor-column-gap-default\">\n\t\t\t\t\t<div class=\"elementor-column elementor-col-100 elementor-top-column elementor-element elementor-element-3699103\" data-id=\"3699103\" data-element_type=\"column\">\n\t\t\t<div class=\"elementor-widget-wrap elementor-element-populated\">\n\t\t\t\t\t\t\t\t<div class=\"elementor-element elementor-element-9bfdd88 elementor-widget elementor-widget-image\" data-id=\"9bfdd88\" data-element_type=\"widget\" data-widget_type=\"image.default\">\n\t\t\t\t<div class=\"elementor-widget-container\">\n\t\t\t<style>\/*! elementor - v3.5.3 - 28-12-2021 *\/\n.elementor-widget-image{text-align:center}.elementor-widget-image a{display:inline-block}.elementor-widget-image a img[src$=\".svg\"]{width:48px}.elementor-widget-image img{vertical-align:middle;display:inline-block}<\/style>\t\t\t\t\t\t\t\t\t\t\t\t<img loading=\"lazy\" decoding=\"async\" width=\"702\" height=\"352\" src=\"https:\/\/quimicositapetininga.org.br\/wp-content\/uploads\/2023\/08\/avibras-assembleia.jpg\" class=\"attachment-large size-large\" alt=\"\" \/>\t\t\t\t\t\t\t\t\t\t\t\t\t\t\t<\/div>\n\t\t\t\t<\/div>\n\t\t\t\t\t<\/div>\n\t\t<\/div>\n\t\t\t\t\t\t\t<\/div>\n\t\t<\/section>\n\t\t\t\t<section class=\"elementor-section elementor-top-section elementor-element elementor-element-35624b0 elementor-section-boxed elementor-section-height-default elementor-section-height-default\" data-id=\"35624b0\" data-element_type=\"section\">\n\t\t\t\t\t\t<div class=\"elementor-container elementor-column-gap-default\">\n\t\t\t\t\t<div class=\"elementor-column elementor-col-100 elementor-top-column elementor-element elementor-element-d32b89a\" data-id=\"d32b89a\" data-element_type=\"column\">\n\t\t\t<div class=\"elementor-widget-wrap elementor-element-populated\">\n\t\t\t\t\t\t\t\t<div class=\"elementor-element elementor-element-56fbf91 elementor-widget elementor-widget-text-editor\" data-id=\"56fbf91\" data-element_type=\"widget\" data-widget_type=\"text-editor.default\">\n\t\t\t\t<div class=\"elementor-widget-container\">\n\t\t\t\t\t\t\t<p>As centrais sindicais \u2013\u00a0<a href=\"https:\/\/www.fsindical.org.br\/\" target=\"_blank\" rel=\"noopener\">For\u00e7a Sindical<\/a>,\u00a0<a href=\"https:\/\/www.ugt.org.br\/\" target=\"_blank\" rel=\"noopener\">UGT<\/a>,\u00a0<a href=\"https:\/\/csb.org.br\/\">CSB<\/a>\u00a0e\u00a0<a href=\"https:\/\/www.ncst.org.br\/\" target=\"_blank\" rel=\"noopener\">Nova Central<\/a>\u00a0divulgaram nota: \u201cSindicatos representativos fortalecem a democracia e os direitos\u201d.<\/p><p>\u201cUma democracia demanda representatividade social. Uma democracia precisa de entidades sindicais (sindicato, federa\u00e7\u00f5es, confedera\u00e7\u00f5es)\u201d, diz o texto.<\/p><p>Os sindicalistas explicam no texto que \u201cs\u00e3o essas entidades que negociam, por parte dos trabalhadores, no extenso e complexo mundo do trabalho.\u201d<\/p><p>As lideran\u00e7as ressaltam que o trabalhador sozinho \u00e9 um agente social vulner\u00e1vel e isolado perante a negocia\u00e7\u00e3o com uma empresa, uma f\u00e1brica, uma loja de com\u00e9rcio, na presta\u00e7\u00e3o de servi\u00e7os etc.<\/p>\t\t\t\t\t\t<\/div>\n\t\t\t\t<\/div>\n\t\t\t\t\t<\/div>\n\t\t<\/div>\n\t\t\t\t\t\t\t<\/div>\n\t\t<\/section>\n\t\t\t\t<section class=\"elementor-section elementor-top-section elementor-element elementor-element-7e1e51e elementor-section-boxed elementor-section-height-default elementor-section-height-default\" data-id=\"7e1e51e\" data-element_type=\"section\">\n\t\t\t\t\t\t<div class=\"elementor-container elementor-column-gap-default\">\n\t\t\t\t\t<div class=\"elementor-column elementor-col-100 elementor-top-column elementor-element elementor-element-db57d5e\" data-id=\"db57d5e\" data-element_type=\"column\">\n\t\t\t<div class=\"elementor-widget-wrap elementor-element-populated\">\n\t\t\t\t\t\t\t\t<div class=\"elementor-element elementor-element-5b75d5f elementor-widget elementor-widget-text-editor\" data-id=\"5b75d5f\" data-element_type=\"widget\" data-widget_type=\"text-editor.default\">\n\t\t\t\t<div class=\"elementor-widget-container\">\n\t\t\t\t\t\t\t<h2>Leia a seguir a nota na \u00edntegra:<\/h2><h3><em><strong>Sindicatos representativos fortalecem a democracia e os direitos<\/strong><\/em><\/h3><p>Uma democracia demanda representatividade social. Uma democracia precisa de entidades sindicais (sindicato, federa\u00e7\u00f5es, confedera\u00e7\u00f5es). S\u00e3o essas entidades que negociam, por parte dos trabalhadores, no extenso e complexo mundo do trabalho.<\/p><p>O trabalhador sozinho, vale lembrar, \u00e9 um agente social vulner\u00e1vel e isolado perante a negocia\u00e7\u00e3o com uma empresa, uma f\u00e1brica, uma loja, na presta\u00e7\u00e3o de servi\u00e7os etc.<\/p><p>No Brasil este campo, sindical, foi prejudicado pelo avan\u00e7o de pol\u00edticas antissociais e antidemocr\u00e1ticas que se viu durante os governos Temer\/Bolsonaro. Para restaurar plenamente o Estado Democr\u00e1tico de Direito precisamos reparar o erro que foi a ofensiva antissindical. Ofensiva que tanto prejudicou o povo brasileiro, com o aumento do desemprego, da precariza\u00e7\u00e3o do trabalho, do rebaixamento dos sal\u00e1rios, do aumento da fome, da mis\u00e9ria e da viol\u00eancia em todas suas formas.<\/p><p>As melhores pr\u00e1ticas internacionais mostram que uma categoria se fortalece quando seu sindicato \u00e9 forte, com ampla base de representa\u00e7\u00e3o, com um sistema deliberativo para a negocia\u00e7\u00e3o coletiva assentada na soberania das assembleias, que devem contar com a participa\u00e7\u00e3o de todos (s\u00f3cios e n\u00e3o s\u00f3cios) que se beneficiam das negocia\u00e7\u00f5es coletivas (acordos e conven\u00e7\u00f5es).<\/p><p>N\u00e3o \u00e9 verdade, como est\u00e1 sendo veiculado em alguns meios de comunica\u00e7\u00e3o, que as entidades sindicais pleiteiam uma contribui\u00e7\u00e3o maior que o imposto sindical, que passou a ser facultativo ap\u00f3s a reforma trabalhista de 2017.<\/p><p>O item que est\u00e1 em tramita\u00e7\u00e3o em reuni\u00f5es tripartites, com trabalhadores, empres\u00e1rios e governo, \u00e9 a Contribui\u00e7\u00e3o Negocial. Ela n\u00e3o tem nenhuma rela\u00e7\u00e3o e nem permite um comparativo com o antigo imposto sindical, j\u00e1 que \u00e9 definida em assembleia de forma amplamente divulgada e democr\u00e1tica.<\/p><p>A hist\u00f3ria demonstra que a exist\u00eancia dos sindicatos, n\u00e3o s\u00f3 no Brasil, como no mundo, permite que o trabalhador tenha maior mobilidade social. Prova que os direitos trabalhistas, conquistados com press\u00e3o e luta sindical, proporcionaram a diminui\u00e7\u00e3o de desigualdades social e que, por outro lado, a retirada de direitos coloca o povo na pobreza e no abandono.<\/p><p>\u00c9 pela valoriza\u00e7\u00e3o do povo que lutamos! Para que todos tenham trabalho decente, direitos e sindicatos fortes e representativos!<\/p>\t\t\t\t\t\t<\/div>\n\t\t\t\t<\/div>\n\t\t\t\t\t<\/div>\n\t\t<\/div>\n\t\t\t\t\t\t\t<\/div>\n\t\t<\/section>\n\t\t\t\t\t\t<\/div>\n\t\t\t\t\t<\/div>\n\t\t","protected":false},"excerpt":{"rendered":"<p>Sindicatos representativos fortalecem a democracia e os direitos, dizem centrais Centrais sindicais defendem que sindicatos representativos s\u00e3o essenciais para fortalecer a democracia e proteger os direitos dos trabalhadores As centrais sindicais \u2013\u00a0For\u00e7a Sindical,\u00a0UGT,\u00a0CSB\u00a0e\u00a0Nova Central\u00a0divulgaram nota: \u201cSindicatos representativos fortalecem a democracia e os direitos\u201d. \u201cUma democracia demanda representatividade social. Uma democracia precisa de entidades sindicais (sindicato, [&hellip;]<\/p>\n","protected":false},"author":1,"featured_media":0,"comment_status":"closed","ping_status":"closed","sticky":false,"template":"elementor_canvas","format":"standard","meta":{"footnotes":""},"categories":[15],"tags":[],"_links":{"self":[{"href":"https:\/\/quimicositapetininga.org.br\/index.php?rest_route=\/wp\/v2\/posts\/1852"}],"collection":[{"href":"https:\/\/quimicositapetininga.org.br\/index.php?rest_route=\/wp\/v2\/posts"}],"about":[{"href":"https:\/\/quimicositapetininga.org.br\/index.php?rest_route=\/wp\/v2\/types\/post"}],"author":[{"embeddable":true,"href":"https:\/\/quimicositapetininga.org.br\/index.php?rest_route=\/wp\/v2\/users\/1"}],"replies":[{"embeddable":true,"href":"https:\/\/quimicositapetininga.org.br\/index.php?rest_route=%2Fwp%2Fv2%2Fcomments&post=1852"}],"version-history":[{"count":4,"href":"https:\/\/quimicositapetininga.org.br\/index.php?rest_route=\/wp\/v2\/posts\/1852\/revisions"}],"predecessor-version":[{"id":1858,"href":"https:\/\/quimicositapetininga.org.br\/index.php?rest_route=\/wp\/v2\/posts\/1852\/revisions\/1858"}],"wp:attachment":[{"href":"https:\/\/quimicositapetininga.org.br\/index.php?rest_route=%2Fwp%2Fv2%2Fmedia&parent=1852"}],"wp:term":[{"taxonomy":"category","embeddable":true,"href":"https:\/\/quimicositapetininga.org.br\/index.php?rest_route=%2Fwp%2Fv2%2Fcategories&post=1852"},{"taxonomy":"post_tag","embeddable":true,"href":"https:\/\/quimicositapetininga.org.br\/index.php?rest_route=%2Fwp%2Fv2%2Ftags&post=1852"}],"curies":[{"name":"wp","href":"https:\/\/api.w.org\/{rel}","templated":true}]}}