{"id":1843,"date":"2023-08-17T20:30:19","date_gmt":"2023-08-17T20:30:19","guid":{"rendered":"https:\/\/quimicositapetininga.org.br\/?p=1843"},"modified":"2023-08-17T20:33:48","modified_gmt":"2023-08-17T20:33:48","slug":"desemprego-recua-em-oito-unidades-da-federacao","status":"publish","type":"post","link":"https:\/\/quimicositapetininga.org.br\/?p=1843","title":{"rendered":"Desemprego recua em oito unidades da Federa\u00e7\u00e3o"},"content":{"rendered":"\t\t<div data-elementor-type=\"wp-post\" data-elementor-id=\"1843\" class=\"elementor elementor-1843\" data-elementor-settings=\"[]\">\n\t\t\t\t\t\t\t<div class=\"elementor-section-wrap\">\n\t\t\t\t\t\t\t<section class=\"elementor-section elementor-top-section elementor-element elementor-element-ac8bfb6 elementor-section-boxed elementor-section-height-default elementor-section-height-default\" data-id=\"ac8bfb6\" data-element_type=\"section\">\n\t\t\t\t\t\t<div class=\"elementor-container elementor-column-gap-default\">\n\t\t\t\t\t<div class=\"elementor-column elementor-col-100 elementor-top-column elementor-element elementor-element-96ce3f3\" data-id=\"96ce3f3\" data-element_type=\"column\">\n\t\t\t<div class=\"elementor-widget-wrap elementor-element-populated\">\n\t\t\t\t\t\t\t\t<div class=\"elementor-element elementor-element-808266e elementor-widget elementor-widget-heading\" data-id=\"808266e\" data-element_type=\"widget\" data-widget_type=\"heading.default\">\n\t\t\t\t<div class=\"elementor-widget-container\">\n\t\t\t<style>\/*! elementor - v3.5.3 - 28-12-2021 *\/\n.elementor-heading-title{padding:0;margin:0;line-height:1}.elementor-widget-heading .elementor-heading-title[class*=elementor-size-]>a{color:inherit;font-size:inherit;line-height:inherit}.elementor-widget-heading .elementor-heading-title.elementor-size-small{font-size:15px}.elementor-widget-heading .elementor-heading-title.elementor-size-medium{font-size:19px}.elementor-widget-heading .elementor-heading-title.elementor-size-large{font-size:29px}.elementor-widget-heading .elementor-heading-title.elementor-size-xl{font-size:39px}.elementor-widget-heading .elementor-heading-title.elementor-size-xxl{font-size:59px}<\/style><h2 class=\"elementor-heading-title elementor-size-large\">Desemprego recua em oito unidades da Federa\u00e7\u00e3o<\/h2>\t\t<\/div>\n\t\t\t\t<\/div>\n\t\t\t\t\t<\/div>\n\t\t<\/div>\n\t\t\t\t\t\t\t<\/div>\n\t\t<\/section>\n\t\t\t\t<section class=\"elementor-section elementor-top-section elementor-element elementor-element-1bfe5bf elementor-section-boxed elementor-section-height-default elementor-section-height-default\" data-id=\"1bfe5bf\" data-element_type=\"section\">\n\t\t\t\t\t\t<div class=\"elementor-container elementor-column-gap-default\">\n\t\t\t\t\t<div class=\"elementor-column elementor-col-100 elementor-top-column elementor-element elementor-element-cd4ffca\" data-id=\"cd4ffca\" data-element_type=\"column\">\n\t\t\t<div class=\"elementor-widget-wrap elementor-element-populated\">\n\t\t\t\t\t\t\t\t<div class=\"elementor-element elementor-element-0d6005e elementor-widget elementor-widget-text-editor\" data-id=\"0d6005e\" data-element_type=\"widget\" data-widget_type=\"text-editor.default\">\n\t\t\t\t<div class=\"elementor-widget-container\">\n\t\t\t<style>\/*! elementor - v3.5.3 - 28-12-2021 *\/\n.elementor-widget-text-editor.elementor-drop-cap-view-stacked .elementor-drop-cap{background-color:#818a91;color:#fff}.elementor-widget-text-editor.elementor-drop-cap-view-framed .elementor-drop-cap{color:#818a91;border:3px solid;background-color:transparent}.elementor-widget-text-editor:not(.elementor-drop-cap-view-default) .elementor-drop-cap{margin-top:8px}.elementor-widget-text-editor:not(.elementor-drop-cap-view-default) .elementor-drop-cap-letter{width:1em;height:1em}.elementor-widget-text-editor .elementor-drop-cap{float:left;text-align:center;line-height:1;font-size:50px}.elementor-widget-text-editor .elementor-drop-cap-letter{display:inline-block}<\/style>\t\t\t\t<p style=\"text-align: center;\"><strong>Taxa de desemprego recua em oito estados no segundo trimestre de 2023, apontam dados do IBGE. Panorama e an\u00e1lise das varia\u00e7\u00f5es por regi\u00e3o, g\u00eanero e educa\u00e7\u00e3o<\/strong><\/p>\t\t\t\t\t\t<\/div>\n\t\t\t\t<\/div>\n\t\t\t\t\t<\/div>\n\t\t<\/div>\n\t\t\t\t\t\t\t<\/div>\n\t\t<\/section>\n\t\t\t\t<section class=\"elementor-section elementor-top-section elementor-element elementor-element-78ffe29 elementor-section-boxed elementor-section-height-default elementor-section-height-default\" data-id=\"78ffe29\" data-element_type=\"section\">\n\t\t\t\t\t\t<div class=\"elementor-container elementor-column-gap-default\">\n\t\t\t\t\t<div class=\"elementor-column elementor-col-100 elementor-top-column elementor-element elementor-element-8b759df\" data-id=\"8b759df\" data-element_type=\"column\">\n\t\t\t<div class=\"elementor-widget-wrap elementor-element-populated\">\n\t\t\t\t\t\t\t\t<div class=\"elementor-element elementor-element-819a8f7 elementor-widget elementor-widget-image\" data-id=\"819a8f7\" data-element_type=\"widget\" data-widget_type=\"image.default\">\n\t\t\t\t<div class=\"elementor-widget-container\">\n\t\t\t<style>\/*! elementor - v3.5.3 - 28-12-2021 *\/\n.elementor-widget-image{text-align:center}.elementor-widget-image a{display:inline-block}.elementor-widget-image a img[src$=\".svg\"]{width:48px}.elementor-widget-image img{vertical-align:middle;display:inline-block}<\/style>\t\t\t\t\t\t\t\t\t\t\t\t<img loading=\"lazy\" decoding=\"async\" width=\"702\" height=\"352\" src=\"https:\/\/quimicositapetininga.org.br\/wp-content\/uploads\/2023\/08\/desemprego-1.jpg\" class=\"attachment-large size-large\" alt=\"\" \/>\t\t\t\t\t\t\t\t\t\t\t\t\t\t\t<\/div>\n\t\t\t\t<\/div>\n\t\t\t\t\t<\/div>\n\t\t<\/div>\n\t\t\t\t\t\t\t<\/div>\n\t\t<\/section>\n\t\t\t\t<section class=\"elementor-section elementor-top-section elementor-element elementor-element-afa7743 elementor-section-boxed elementor-section-height-default elementor-section-height-default\" data-id=\"afa7743\" data-element_type=\"section\">\n\t\t\t\t\t\t<div class=\"elementor-container elementor-column-gap-default\">\n\t\t\t\t\t<div class=\"elementor-column elementor-col-100 elementor-top-column elementor-element elementor-element-7747bcb\" data-id=\"7747bcb\" data-element_type=\"column\">\n\t\t\t<div class=\"elementor-widget-wrap elementor-element-populated\">\n\t\t\t\t\t\t\t\t<div class=\"elementor-element elementor-element-3a92dcd elementor-widget elementor-widget-text-editor\" data-id=\"3a92dcd\" data-element_type=\"widget\" data-widget_type=\"text-editor.default\">\n\t\t\t\t<div class=\"elementor-widget-container\">\n\t\t\t\t\t\t\t<p>O desemprego recua no segundo trimestre deste ano em oito estados brasileiros, comparando com o trimestre anterior, \u00e9 o que revelou pesquisa realizada pelo\u00a0<a href=\"https:\/\/www.ibge.gov.br\/\"><strong>IBGE<\/strong><\/a>\u00a0\u2013 Instituto Brasileiro de Geografia e Estat\u00edstica<\/p><p>Destacam-se as redu\u00e7\u00f5es mais significativas no Distrito Federal, que passou de 12% para 8,7%, e no Rio Grande do Norte, onde a taxa foi de 12,1% para 10,2%.<\/p><h3>Recuos em taxa de desocupa\u00e7\u00e3o<\/h3><p>Os estados de S\u00e3o Paulo, Cear\u00e1, Minas Gerais, Maranh\u00e3o, Par\u00e1 e Mato Grosso tamb\u00e9m registraram recuos em suas taxas de desocupa\u00e7\u00e3o.<\/p><p>S\u00e3o Paulo viu sua taxa passar de 8,5% para 7,8%, enquanto o Cear\u00e1 registrou uma queda de 9,6% para 8,6%.<\/p><p>Minas Gerais apresentou um decr\u00e9scimo de 6,8% para 5,8%, e tanto o Maranh\u00e3o quanto o Par\u00e1 e Mato Grosso tiveram uma redu\u00e7\u00e3o de 9,8% para 8,6% e de 4,5% para 3%, respectivamente.<\/p><p>A m\u00e9dia nacional de desocupa\u00e7\u00e3o, que foi divulgada no final de julho, caiu de 8,8% para 8% no segundo trimestre, ou seja representa um panorama de relativa melhoria no cen\u00e1rio de emprego.<\/p><p>Os estados que mantiveram suas taxas de desocupa\u00e7\u00e3o est\u00e1veis somam 19 unidades da Federa\u00e7\u00e3o.<\/p><h3>O que \u00e9 taxa de desocupa\u00e7\u00e3o<\/h3><p>A taxa de desocupa\u00e7\u00e3o, que \u00e9 um indicador tamb\u00e9m conhecido como taxa de desemprego, reflete o percentual de indiv\u00edduos que est\u00e3o procurando emprego, no entanto n\u00e3o conseguem encontrar, em rela\u00e7\u00e3o \u00e0 for\u00e7a de trabalho, que engloba tanto os desempregados quanto os empregados.<\/p><p>Adriana Beringuy, pesquisadora do IBGE, aponta que a queda nas taxas de desocupa\u00e7\u00e3o pode tamb\u00e9m ser atribu\u00edda a padr\u00f5es sazonais.<\/p><p>De acordo com a pesquisadora, depois do crescimento no primeiro trimestre, em parte devido \u00e0 busca de emprego por aqueles que foram dispensados no in\u00edcio do ano, a procura tende a diminuir no segundo trimestre.<\/p><p>As maiores taxas de desocupa\u00e7\u00e3o foram encontradas em Pernambuco (14,2%), Bahia (13,4%) e Amap\u00e1 (12,4%). Por outro lado, as menores taxas foram observadas em Rond\u00f4nia (2,4%), Mato Grosso (3%) e Santa Catarina (3,5%).<\/p><p>No comparativo entre regi\u00f5es, houve queda na taxa de desocupa\u00e7\u00e3o em quatro delas, mantendo-se est\u00e1vel na regi\u00e3o Sul.<\/p><h3>Cor e Sexo<\/h3><p>Ao analisar g\u00eanero e etnia, a taxa de desocupa\u00e7\u00e3o para homens foi de 6,9% no segundo trimestre, enquanto para as mulheres ela foi mais alta, alcan\u00e7ando 9,6%.<\/p><p>Quando consideradas a cor ou ra\u00e7a, a disparidade tamb\u00e9m se manifesta: brancos apresentaram uma taxa abaixo da m\u00e9dia nacional, com 6,3%, enquanto pretos e pardos registraram taxas de 10% e 9,3%, respectivamente.<\/p><p>Em rela\u00e7\u00e3o ao n\u00edvel de instru\u00e7\u00e3o, aqueles com ensino m\u00e9dio incompleto apresentaram a maior taxa de desocupa\u00e7\u00e3o, atingindo 13,6%. J\u00e1 para pessoas com n\u00edvel superior completo, a taxa foi de 3,8%.<\/p><h3>Rendimento<\/h3><p>No tocante aos rendimentos, em compara\u00e7\u00e3o ao primeiro trimestre deste ano, houve crescimento nos ganhos m\u00e9dios mensais habituais dos trabalhadores na Regi\u00e3o Norte, em contrapartida as demais regi\u00f5es se mantiveram est\u00e1veis.<\/p><p>De acordo com o estudo, comparando com o segundo trimestre de 2022, houve expans\u00e3o em todas as regi\u00f5es.<\/p><p>Na frente da informalidade, que avalia o percentual de trabalhadores sem carteira assinada ou CNPJ, os estados do Par\u00e1 (58,7%), Maranh\u00e3o (57,0%) e Amazonas (56,8%) lideraram as maiores taxas.<\/p><p>J\u00e1 as menores taxas de informalidade foram observadas em Santa Catarina (26,6%), no Distrito Federal (31,2%) e em S\u00e3o Paulo (31,6%).<\/p>\t\t\t\t\t\t<\/div>\n\t\t\t\t<\/div>\n\t\t\t\t\t<\/div>\n\t\t<\/div>\n\t\t\t\t\t\t\t<\/div>\n\t\t<\/section>\n\t\t\t\t\t\t<\/div>\n\t\t\t\t\t<\/div>\n\t\t","protected":false},"excerpt":{"rendered":"<p>Desemprego recua em oito unidades da Federa\u00e7\u00e3o Taxa de desemprego recua em oito estados no segundo trimestre de 2023, apontam dados do IBGE. Panorama e an\u00e1lise das varia\u00e7\u00f5es por regi\u00e3o, g\u00eanero e educa\u00e7\u00e3o O desemprego recua no segundo trimestre deste ano em oito estados brasileiros, comparando com o trimestre anterior, \u00e9 o que revelou pesquisa [&hellip;]<\/p>\n","protected":false},"author":1,"featured_media":0,"comment_status":"closed","ping_status":"closed","sticky":false,"template":"elementor_canvas","format":"standard","meta":{"footnotes":""},"categories":[3],"tags":[],"_links":{"self":[{"href":"https:\/\/quimicositapetininga.org.br\/index.php?rest_route=\/wp\/v2\/posts\/1843"}],"collection":[{"href":"https:\/\/quimicositapetininga.org.br\/index.php?rest_route=\/wp\/v2\/posts"}],"about":[{"href":"https:\/\/quimicositapetininga.org.br\/index.php?rest_route=\/wp\/v2\/types\/post"}],"author":[{"embeddable":true,"href":"https:\/\/quimicositapetininga.org.br\/index.php?rest_route=\/wp\/v2\/users\/1"}],"replies":[{"embeddable":true,"href":"https:\/\/quimicositapetininga.org.br\/index.php?rest_route=%2Fwp%2Fv2%2Fcomments&post=1843"}],"version-history":[{"count":4,"href":"https:\/\/quimicositapetininga.org.br\/index.php?rest_route=\/wp\/v2\/posts\/1843\/revisions"}],"predecessor-version":[{"id":1849,"href":"https:\/\/quimicositapetininga.org.br\/index.php?rest_route=\/wp\/v2\/posts\/1843\/revisions\/1849"}],"wp:attachment":[{"href":"https:\/\/quimicositapetininga.org.br\/index.php?rest_route=%2Fwp%2Fv2%2Fmedia&parent=1843"}],"wp:term":[{"taxonomy":"category","embeddable":true,"href":"https:\/\/quimicositapetininga.org.br\/index.php?rest_route=%2Fwp%2Fv2%2Fcategories&post=1843"},{"taxonomy":"post_tag","embeddable":true,"href":"https:\/\/quimicositapetininga.org.br\/index.php?rest_route=%2Fwp%2Fv2%2Ftags&post=1843"}],"curies":[{"name":"wp","href":"https:\/\/api.w.org\/{rel}","templated":true}]}}