{"id":1831,"date":"2023-08-10T21:25:26","date_gmt":"2023-08-10T21:25:26","guid":{"rendered":"https:\/\/quimicositapetininga.org.br\/?p=1831"},"modified":"2023-08-10T21:30:22","modified_gmt":"2023-08-10T21:30:22","slug":"campanha-salarial-dos-quimicos-e-pelo-aumento-real","status":"publish","type":"post","link":"https:\/\/quimicositapetininga.org.br\/?p=1831","title":{"rendered":"Campanha salarial dos Qu\u00edmicos \u00e9 pelo aumento real"},"content":{"rendered":"\t\t<div data-elementor-type=\"wp-post\" data-elementor-id=\"1831\" class=\"elementor elementor-1831\" data-elementor-settings=\"[]\">\n\t\t\t\t\t\t\t<div class=\"elementor-section-wrap\">\n\t\t\t\t\t\t\t<section class=\"elementor-section elementor-top-section elementor-element elementor-element-d2206a4 elementor-section-boxed elementor-section-height-default elementor-section-height-default\" data-id=\"d2206a4\" data-element_type=\"section\">\n\t\t\t\t\t\t<div class=\"elementor-container elementor-column-gap-default\">\n\t\t\t\t\t<div class=\"elementor-column elementor-col-100 elementor-top-column elementor-element elementor-element-425f401\" data-id=\"425f401\" data-element_type=\"column\">\n\t\t\t<div class=\"elementor-widget-wrap elementor-element-populated\">\n\t\t\t\t\t\t\t\t<div class=\"elementor-element elementor-element-a45fb99 elementor-widget elementor-widget-heading\" data-id=\"a45fb99\" data-element_type=\"widget\" data-widget_type=\"heading.default\">\n\t\t\t\t<div class=\"elementor-widget-container\">\n\t\t\t<style>\/*! elementor - v3.5.3 - 28-12-2021 *\/\n.elementor-heading-title{padding:0;margin:0;line-height:1}.elementor-widget-heading .elementor-heading-title[class*=elementor-size-]>a{color:inherit;font-size:inherit;line-height:inherit}.elementor-widget-heading .elementor-heading-title.elementor-size-small{font-size:15px}.elementor-widget-heading .elementor-heading-title.elementor-size-medium{font-size:19px}.elementor-widget-heading .elementor-heading-title.elementor-size-large{font-size:29px}.elementor-widget-heading .elementor-heading-title.elementor-size-xl{font-size:39px}.elementor-widget-heading .elementor-heading-title.elementor-size-xxl{font-size:59px}<\/style><h2 class=\"elementor-heading-title elementor-size-xxl\">Campanha salarial dos Qu\u00edmicos \u00e9 pelo aumento real<\/h2>\t\t<\/div>\n\t\t\t\t<\/div>\n\t\t\t\t\t<\/div>\n\t\t<\/div>\n\t\t\t\t\t\t\t<\/div>\n\t\t<\/section>\n\t\t\t\t<section class=\"elementor-section elementor-top-section elementor-element elementor-element-508b776 elementor-section-boxed elementor-section-height-default elementor-section-height-default\" data-id=\"508b776\" data-element_type=\"section\">\n\t\t\t\t\t\t<div class=\"elementor-container elementor-column-gap-default\">\n\t\t\t\t\t<div class=\"elementor-column elementor-col-100 elementor-top-column elementor-element elementor-element-28c5bbb\" data-id=\"28c5bbb\" data-element_type=\"column\">\n\t\t\t<div class=\"elementor-widget-wrap elementor-element-populated\">\n\t\t\t\t\t\t\t\t<div class=\"elementor-element elementor-element-5996e33 elementor-widget elementor-widget-image\" data-id=\"5996e33\" data-element_type=\"widget\" data-widget_type=\"image.default\">\n\t\t\t\t<div class=\"elementor-widget-container\">\n\t\t\t<style>\/*! elementor - v3.5.3 - 28-12-2021 *\/\n.elementor-widget-image{text-align:center}.elementor-widget-image a{display:inline-block}.elementor-widget-image a img[src$=\".svg\"]{width:48px}.elementor-widget-image img{vertical-align:middle;display:inline-block}<\/style>\t\t\t\t\t\t\t\t\t\t\t\t<img loading=\"lazy\" decoding=\"async\" width=\"696\" height=\"321\" src=\"https:\/\/quimicositapetininga.org.br\/wp-content\/uploads\/2023\/08\/seminario-dos-quimicos_10-08-2023-6-696x321-1.jpeg\" class=\"attachment-large size-large\" alt=\"\" \/>\t\t\t\t\t\t\t\t\t\t\t\t\t\t\t<\/div>\n\t\t\t\t<\/div>\n\t\t\t\t\t<\/div>\n\t\t<\/div>\n\t\t\t\t\t\t\t<\/div>\n\t\t<\/section>\n\t\t\t\t<section class=\"elementor-section elementor-top-section elementor-element elementor-element-3016b66 elementor-section-boxed elementor-section-height-default elementor-section-height-default\" data-id=\"3016b66\" data-element_type=\"section\">\n\t\t\t\t\t\t<div class=\"elementor-container elementor-column-gap-default\">\n\t\t\t\t\t<div class=\"elementor-column elementor-col-100 elementor-top-column elementor-element elementor-element-e499600\" data-id=\"e499600\" data-element_type=\"column\">\n\t\t\t<div class=\"elementor-widget-wrap elementor-element-populated\">\n\t\t\t\t\t\t\t\t<div class=\"elementor-element elementor-element-6352d9d elementor-widget elementor-widget-text-editor\" data-id=\"6352d9d\" data-element_type=\"widget\" data-widget_type=\"text-editor.default\">\n\t\t\t\t<div class=\"elementor-widget-container\">\n\t\t\t<style>\/*! elementor - v3.5.3 - 28-12-2021 *\/\n.elementor-widget-text-editor.elementor-drop-cap-view-stacked .elementor-drop-cap{background-color:#818a91;color:#fff}.elementor-widget-text-editor.elementor-drop-cap-view-framed .elementor-drop-cap{color:#818a91;border:3px solid;background-color:transparent}.elementor-widget-text-editor:not(.elementor-drop-cap-view-default) .elementor-drop-cap{margin-top:8px}.elementor-widget-text-editor:not(.elementor-drop-cap-view-default) .elementor-drop-cap-letter{width:1em;height:1em}.elementor-widget-text-editor .elementor-drop-cap{float:left;text-align:center;line-height:1;font-size:50px}.elementor-widget-text-editor .elementor-drop-cap-letter{display:inline-block}<\/style>\t\t\t\t<p>\u201cAs expectativas s\u00e3o positivas para a Campanha Salarial do setor qu\u00edmico, considerando que no acumulado do ano, o setor j\u00e1 gerou 5,8 mil postos de trabalho (sendo 3,2 mil postos de trabalho no setor pl\u00e1stico, 900 no setor de qu\u00edmico para fins industriais e 644 no setor de higiene pessoal, perfumaria e cosm\u00e9ticos).\u201d<\/p><p>Sergio Luiz Leite, Serginho<br \/>Presidente da FEQUIMFAR e<br \/>Vice-presidente da For\u00e7a Sindical<\/p><p>Hoje, dia 10 agosto, dirigentes da FEQUIMFAR e Sindicatos filiados estiveram reunidos para o \u00faltimo dia do Semin\u00e1rio de Negocia\u00e7\u00e3o Coletiva dos trabalhadores no setor industrial qu\u00edmico, pl\u00e1stico e fertilizantes, na Col\u00f4nia de F\u00e9rias dos Qu\u00edmicos, em Praia Grande SP.<\/p><p>O Semin\u00e1rio\u00a0d\u00e1\u00a0in\u00edcio, oficialmente, \u00e0 Campanha Salarial e Social dos 130 mil trabalhadores do setor industrial qu\u00edmico no Estado de S\u00e3o Paulo, distribu\u00eddos nos segmentos qu\u00edmicos, pl\u00e1stico, petroqu\u00edmicos, abrasivos, fertilizantes, cosm\u00e9ticos, tintas e vernizes, entre outros.<\/p><p>O presidente da For\u00e7a Sindical, Miguel Torres, esteve presente no encontro e destacou as atividades sindicais em Bras\u00edlia, bem como os debates e as perspectivas diante do cen\u00e1rio nacional na pauta sindical.<\/p><p>Fausto Augusto Junior, diretor-t\u00e9cnico do DIEESE, tamb\u00e9m marcou presen\u00e7a no evento e falou sobre Reforma Tribut\u00e1ria e Corre\u00e7\u00e3o da Tabela de Imposto de Renda.<\/p>\t\t\t\t\t\t<\/div>\n\t\t\t\t<\/div>\n\t\t\t\t\t<\/div>\n\t\t<\/div>\n\t\t\t\t\t\t\t<\/div>\n\t\t<\/section>\n\t\t\t\t<section class=\"elementor-section elementor-top-section elementor-element elementor-element-48e0ec8 elementor-section-boxed elementor-section-height-default elementor-section-height-default\" data-id=\"48e0ec8\" data-element_type=\"section\">\n\t\t\t\t\t\t<div class=\"elementor-container elementor-column-gap-default\">\n\t\t\t\t\t<div class=\"elementor-column elementor-col-100 elementor-top-column elementor-element elementor-element-64b8569\" data-id=\"64b8569\" data-element_type=\"column\">\n\t\t\t<div class=\"elementor-widget-wrap elementor-element-populated\">\n\t\t\t\t\t\t\t\t<div class=\"elementor-element elementor-element-712ecc1 elementor-widget elementor-widget-image\" data-id=\"712ecc1\" data-element_type=\"widget\" data-widget_type=\"image.default\">\n\t\t\t\t<div class=\"elementor-widget-container\">\n\t\t\t\t\t\t\t\t\t\t\t\t\t\t\t<img loading=\"lazy\" decoding=\"async\" width=\"1024\" height=\"472\" src=\"https:\/\/quimicositapetininga.org.br\/wp-content\/uploads\/2023\/08\/seminario-dos-quimicos_10-08-2023-4.jpeg\" class=\"attachment-large size-large\" alt=\"\" \/>\t\t\t\t\t\t\t\t\t\t\t\t\t\t\t<\/div>\n\t\t\t\t<\/div>\n\t\t\t\t\t<\/div>\n\t\t<\/div>\n\t\t\t\t\t\t\t<\/div>\n\t\t<\/section>\n\t\t\t\t<section class=\"elementor-section elementor-top-section elementor-element elementor-element-3b01fe1 elementor-section-boxed elementor-section-height-default elementor-section-height-default\" data-id=\"3b01fe1\" data-element_type=\"section\">\n\t\t\t\t\t\t<div class=\"elementor-container elementor-column-gap-default\">\n\t\t\t\t\t<div class=\"elementor-column elementor-col-100 elementor-top-column elementor-element elementor-element-02d5e75\" data-id=\"02d5e75\" data-element_type=\"column\">\n\t\t\t<div class=\"elementor-widget-wrap elementor-element-populated\">\n\t\t\t\t\t\t\t\t<div class=\"elementor-element elementor-element-5ad8a51 elementor-widget elementor-widget-text-editor\" data-id=\"5ad8a51\" data-element_type=\"widget\" data-widget_type=\"text-editor.default\">\n\t\t\t\t<div class=\"elementor-widget-container\">\n\t\t\t\t\t\t\t<p>O grupo\u00a0avaliou\u00a0dados econ\u00f4micos do setor apresentados por Daniel Ferrer, economista do DIEESE, discutindo o perfil dos trabalhadores na ind\u00fastria qu\u00edmica e tamb\u00e9m fazendo um balan\u00e7o das negocia\u00e7\u00f5es coletivas realizadas at\u00e9 o momento.<\/p><p>Por fim, foram discutidas as reivindica\u00e7\u00f5es da categoria e estrat\u00e9gias para a Campanha Salarial e Social 2023. Na oportunidade, foram<\/p><p><strong>Pr\u00e9-Pauta de Reivindica\u00e7\u00e3o<\/strong><\/p><p>\u2022 Reajuste Salarial: Aumento Real de 2% + Reposi\u00e7\u00e3o Integral da Infla\u00e7\u00e3o (INPC) de nov\/2022 a out\/2023 (estimado em 4,88%)<br \/>\u2022 Piso Salarial no valor de R$ 2.250,00<br \/>\u2022 PLR no valor de 02 pisos salariais<br \/>\u2022 Piso T\u00e9cnico Qu\u00edmico: R$ 3.000,00<\/p><p><strong>Pr\u00f3ximas etapas<\/strong><\/p><p>At\u00e9 o dia 11 de setembro, dirigentes dos Sindicatos filiados, com apoio da FEQUIMFAR, CNTQ, For\u00e7a Sindical, IndustriALL e ICM, realizar\u00e3o assembleias em todo o estado de S\u00e3o Paulo para que os trabalhadores apreciem a Pr\u00e9-Pauta de Reivindica\u00e7\u00f5es.<\/p><p>Sendo aprovada pela categoria, a Pauta de Reivindica\u00e7\u00f5es ser\u00e1 entregue ao setor patronal do CEAG 10, ap\u00f3s assembleia geral, no dia 12 de setembro.<\/p>\t\t\t\t\t\t<\/div>\n\t\t\t\t<\/div>\n\t\t\t\t\t<\/div>\n\t\t<\/div>\n\t\t\t\t\t\t\t<\/div>\n\t\t<\/section>\n\t\t\t\t\t\t<\/div>\n\t\t\t\t\t<\/div>\n\t\t","protected":false},"excerpt":{"rendered":"<p>Campanha salarial dos Qu\u00edmicos \u00e9 pelo aumento real \u201cAs expectativas s\u00e3o positivas para a Campanha Salarial do setor qu\u00edmico, considerando que no acumulado do ano, o setor j\u00e1 gerou 5,8 mil postos de trabalho (sendo 3,2 mil postos de trabalho no setor pl\u00e1stico, 900 no setor de qu\u00edmico para fins industriais e 644 no setor [&hellip;]<\/p>\n","protected":false},"author":1,"featured_media":0,"comment_status":"closed","ping_status":"closed","sticky":false,"template":"elementor_canvas","format":"standard","meta":{"footnotes":""},"categories":[15],"tags":[],"_links":{"self":[{"href":"https:\/\/quimicositapetininga.org.br\/index.php?rest_route=\/wp\/v2\/posts\/1831"}],"collection":[{"href":"https:\/\/quimicositapetininga.org.br\/index.php?rest_route=\/wp\/v2\/posts"}],"about":[{"href":"https:\/\/quimicositapetininga.org.br\/index.php?rest_route=\/wp\/v2\/types\/post"}],"author":[{"embeddable":true,"href":"https:\/\/quimicositapetininga.org.br\/index.php?rest_route=\/wp\/v2\/users\/1"}],"replies":[{"embeddable":true,"href":"https:\/\/quimicositapetininga.org.br\/index.php?rest_route=%2Fwp%2Fv2%2Fcomments&post=1831"}],"version-history":[{"count":4,"href":"https:\/\/quimicositapetininga.org.br\/index.php?rest_route=\/wp\/v2\/posts\/1831\/revisions"}],"predecessor-version":[{"id":1838,"href":"https:\/\/quimicositapetininga.org.br\/index.php?rest_route=\/wp\/v2\/posts\/1831\/revisions\/1838"}],"wp:attachment":[{"href":"https:\/\/quimicositapetininga.org.br\/index.php?rest_route=%2Fwp%2Fv2%2Fmedia&parent=1831"}],"wp:term":[{"taxonomy":"category","embeddable":true,"href":"https:\/\/quimicositapetininga.org.br\/index.php?rest_route=%2Fwp%2Fv2%2Fcategories&post=1831"},{"taxonomy":"post_tag","embeddable":true,"href":"https:\/\/quimicositapetininga.org.br\/index.php?rest_route=%2Fwp%2Fv2%2Ftags&post=1831"}],"curies":[{"name":"wp","href":"https:\/\/api.w.org\/{rel}","templated":true}]}}