{"id":1824,"date":"2023-08-09T01:31:24","date_gmt":"2023-08-09T01:31:24","guid":{"rendered":"https:\/\/quimicositapetininga.org.br\/?p=1824"},"modified":"2023-08-09T01:34:44","modified_gmt":"2023-08-09T01:34:44","slug":"fequimfar-realiza-seminario-de-negociacao-coletiva-dos-trabalhadores-nas-industrias-quimicas-plasticos-e-fertilizantes","status":"publish","type":"post","link":"https:\/\/quimicositapetininga.org.br\/?p=1824","title":{"rendered":"FEQUIMFAR realiza Semin\u00e1rio de Negocia\u00e7\u00e3o Coletiva dos trabalhadores nas ind\u00fastrias qu\u00edmicas, pl\u00e1sticos e fertilizantes"},"content":{"rendered":"\t\t<div data-elementor-type=\"wp-post\" data-elementor-id=\"1824\" class=\"elementor elementor-1824\" data-elementor-settings=\"[]\">\n\t\t\t\t\t\t\t<div class=\"elementor-section-wrap\">\n\t\t\t\t\t\t\t<section class=\"elementor-section elementor-top-section elementor-element elementor-element-15e5c3c elementor-section-boxed elementor-section-height-default elementor-section-height-default\" data-id=\"15e5c3c\" data-element_type=\"section\">\n\t\t\t\t\t\t<div class=\"elementor-container elementor-column-gap-default\">\n\t\t\t\t\t<div class=\"elementor-column elementor-col-100 elementor-top-column elementor-element elementor-element-11e9825\" data-id=\"11e9825\" data-element_type=\"column\">\n\t\t\t<div class=\"elementor-widget-wrap elementor-element-populated\">\n\t\t\t\t\t\t\t\t<div class=\"elementor-element elementor-element-a5e1638 elementor-widget elementor-widget-heading\" data-id=\"a5e1638\" data-element_type=\"widget\" data-widget_type=\"heading.default\">\n\t\t\t\t<div class=\"elementor-widget-container\">\n\t\t\t<style>\/*! elementor - v3.5.3 - 28-12-2021 *\/\n.elementor-heading-title{padding:0;margin:0;line-height:1}.elementor-widget-heading .elementor-heading-title[class*=elementor-size-]>a{color:inherit;font-size:inherit;line-height:inherit}.elementor-widget-heading .elementor-heading-title.elementor-size-small{font-size:15px}.elementor-widget-heading .elementor-heading-title.elementor-size-medium{font-size:19px}.elementor-widget-heading .elementor-heading-title.elementor-size-large{font-size:29px}.elementor-widget-heading .elementor-heading-title.elementor-size-xl{font-size:39px}.elementor-widget-heading .elementor-heading-title.elementor-size-xxl{font-size:59px}<\/style><h2 class=\"elementor-heading-title elementor-size-xl\">FEQUIMFAR realiza Semin\u00e1rio de Negocia\u00e7\u00e3o Coletiva dos trabalhadores nas ind\u00fastrias qu\u00edmicas, pl\u00e1sticos e fertilizantes<\/h2>\t\t<\/div>\n\t\t\t\t<\/div>\n\t\t\t\t\t<\/div>\n\t\t<\/div>\n\t\t\t\t\t\t\t<\/div>\n\t\t<\/section>\n\t\t\t\t<section class=\"elementor-section elementor-top-section elementor-element elementor-element-788ba59 elementor-section-boxed elementor-section-height-default elementor-section-height-default\" data-id=\"788ba59\" data-element_type=\"section\">\n\t\t\t\t\t\t<div class=\"elementor-container elementor-column-gap-default\">\n\t\t\t\t\t<div class=\"elementor-column elementor-col-100 elementor-top-column elementor-element elementor-element-2cfc05a\" data-id=\"2cfc05a\" data-element_type=\"column\">\n\t\t\t<div class=\"elementor-widget-wrap elementor-element-populated\">\n\t\t\t\t\t\t\t\t<div class=\"elementor-element elementor-element-99e0af0 elementor-widget elementor-widget-image\" data-id=\"99e0af0\" data-element_type=\"widget\" data-widget_type=\"image.default\">\n\t\t\t\t<div class=\"elementor-widget-container\">\n\t\t\t<style>\/*! elementor - v3.5.3 - 28-12-2021 *\/\n.elementor-widget-image{text-align:center}.elementor-widget-image a{display:inline-block}.elementor-widget-image a img[src$=\".svg\"]{width:48px}.elementor-widget-image img{vertical-align:middle;display:inline-block}<\/style>\t\t\t\t\t\t\t\t\t\t\t\t<img loading=\"lazy\" decoding=\"async\" width=\"696\" height=\"321\" src=\"https:\/\/quimicositapetininga.org.br\/wp-content\/uploads\/2023\/08\/seminario-dos-quimicos_08-08-2023-12-696x321-1.jpeg\" class=\"attachment-large size-large\" alt=\"\" \/>\t\t\t\t\t\t\t\t\t\t\t\t\t\t\t<\/div>\n\t\t\t\t<\/div>\n\t\t\t\t\t<\/div>\n\t\t<\/div>\n\t\t\t\t\t\t\t<\/div>\n\t\t<\/section>\n\t\t\t\t<section class=\"elementor-section elementor-top-section elementor-element elementor-element-9072324 elementor-section-boxed elementor-section-height-default elementor-section-height-default\" data-id=\"9072324\" data-element_type=\"section\">\n\t\t\t\t\t\t<div class=\"elementor-container elementor-column-gap-default\">\n\t\t\t\t\t<div class=\"elementor-column elementor-col-100 elementor-top-column elementor-element elementor-element-112d3e4\" data-id=\"112d3e4\" data-element_type=\"column\">\n\t\t\t<div class=\"elementor-widget-wrap elementor-element-populated\">\n\t\t\t\t\t\t\t\t<div class=\"elementor-element elementor-element-86bdabf elementor-widget elementor-widget-text-editor\" data-id=\"86bdabf\" data-element_type=\"widget\" data-widget_type=\"text-editor.default\">\n\t\t\t\t<div class=\"elementor-widget-container\">\n\t\t\t<style>\/*! elementor - v3.5.3 - 28-12-2021 *\/\n.elementor-widget-text-editor.elementor-drop-cap-view-stacked .elementor-drop-cap{background-color:#818a91;color:#fff}.elementor-widget-text-editor.elementor-drop-cap-view-framed .elementor-drop-cap{color:#818a91;border:3px solid;background-color:transparent}.elementor-widget-text-editor:not(.elementor-drop-cap-view-default) .elementor-drop-cap{margin-top:8px}.elementor-widget-text-editor:not(.elementor-drop-cap-view-default) .elementor-drop-cap-letter{width:1em;height:1em}.elementor-widget-text-editor .elementor-drop-cap{float:left;text-align:center;line-height:1;font-size:50px}.elementor-widget-text-editor .elementor-drop-cap-letter{display:inline-block}<\/style>\t\t\t\t<p><strong><em>FEQUIMFAR e Sindicatos filiados d\u00e3o in\u00edcio \u00e0 Campanha Salarial e Social de mais de 130 mil trabalhadores nas ind\u00fastrias qu\u00edmicas, pl\u00e1sticos e fertilizantes no estado de S\u00e3o Paulo<\/em><\/strong><\/p><p>\u201cAs expectativas s\u00e3o positivas para a Campanha Salarial do setor qu\u00edmico, considerando que no acumulado do ano, o setor j\u00e1 gerou 5,8 mil postos de trabalho (sendo 3,2 mil postos de trabalho no setor pl\u00e1stico, 900 no setor de qu\u00edmico para fins industriais e 644 no setor de higiene pessoal, perfumaria e cosm\u00e9ticos).\u201d<\/p><p>Sergio Luiz Leite, Serginho<br \/>Presidente da FEQUIMFAR e<br \/>Vice-presidente da For\u00e7a Sindical<\/p><p>L\u00edderes da FEQUIMFAR (Federa\u00e7\u00e3o dos Trabalhadores nas Ind\u00fastrias Qu\u00edmicas e Farmac\u00eauticas do Estado de S\u00e3o Paulo), entidade filiada \u00e0 For\u00e7a Sindical e \u00e0 CNTQ (Confedera\u00e7\u00e3o Nacional dos Trabalhadores no Ramo Qu\u00edmico), e dos Sindicatos filiados estar\u00e3o reunidos nos dias 8, 9 e 10 de agosto para o Semin\u00e1rio de Negocia\u00e7\u00e3o Coletiva que vai tra\u00e7ar os rumos da Campanha Salarial e Social dos trabalhadores no setor qu\u00edmico, pl\u00e1stico e fertilizantes do estado de S\u00e3o Paulo.<\/p><p>A FEQUIMFAR e Sindicatos filiados representam cerca de 130 mil trabalhadores do setor industrial qu\u00edmico no Estado de S\u00e3o Paulo, distribu\u00eddos nos segmentos qu\u00edmicos, pl\u00e1stico, petroqu\u00edmicos, abrasivos, fertilizantes, cosm\u00e9ticos, tintas e vernizes, entre outros, com data-base em 1\u00ba de novembro.<\/p><p><strong>Semin\u00e1rio de Negocia\u00e7\u00e3o Coletiva em Praia Grande SP<\/strong><\/p><p>Durante o encontro, dirigentes sindicais de todo o estado ir\u00e3o avaliar dados econ\u00f4micos apresentados pelo DIEESE, discutir reivindica\u00e7\u00f5es da categoria e deliberar estrat\u00e9gias para a Campanha Salarial e Social 2023.<\/p><p><strong>Bandeiras de Luta<\/strong><\/p><p>\u2013 Reajuste salarial<br \/>\u2013 Aumento real e PLR<br \/>\u2013 Redu\u00e7\u00e3o da Jornada de Trabalho<br \/>\u2013 Igualdade salarial entre mulheres e homens (Lei 14.611 de 2023)<br \/>\u2013 Aux\u00edlio alimenta\u00e7\u00e3o<br \/>\u2013 Sa\u00fade e seguran\u00e7a<br \/>\u2013 Qualifica\u00e7\u00e3o profissional<br \/>\u2013 Igualdade de oportunidades<br \/>\u2013 Trabalho decente<br \/>\u2013 Prote\u00e7\u00e3o \u00e0 maternidade<br \/>\u2013 Fim do ass\u00e9dio moral e sexual<br \/>\u2013 Fortalecimento da estrutura sindical<br \/>\u2013 Manuten\u00e7\u00e3o e amplia\u00e7\u00e3o de direitos sociais e trabalhistas<br \/>\u2013 Defesa do emprego<\/p><p><strong>Primeiro dia do Semin\u00e1rio tem a releitura da Conven\u00e7\u00e3o Coletiva<\/strong><\/p><p>No primeiro dia do Semin\u00e1rio, a programa\u00e7\u00e3o contou com um Hist\u00f3rico das Negocia\u00e7\u00f5es Coletivas da FEQUIMFAR, feito pelo presidente da FEQUIMFAR,\u00a0Sergio Luiz Leite, Serginho.<\/p><p>Em seguida,\u00a0Cesar Augusto de Mello, consultor jur\u00eddico da FEQUIMFAR e Daniel Ferrer, economista do DIEESE, falaram sobre os\u00a0fundamentos legais na forma\u00e7\u00e3o dos instrumentos de trabalho (CF, CLT, Contrato de Trabalho).<\/p><p>O grupo encerrou o dia com a leitura da Conven\u00e7\u00e3o Coletiva de Trabalho do setor qu\u00edmico, esclarecendo d\u00favidas dos participantes.<\/p>\t\t\t\t\t\t<\/div>\n\t\t\t\t<\/div>\n\t\t\t\t\t<\/div>\n\t\t<\/div>\n\t\t\t\t\t\t\t<\/div>\n\t\t<\/section>\n\t\t\t\t\t\t<\/div>\n\t\t\t\t\t<\/div>\n\t\t","protected":false},"excerpt":{"rendered":"<p>FEQUIMFAR realiza Semin\u00e1rio de Negocia\u00e7\u00e3o Coletiva dos trabalhadores nas ind\u00fastrias qu\u00edmicas, pl\u00e1sticos e fertilizantes FEQUIMFAR e Sindicatos filiados d\u00e3o in\u00edcio \u00e0 Campanha Salarial e Social de mais de 130 mil trabalhadores nas ind\u00fastrias qu\u00edmicas, pl\u00e1sticos e fertilizantes no estado de S\u00e3o Paulo \u201cAs expectativas s\u00e3o positivas para a Campanha Salarial do setor qu\u00edmico, considerando que [&hellip;]<\/p>\n","protected":false},"author":1,"featured_media":0,"comment_status":"closed","ping_status":"closed","sticky":false,"template":"elementor_canvas","format":"standard","meta":{"footnotes":""},"categories":[9],"tags":[],"_links":{"self":[{"href":"https:\/\/quimicositapetininga.org.br\/index.php?rest_route=\/wp\/v2\/posts\/1824"}],"collection":[{"href":"https:\/\/quimicositapetininga.org.br\/index.php?rest_route=\/wp\/v2\/posts"}],"about":[{"href":"https:\/\/quimicositapetininga.org.br\/index.php?rest_route=\/wp\/v2\/types\/post"}],"author":[{"embeddable":true,"href":"https:\/\/quimicositapetininga.org.br\/index.php?rest_route=\/wp\/v2\/users\/1"}],"replies":[{"embeddable":true,"href":"https:\/\/quimicositapetininga.org.br\/index.php?rest_route=%2Fwp%2Fv2%2Fcomments&post=1824"}],"version-history":[{"count":4,"href":"https:\/\/quimicositapetininga.org.br\/index.php?rest_route=\/wp\/v2\/posts\/1824\/revisions"}],"predecessor-version":[{"id":1830,"href":"https:\/\/quimicositapetininga.org.br\/index.php?rest_route=\/wp\/v2\/posts\/1824\/revisions\/1830"}],"wp:attachment":[{"href":"https:\/\/quimicositapetininga.org.br\/index.php?rest_route=%2Fwp%2Fv2%2Fmedia&parent=1824"}],"wp:term":[{"taxonomy":"category","embeddable":true,"href":"https:\/\/quimicositapetininga.org.br\/index.php?rest_route=%2Fwp%2Fv2%2Fcategories&post=1824"},{"taxonomy":"post_tag","embeddable":true,"href":"https:\/\/quimicositapetininga.org.br\/index.php?rest_route=%2Fwp%2Fv2%2Ftags&post=1824"}],"curies":[{"name":"wp","href":"https:\/\/api.w.org\/{rel}","templated":true}]}}