{"id":1806,"date":"2023-08-03T20:24:49","date_gmt":"2023-08-03T20:24:49","guid":{"rendered":"https:\/\/quimicositapetininga.org.br\/?p=1806"},"modified":"2023-08-03T20:30:50","modified_gmt":"2023-08-03T20:30:50","slug":"acertou-o-remedio-errou-a-dose-diz-forca-sobre-a-taxa-selic","status":"publish","type":"post","link":"https:\/\/quimicositapetininga.org.br\/?p=1806","title":{"rendered":"\u201cAcertou o rem\u00e9dio, errou a dose\u201d, diz For\u00e7a sobre a Taxa Selic"},"content":{"rendered":"\t\t<div data-elementor-type=\"wp-post\" data-elementor-id=\"1806\" class=\"elementor elementor-1806\" data-elementor-settings=\"[]\">\n\t\t\t\t\t\t\t<div class=\"elementor-section-wrap\">\n\t\t\t\t\t\t\t<section class=\"elementor-section elementor-top-section elementor-element elementor-element-edf063e elementor-section-boxed elementor-section-height-default elementor-section-height-default\" data-id=\"edf063e\" data-element_type=\"section\">\n\t\t\t\t\t\t<div class=\"elementor-container elementor-column-gap-default\">\n\t\t\t\t\t<div class=\"elementor-column elementor-col-100 elementor-top-column elementor-element elementor-element-9043fa2\" data-id=\"9043fa2\" data-element_type=\"column\">\n\t\t\t<div class=\"elementor-widget-wrap elementor-element-populated\">\n\t\t\t\t\t\t\t\t<div class=\"elementor-element elementor-element-953d2a6 elementor-widget elementor-widget-heading\" data-id=\"953d2a6\" data-element_type=\"widget\" data-widget_type=\"heading.default\">\n\t\t\t\t<div class=\"elementor-widget-container\">\n\t\t\t<style>\/*! elementor - v3.5.3 - 28-12-2021 *\/\n.elementor-heading-title{padding:0;margin:0;line-height:1}.elementor-widget-heading .elementor-heading-title[class*=elementor-size-]>a{color:inherit;font-size:inherit;line-height:inherit}.elementor-widget-heading .elementor-heading-title.elementor-size-small{font-size:15px}.elementor-widget-heading .elementor-heading-title.elementor-size-medium{font-size:19px}.elementor-widget-heading .elementor-heading-title.elementor-size-large{font-size:29px}.elementor-widget-heading .elementor-heading-title.elementor-size-xl{font-size:39px}.elementor-widget-heading .elementor-heading-title.elementor-size-xxl{font-size:59px}<\/style><h2 class=\"elementor-heading-title elementor-size-xxl\">\u201cAcertou o rem\u00e9dio, errou a dose\u201d, diz For\u00e7a sobre a Taxa Selic<\/h2>\t\t<\/div>\n\t\t\t\t<\/div>\n\t\t\t\t\t<\/div>\n\t\t<\/div>\n\t\t\t\t\t\t\t<\/div>\n\t\t<\/section>\n\t\t\t\t<section class=\"elementor-section elementor-top-section elementor-element elementor-element-5de0e1f elementor-section-boxed elementor-section-height-default elementor-section-height-default\" data-id=\"5de0e1f\" data-element_type=\"section\">\n\t\t\t\t\t\t<div class=\"elementor-container elementor-column-gap-default\">\n\t\t\t\t\t<div class=\"elementor-column elementor-col-100 elementor-top-column elementor-element elementor-element-db28522\" data-id=\"db28522\" data-element_type=\"column\">\n\t\t\t<div class=\"elementor-widget-wrap elementor-element-populated\">\n\t\t\t\t\t\t\t\t<div class=\"elementor-element elementor-element-bb8e3e4 elementor-widget elementor-widget-image\" data-id=\"bb8e3e4\" data-element_type=\"widget\" data-widget_type=\"image.default\">\n\t\t\t\t<div class=\"elementor-widget-container\">\n\t\t\t<style>\/*! elementor - v3.5.3 - 28-12-2021 *\/\n.elementor-widget-image{text-align:center}.elementor-widget-image a{display:inline-block}.elementor-widget-image a img[src$=\".svg\"]{width:48px}.elementor-widget-image img{vertical-align:middle;display:inline-block}<\/style>\t\t\t\t\t\t\t\t\t\t\t\t<img loading=\"lazy\" decoding=\"async\" width=\"586\" height=\"388\" src=\"https:\/\/quimicositapetininga.org.br\/wp-content\/uploads\/2023\/08\/miguel-torres-na-manifestacao.jpg\" class=\"attachment-large size-large\" alt=\"\" \/>\t\t\t\t\t\t\t\t\t\t\t\t\t\t\t<\/div>\n\t\t\t\t<\/div>\n\t\t\t\t\t<\/div>\n\t\t<\/div>\n\t\t\t\t\t\t\t<\/div>\n\t\t<\/section>\n\t\t\t\t<section class=\"elementor-section elementor-top-section elementor-element elementor-element-426b430 elementor-section-boxed elementor-section-height-default elementor-section-height-default\" data-id=\"426b430\" data-element_type=\"section\">\n\t\t\t\t\t\t<div class=\"elementor-container elementor-column-gap-default\">\n\t\t\t\t\t<div class=\"elementor-column elementor-col-100 elementor-top-column elementor-element elementor-element-c1e5309\" data-id=\"c1e5309\" data-element_type=\"column\">\n\t\t\t<div class=\"elementor-widget-wrap elementor-element-populated\">\n\t\t\t\t\t\t\t\t<div class=\"elementor-element elementor-element-8a9d3ee elementor-widget elementor-widget-text-editor\" data-id=\"8a9d3ee\" data-element_type=\"widget\" data-widget_type=\"text-editor.default\">\n\t\t\t\t<div class=\"elementor-widget-container\">\n\t\t\t<style>\/*! elementor - v3.5.3 - 28-12-2021 *\/\n.elementor-widget-text-editor.elementor-drop-cap-view-stacked .elementor-drop-cap{background-color:#818a91;color:#fff}.elementor-widget-text-editor.elementor-drop-cap-view-framed .elementor-drop-cap{color:#818a91;border:3px solid;background-color:transparent}.elementor-widget-text-editor:not(.elementor-drop-cap-view-default) .elementor-drop-cap{margin-top:8px}.elementor-widget-text-editor:not(.elementor-drop-cap-view-default) .elementor-drop-cap-letter{width:1em;height:1em}.elementor-widget-text-editor .elementor-drop-cap{float:left;text-align:center;line-height:1;font-size:50px}.elementor-widget-text-editor .elementor-drop-cap-letter{display:inline-block}<\/style>\t\t\t\t<p>A redu\u00e7\u00e3o da Taxa Selic foi anunciada pelo Copom \u2013 Comit\u00ea de Pol\u00edtica Monet\u00e1ria, do Banco Central, no in\u00edcio da noite desta quarta-feira.<\/p><p>Por\u00e9m, a For\u00e7a Sindical divulgou nota, imediatamente ap\u00f3s o an\u00fancio criticando a decis\u00e3o dos membros do Copom.<\/p><h2>\u00a0<\/h2><h2>Reduzir drasticamente a Taxa Selic<\/h2><p>De acordo com a nota, assinada pelo presidente da Central, Miguel Torres, o Banco Central perdem uma \u00f3tima oportunidade de reduzir drasticamente a Taxa Selic.<\/p><p>O sindicalista ressalta que, com toda a certeza, uma redu\u00e7\u00e3o maior daria uma inje\u00e7\u00e3o de \u00e2nimo no setor produtivo e na gera\u00e7\u00e3o de empregos.<\/p><h4>\u00a0<\/h4><h4>Leia a seguir a \u00edntegra da nota:<\/h4><h3><strong>Acertou o rem\u00e9dio, errou na dose!<\/strong><\/h3><p><em>O Copom (Comit\u00ea de Pol\u00edtica Monet\u00e1ria do Banco Central) acertou no rem\u00e9dio ao decidir pelo corte na taxa b\u00e1sica de juros, mas errou na dose. Apenas 0,50%. a.a..<\/em><\/p><p><em>A queda \u00e9 necess\u00e1ria e importante neste momento, mas o Banco Central deve continuar o processo de redu\u00e7\u00e3o nas pr\u00f3ximas reuni\u00f5es.<\/em><\/p><p><em>A Taxa Selic em patamar elevado resulta em consequ\u00eancias danosas para o setor produtivo e para os trabalhadores. A Taxa em 13,25% ainda \u00e9 proibitiva!<\/em><\/p><p><em>A redu\u00e7\u00e3o \u00e9 insuficiente. A For\u00e7a Sindical ressalta que ir\u00e1 continuar na luta pela redu\u00e7\u00e3o da Taxa B\u00e1sica de Juros, como importante passo rumo ao fortalecimento e crescimento da economia.<\/em><\/p><p><em>Juros exorbitantes inibem o consumo, a produ\u00e7\u00e3o e, consequentemente, a gera\u00e7\u00e3o de postos de trabalho.<\/em><\/p><p><em>Vale destacar que os tecnocratas do Banco Central perdem uma \u00f3tima oportunidade de reduzir drasticamente a Taxa Selic e, assim, dar uma inje\u00e7\u00e3o de \u00e2nimo no setor produtivo e na gera\u00e7\u00e3o de empregos.<\/em><\/p><p><em>Juros nas alturas s\u00e3o uma forma de concentrar cada vez mais renda nas m\u00e3os de poucos. O Pa\u00eds precisa investir no fomento da produ\u00e7\u00e3o, na gera\u00e7\u00e3o de empregos e na distribui\u00e7\u00e3o de renda para retomar o caminho do seu crescimento econ\u00f4mico.<\/em><\/p><p><strong>Miguel Torres<\/strong><br \/><strong>Presidente da For\u00e7a Sindical<\/strong><\/p>\t\t\t\t\t\t<\/div>\n\t\t\t\t<\/div>\n\t\t\t\t\t<\/div>\n\t\t<\/div>\n\t\t\t\t\t\t\t<\/div>\n\t\t<\/section>\n\t\t\t\t\t\t<\/div>\n\t\t\t\t\t<\/div>\n\t\t","protected":false},"excerpt":{"rendered":"<p>\u201cAcertou o rem\u00e9dio, errou a dose\u201d, diz For\u00e7a sobre a Taxa Selic A redu\u00e7\u00e3o da Taxa Selic foi anunciada pelo Copom \u2013 Comit\u00ea de Pol\u00edtica Monet\u00e1ria, do Banco Central, no in\u00edcio da noite desta quarta-feira. Por\u00e9m, a For\u00e7a Sindical divulgou nota, imediatamente ap\u00f3s o an\u00fancio criticando a decis\u00e3o dos membros do Copom. \u00a0 Reduzir drasticamente [&hellip;]<\/p>\n","protected":false},"author":1,"featured_media":0,"comment_status":"closed","ping_status":"closed","sticky":false,"template":"elementor_canvas","format":"standard","meta":{"footnotes":""},"categories":[14],"tags":[],"_links":{"self":[{"href":"https:\/\/quimicositapetininga.org.br\/index.php?rest_route=\/wp\/v2\/posts\/1806"}],"collection":[{"href":"https:\/\/quimicositapetininga.org.br\/index.php?rest_route=\/wp\/v2\/posts"}],"about":[{"href":"https:\/\/quimicositapetininga.org.br\/index.php?rest_route=\/wp\/v2\/types\/post"}],"author":[{"embeddable":true,"href":"https:\/\/quimicositapetininga.org.br\/index.php?rest_route=\/wp\/v2\/users\/1"}],"replies":[{"embeddable":true,"href":"https:\/\/quimicositapetininga.org.br\/index.php?rest_route=%2Fwp%2Fv2%2Fcomments&post=1806"}],"version-history":[{"count":4,"href":"https:\/\/quimicositapetininga.org.br\/index.php?rest_route=\/wp\/v2\/posts\/1806\/revisions"}],"predecessor-version":[{"id":1812,"href":"https:\/\/quimicositapetininga.org.br\/index.php?rest_route=\/wp\/v2\/posts\/1806\/revisions\/1812"}],"wp:attachment":[{"href":"https:\/\/quimicositapetininga.org.br\/index.php?rest_route=%2Fwp%2Fv2%2Fmedia&parent=1806"}],"wp:term":[{"taxonomy":"category","embeddable":true,"href":"https:\/\/quimicositapetininga.org.br\/index.php?rest_route=%2Fwp%2Fv2%2Fcategories&post=1806"},{"taxonomy":"post_tag","embeddable":true,"href":"https:\/\/quimicositapetininga.org.br\/index.php?rest_route=%2Fwp%2Fv2%2Ftags&post=1806"}],"curies":[{"name":"wp","href":"https:\/\/api.w.org\/{rel}","templated":true}]}}