{"id":1791,"date":"2023-07-24T23:21:19","date_gmt":"2023-07-24T23:21:19","guid":{"rendered":"https:\/\/quimicositapetininga.org.br\/?p=1791"},"modified":"2023-07-24T23:26:43","modified_gmt":"2023-07-24T23:26:43","slug":"ministro-do-trabalho-fala-sobre-os-desafios-e-reforma-trabalhista","status":"publish","type":"post","link":"https:\/\/quimicositapetininga.org.br\/?p=1791","title":{"rendered":"Ministro do Trabalho fala sobre os desafios e reforma trabalhista"},"content":{"rendered":"\t\t<div data-elementor-type=\"wp-post\" data-elementor-id=\"1791\" class=\"elementor elementor-1791\" data-elementor-settings=\"[]\">\n\t\t\t\t\t\t\t<div class=\"elementor-section-wrap\">\n\t\t\t\t\t\t\t<section class=\"elementor-section elementor-top-section elementor-element elementor-element-21bfb12 elementor-section-boxed elementor-section-height-default elementor-section-height-default\" data-id=\"21bfb12\" data-element_type=\"section\">\n\t\t\t\t\t\t<div class=\"elementor-container elementor-column-gap-default\">\n\t\t\t\t\t<div class=\"elementor-column elementor-col-100 elementor-top-column elementor-element elementor-element-61a3688\" data-id=\"61a3688\" data-element_type=\"column\">\n\t\t\t<div class=\"elementor-widget-wrap elementor-element-populated\">\n\t\t\t\t\t\t\t\t<div class=\"elementor-element elementor-element-8bc21f4 elementor-widget elementor-widget-heading\" data-id=\"8bc21f4\" data-element_type=\"widget\" data-widget_type=\"heading.default\">\n\t\t\t\t<div class=\"elementor-widget-container\">\n\t\t\t<style>\/*! elementor - v3.5.3 - 28-12-2021 *\/\n.elementor-heading-title{padding:0;margin:0;line-height:1}.elementor-widget-heading .elementor-heading-title[class*=elementor-size-]>a{color:inherit;font-size:inherit;line-height:inherit}.elementor-widget-heading .elementor-heading-title.elementor-size-small{font-size:15px}.elementor-widget-heading .elementor-heading-title.elementor-size-medium{font-size:19px}.elementor-widget-heading .elementor-heading-title.elementor-size-large{font-size:29px}.elementor-widget-heading .elementor-heading-title.elementor-size-xl{font-size:39px}.elementor-widget-heading .elementor-heading-title.elementor-size-xxl{font-size:59px}<\/style><h2 class=\"elementor-heading-title elementor-size-xl\">Ministro do Trabalho fala sobre os desafios e reforma trabalhista<\/h2>\t\t<\/div>\n\t\t\t\t<\/div>\n\t\t\t\t\t<\/div>\n\t\t<\/div>\n\t\t\t\t\t\t\t<\/div>\n\t\t<\/section>\n\t\t\t\t<section class=\"elementor-section elementor-top-section elementor-element elementor-element-b65d7ae elementor-section-boxed elementor-section-height-default elementor-section-height-default\" data-id=\"b65d7ae\" data-element_type=\"section\">\n\t\t\t\t\t\t<div class=\"elementor-container elementor-column-gap-default\">\n\t\t\t\t\t<div class=\"elementor-column elementor-col-100 elementor-top-column elementor-element elementor-element-3d47a00\" data-id=\"3d47a00\" data-element_type=\"column\">\n\t\t\t<div class=\"elementor-widget-wrap elementor-element-populated\">\n\t\t\t\t\t\t\t\t<div class=\"elementor-element elementor-element-2857934 elementor-widget elementor-widget-image\" data-id=\"2857934\" data-element_type=\"widget\" data-widget_type=\"image.default\">\n\t\t\t\t<div class=\"elementor-widget-container\">\n\t\t\t<style>\/*! elementor - v3.5.3 - 28-12-2021 *\/\n.elementor-widget-image{text-align:center}.elementor-widget-image a{display:inline-block}.elementor-widget-image a img[src$=\".svg\"]{width:48px}.elementor-widget-image img{vertical-align:middle;display:inline-block}<\/style>\t\t\t\t\t\t\t\t\t\t\t\t<img loading=\"lazy\" decoding=\"async\" width=\"1024\" height=\"615\" src=\"https:\/\/quimicositapetininga.org.br\/wp-content\/uploads\/2023\/07\/Luiz-Marinho-1536x922-1.jpg\" class=\"attachment-large size-large\" alt=\"\" \/>\t\t\t\t\t\t\t\t\t\t\t\t\t\t\t<\/div>\n\t\t\t\t<\/div>\n\t\t\t\t\t<\/div>\n\t\t<\/div>\n\t\t\t\t\t\t\t<\/div>\n\t\t<\/section>\n\t\t\t\t<section class=\"elementor-section elementor-top-section elementor-element elementor-element-4cd1d06 elementor-section-boxed elementor-section-height-default elementor-section-height-default\" data-id=\"4cd1d06\" data-element_type=\"section\">\n\t\t\t\t\t\t<div class=\"elementor-container elementor-column-gap-default\">\n\t\t\t\t\t<div class=\"elementor-column elementor-col-100 elementor-top-column elementor-element elementor-element-8113dd1\" data-id=\"8113dd1\" data-element_type=\"column\">\n\t\t\t<div class=\"elementor-widget-wrap elementor-element-populated\">\n\t\t\t\t\t\t\t\t<div class=\"elementor-element elementor-element-b59b80b elementor-widget elementor-widget-text-editor\" data-id=\"b59b80b\" data-element_type=\"widget\" data-widget_type=\"text-editor.default\">\n\t\t\t\t<div class=\"elementor-widget-container\">\n\t\t\t<style>\/*! elementor - v3.5.3 - 28-12-2021 *\/\n.elementor-widget-text-editor.elementor-drop-cap-view-stacked .elementor-drop-cap{background-color:#818a91;color:#fff}.elementor-widget-text-editor.elementor-drop-cap-view-framed .elementor-drop-cap{color:#818a91;border:3px solid;background-color:transparent}.elementor-widget-text-editor:not(.elementor-drop-cap-view-default) .elementor-drop-cap{margin-top:8px}.elementor-widget-text-editor:not(.elementor-drop-cap-view-default) .elementor-drop-cap-letter{width:1em;height:1em}.elementor-widget-text-editor .elementor-drop-cap{float:left;text-align:center;line-height:1;font-size:50px}.elementor-widget-text-editor .elementor-drop-cap-letter{display:inline-block}<\/style>\t\t\t\t<p>Em uma entrevista exclusiva\u00a0 ao site\u00a0\u00a0<a href=\"https:\/\/www.jota.info\/\" target=\"_blank\" rel=\"noopener\">JOTA<\/a>, Luiz Marinho,\u00a0 atual Ministro do Trabalho, que j\u00e1 ocupou a mesma posi\u00e7\u00e3o entre 2005 e 2007, compartilhou suas experi\u00eancias e os desafios enfrentados ao retornar ao cargo. Durante sua primeira passagem pelo minist\u00e9rio, o Ministro foi incumbido de estabelecer uma rela\u00e7\u00e3o madura e segura com os movimentos sociais, especialmente com o movimento sindical, visando a implementa\u00e7\u00e3o de pol\u00edticas voltadas para a valoriza\u00e7\u00e3o do sal\u00e1rio m\u00ednimo, corre\u00e7\u00e3o das injusti\u00e7as em rela\u00e7\u00e3o \u00e0 tabela do Imposto de Renda e o incentivo \u00e0 capacita\u00e7\u00e3o e qualifica\u00e7\u00e3o dos trabalhadores.<\/p><p>Ao comparar o cen\u00e1rio de sua primeira gest\u00e3o com o atual, o Ministro destacou a necessidade de reconstruir o minist\u00e9rio e a Fundacentro, institui\u00e7\u00e3o dedicada \u00e0 pesquisa em sa\u00fade, trabalho e seguran\u00e7a do trabalho para embasar as decis\u00f5es. Ele tamb\u00e9m ressaltou a precariedade da fiscaliza\u00e7\u00e3o, a falta de homologa\u00e7\u00e3o e a vulnerabilidade dos trabalhadores, que se encontram \u00e0 merc\u00ea dos empregadores, uma situa\u00e7\u00e3o inaceit\u00e1vel em qualquer pa\u00eds do mundo.<\/p><p>A conversa tamb\u00e9m abordou a pol\u00eamica reforma trabalhista aprovada durante o governo Michel Temer. O Ministro n\u00e3o poupou cr\u00edticas, classificando-a como \u201cdevastadora\u201d para os direitos trabalhistas. Ele enfatizou que essa reforma trouxe inseguran\u00e7a jur\u00eddica \u00e0s rela\u00e7\u00f5es de trabalho, ao permitir a preval\u00eancia do negociado sobre o legislado, inclusive em negocia\u00e7\u00f5es individuais. Al\u00e9m disso, ele atribuiu aos governos de Temer e Bolsonaro a quase destrui\u00e7\u00e3o das organiza\u00e7\u00f5es sindicais e enfraquecimento das negocia\u00e7\u00f5es coletivas, o que resultou na retomada do aumento da pobreza e mis\u00e9ria.<\/p><p>Questionado sobre poss\u00edveis mudan\u00e7as na reforma trabalhista, o Ministro afirmou que n\u00e3o ser\u00e1 feito um \u201crevoga\u00e7o\u201d por caneta\u00e7o, mas sim um di\u00e1logo amplo com a sociedade, incluindo f\u00f3runs tripartites, para revisar pontos que considera perversos na legisla\u00e7\u00e3o. Ele destacou a import\u00e2ncia de dialogar com o Congresso para facilitar a tramita\u00e7\u00e3o de novos projetos de lei.<\/p><p>Uma das propostas em pauta \u00e9 o fortalecimento da negocia\u00e7\u00e3o coletiva e do funcionamento sindical. O Ministro espera receber, at\u00e9 o fim de julho, um projeto de lei formatado pelo grupo tripartite para encaminhar ao Congresso, abrangendo revis\u00f5es na legisla\u00e7\u00e3o trabalhista e a reconstru\u00e7\u00e3o dos sindicatos.<\/p><p>A quest\u00e3o da contribui\u00e7\u00e3o sindical tamb\u00e9m foi abordada. O Ministro prop\u00f5e a cria\u00e7\u00e3o de uma contribui\u00e7\u00e3o financiada por todos os trabalhadores durante as negocia\u00e7\u00f5es coletivas, desde que exista uma contrapartida de servi\u00e7o prestado pelo sindicato \u00e0 categoria. Ele destacou que essa l\u00f3gica \u00e9 diferente da extinta contribui\u00e7\u00e3o sindical, j\u00e1 que busca assegurar um servi\u00e7o \u00fatil aos trabalhadores, e pretende respeitar a democracia e a transpar\u00eancia.<\/p><p>Outro tema discutido na entrevista foi a reforma tribut\u00e1ria, especialmente a desonera\u00e7\u00e3o da folha de pagamento, que o Ministro considera necess\u00e1ria para garantir o equil\u00edbrio e a sustentabilidade do sistema previdenci\u00e1rio. Ele tamb\u00e9m defendeu a corre\u00e7\u00e3o de injusti\u00e7as relacionadas ao saque-anivers\u00e1rio do FGTS, buscando possibilitar a libera\u00e7\u00e3o de saldos para trabalhadores demitidos que aderiram a esse sistema.<\/p><p>Em rela\u00e7\u00e3o ao Minha Casa, Minha Vida, o Ministro mencionou a possibilidade de aumentar o valor dos financiamentos, mas ressaltou que essa medida ser\u00e1 avaliada de acordo com a demanda de mercado e a orienta\u00e7\u00e3o do presidente.<\/p><p>Sobre a distribui\u00e7\u00e3o do lucro l\u00edquido do FGTS, o Ministro informou que a decis\u00e3o ser\u00e1 tomada na pr\u00f3xima reuni\u00e3o do conselho, seguindo a tradi\u00e7\u00e3o de divulgar essa informa\u00e7\u00e3o anualmente nos meses de julho ou agosto.<\/p><p>Com um olhar cr\u00edtico sobre as pol\u00edticas trabalhistas e a busca por solu\u00e7\u00f5es para os desafios enfrentados na atual gest\u00e3o, o Ministro do Trabalho se mostra determinado a enfrentar os problemas do mercado de trabalho no Brasil e a assegurar os direitos dos\u00a0trabalhadores<\/p>\t\t\t\t\t\t<\/div>\n\t\t\t\t<\/div>\n\t\t\t\t\t<\/div>\n\t\t<\/div>\n\t\t\t\t\t\t\t<\/div>\n\t\t<\/section>\n\t\t\t\t\t\t<\/div>\n\t\t\t\t\t<\/div>\n\t\t","protected":false},"excerpt":{"rendered":"<p>Ministro do Trabalho fala sobre os desafios e reforma trabalhista Em uma entrevista exclusiva\u00a0 ao site\u00a0\u00a0JOTA, Luiz Marinho,\u00a0 atual Ministro do Trabalho, que j\u00e1 ocupou a mesma posi\u00e7\u00e3o entre 2005 e 2007, compartilhou suas experi\u00eancias e os desafios enfrentados ao retornar ao cargo. Durante sua primeira passagem pelo minist\u00e9rio, o Ministro foi incumbido de estabelecer [&hellip;]<\/p>\n","protected":false},"author":1,"featured_media":0,"comment_status":"closed","ping_status":"closed","sticky":false,"template":"elementor_canvas","format":"standard","meta":{"footnotes":""},"categories":[15],"tags":[],"_links":{"self":[{"href":"https:\/\/quimicositapetininga.org.br\/index.php?rest_route=\/wp\/v2\/posts\/1791"}],"collection":[{"href":"https:\/\/quimicositapetininga.org.br\/index.php?rest_route=\/wp\/v2\/posts"}],"about":[{"href":"https:\/\/quimicositapetininga.org.br\/index.php?rest_route=\/wp\/v2\/types\/post"}],"author":[{"embeddable":true,"href":"https:\/\/quimicositapetininga.org.br\/index.php?rest_route=\/wp\/v2\/users\/1"}],"replies":[{"embeddable":true,"href":"https:\/\/quimicositapetininga.org.br\/index.php?rest_route=%2Fwp%2Fv2%2Fcomments&post=1791"}],"version-history":[{"count":4,"href":"https:\/\/quimicositapetininga.org.br\/index.php?rest_route=\/wp\/v2\/posts\/1791\/revisions"}],"predecessor-version":[{"id":1797,"href":"https:\/\/quimicositapetininga.org.br\/index.php?rest_route=\/wp\/v2\/posts\/1791\/revisions\/1797"}],"wp:attachment":[{"href":"https:\/\/quimicositapetininga.org.br\/index.php?rest_route=%2Fwp%2Fv2%2Fmedia&parent=1791"}],"wp:term":[{"taxonomy":"category","embeddable":true,"href":"https:\/\/quimicositapetininga.org.br\/index.php?rest_route=%2Fwp%2Fv2%2Fcategories&post=1791"},{"taxonomy":"post_tag","embeddable":true,"href":"https:\/\/quimicositapetininga.org.br\/index.php?rest_route=%2Fwp%2Fv2%2Ftags&post=1791"}],"curies":[{"name":"wp","href":"https:\/\/api.w.org\/{rel}","templated":true}]}}