{"id":1752,"date":"2023-07-12T16:40:31","date_gmt":"2023-07-12T16:40:31","guid":{"rendered":"https:\/\/quimicositapetininga.org.br\/?p=1752"},"modified":"2023-07-12T16:44:28","modified_gmt":"2023-07-12T16:44:28","slug":"mulheres-da-forca-sindical-se-organizam-para-fortalecer-luta-por-direitos","status":"publish","type":"post","link":"https:\/\/quimicositapetininga.org.br\/?p=1752","title":{"rendered":"Mulheres da For\u00e7a Sindical se organizam para fortalecer luta por direitos"},"content":{"rendered":"\t\t<div data-elementor-type=\"wp-post\" data-elementor-id=\"1752\" class=\"elementor elementor-1752\" data-elementor-settings=\"[]\">\n\t\t\t\t\t\t\t<div class=\"elementor-section-wrap\">\n\t\t\t\t\t\t\t<section class=\"elementor-section elementor-top-section elementor-element elementor-element-a5a198c elementor-section-boxed elementor-section-height-default elementor-section-height-default\" data-id=\"a5a198c\" data-element_type=\"section\">\n\t\t\t\t\t\t<div class=\"elementor-container elementor-column-gap-default\">\n\t\t\t\t\t<div class=\"elementor-column elementor-col-100 elementor-top-column elementor-element elementor-element-c59408d\" data-id=\"c59408d\" data-element_type=\"column\">\n\t\t\t<div class=\"elementor-widget-wrap elementor-element-populated\">\n\t\t\t\t\t\t\t\t<div class=\"elementor-element elementor-element-cc544b0 elementor-widget elementor-widget-heading\" data-id=\"cc544b0\" data-element_type=\"widget\" data-widget_type=\"heading.default\">\n\t\t\t\t<div class=\"elementor-widget-container\">\n\t\t\t<style>\/*! elementor - v3.5.3 - 28-12-2021 *\/\n.elementor-heading-title{padding:0;margin:0;line-height:1}.elementor-widget-heading .elementor-heading-title[class*=elementor-size-]>a{color:inherit;font-size:inherit;line-height:inherit}.elementor-widget-heading .elementor-heading-title.elementor-size-small{font-size:15px}.elementor-widget-heading .elementor-heading-title.elementor-size-medium{font-size:19px}.elementor-widget-heading .elementor-heading-title.elementor-size-large{font-size:29px}.elementor-widget-heading .elementor-heading-title.elementor-size-xl{font-size:39px}.elementor-widget-heading .elementor-heading-title.elementor-size-xxl{font-size:59px}<\/style><h2 class=\"elementor-heading-title elementor-size-default\">Mulheres da For\u00e7a Sindical se organizam para fortalecer luta por direitos<br><br><br><\/h2>\t\t<\/div>\n\t\t\t\t<\/div>\n\t\t\t\t\t<\/div>\n\t\t<\/div>\n\t\t\t\t\t\t\t<\/div>\n\t\t<\/section>\n\t\t\t\t<section class=\"elementor-section elementor-top-section elementor-element elementor-element-d30f626 elementor-section-boxed elementor-section-height-default elementor-section-height-default\" data-id=\"d30f626\" data-element_type=\"section\">\n\t\t\t\t\t\t<div class=\"elementor-container elementor-column-gap-default\">\n\t\t\t\t\t<div class=\"elementor-column elementor-col-100 elementor-top-column elementor-element elementor-element-92b8e71\" data-id=\"92b8e71\" data-element_type=\"column\">\n\t\t\t<div class=\"elementor-widget-wrap elementor-element-populated\">\n\t\t\t\t\t\t\t\t<div class=\"elementor-element elementor-element-c4e8f44 elementor-widget elementor-widget-image\" data-id=\"c4e8f44\" data-element_type=\"widget\" data-widget_type=\"image.default\">\n\t\t\t\t<div class=\"elementor-widget-container\">\n\t\t\t<style>\/*! elementor - v3.5.3 - 28-12-2021 *\/\n.elementor-widget-image{text-align:center}.elementor-widget-image a{display:inline-block}.elementor-widget-image a img[src$=\".svg\"]{width:48px}.elementor-widget-image img{vertical-align:middle;display:inline-block}<\/style>\t\t\t\t\t\t\t\t\t\t\t\t<img loading=\"lazy\" decoding=\"async\" width=\"1024\" height=\"768\" src=\"https:\/\/quimicositapetininga.org.br\/wp-content\/uploads\/2023\/07\/thumbnail_IMG-20230712-WA0001.jpg\" class=\"attachment-large size-large\" alt=\"\" \/>\t\t\t\t\t\t\t\t\t\t\t\t\t\t\t<\/div>\n\t\t\t\t<\/div>\n\t\t\t\t\t<\/div>\n\t\t<\/div>\n\t\t\t\t\t\t\t<\/div>\n\t\t<\/section>\n\t\t\t\t<section class=\"elementor-section elementor-top-section elementor-element elementor-element-343aa94 elementor-section-boxed elementor-section-height-default elementor-section-height-default\" data-id=\"343aa94\" data-element_type=\"section\">\n\t\t\t\t\t\t<div class=\"elementor-container elementor-column-gap-default\">\n\t\t\t\t\t<div class=\"elementor-column elementor-col-100 elementor-top-column elementor-element elementor-element-0092b5e\" data-id=\"0092b5e\" data-element_type=\"column\">\n\t\t\t<div class=\"elementor-widget-wrap elementor-element-populated\">\n\t\t\t\t\t\t\t\t<div class=\"elementor-element elementor-element-840ce16 elementor-widget elementor-widget-text-editor\" data-id=\"840ce16\" data-element_type=\"widget\" data-widget_type=\"text-editor.default\">\n\t\t\t\t<div class=\"elementor-widget-container\">\n\t\t\t<style>\/*! elementor - v3.5.3 - 28-12-2021 *\/\n.elementor-widget-text-editor.elementor-drop-cap-view-stacked .elementor-drop-cap{background-color:#818a91;color:#fff}.elementor-widget-text-editor.elementor-drop-cap-view-framed .elementor-drop-cap{color:#818a91;border:3px solid;background-color:transparent}.elementor-widget-text-editor:not(.elementor-drop-cap-view-default) .elementor-drop-cap{margin-top:8px}.elementor-widget-text-editor:not(.elementor-drop-cap-view-default) .elementor-drop-cap-letter{width:1em;height:1em}.elementor-widget-text-editor .elementor-drop-cap{float:left;text-align:center;line-height:1;font-size:50px}.elementor-widget-text-editor .elementor-drop-cap-letter{display:inline-block}<\/style>\t\t\t\t<h1><em class=\"post-excerpt\">Durante o encontro realizado na sede da For\u00e7a Sindical e participa\u00e7\u00e3o virtual de diversas lideran\u00e7as, as mulheres debateram a participa\u00e7\u00e3o na Marcha das Margaridas e a vit\u00f3ria com a san\u00e7\u00e3o da Lei de Igualdade Salarial entre homens e mulheres<\/em><\/h1>\t\t\t\t\t\t<\/div>\n\t\t\t\t<\/div>\n\t\t\t\t\t<\/div>\n\t\t<\/div>\n\t\t\t\t\t\t\t<\/div>\n\t\t<\/section>\n\t\t\t\t<section class=\"elementor-section elementor-top-section elementor-element elementor-element-84c146d elementor-section-boxed elementor-section-height-default elementor-section-height-default\" data-id=\"84c146d\" data-element_type=\"section\">\n\t\t\t\t\t\t<div class=\"elementor-container elementor-column-gap-default\">\n\t\t\t\t\t<div class=\"elementor-column elementor-col-100 elementor-top-column elementor-element elementor-element-4198a68\" data-id=\"4198a68\" data-element_type=\"column\">\n\t\t\t<div class=\"elementor-widget-wrap elementor-element-populated\">\n\t\t\t\t\t\t\t\t<div class=\"elementor-element elementor-element-6db6059 elementor-widget elementor-widget-image\" data-id=\"6db6059\" data-element_type=\"widget\" data-widget_type=\"image.default\">\n\t\t\t\t<div class=\"elementor-widget-container\">\n\t\t\t\t\t\t\t\t\t\t\t\t\t\t\t<img loading=\"lazy\" decoding=\"async\" width=\"1024\" height=\"576\" src=\"https:\/\/quimicositapetininga.org.br\/wp-content\/uploads\/2023\/07\/38107-whatsapp-image-2023-07-12-at-10-54-23-1.jpg\" class=\"attachment-large size-large\" alt=\"\" \/>\t\t\t\t\t\t\t\t\t\t\t\t\t\t\t<\/div>\n\t\t\t\t<\/div>\n\t\t\t\t\t<\/div>\n\t\t<\/div>\n\t\t\t\t\t\t\t<\/div>\n\t\t<\/section>\n\t\t\t\t<section class=\"elementor-section elementor-top-section elementor-element elementor-element-acceb7d elementor-section-boxed elementor-section-height-default elementor-section-height-default\" data-id=\"acceb7d\" data-element_type=\"section\">\n\t\t\t\t\t\t<div class=\"elementor-container elementor-column-gap-default\">\n\t\t\t\t\t<div class=\"elementor-column elementor-col-100 elementor-top-column elementor-element elementor-element-c1da827\" data-id=\"c1da827\" data-element_type=\"column\">\n\t\t\t<div class=\"elementor-widget-wrap elementor-element-populated\">\n\t\t\t\t\t\t\t\t<div class=\"elementor-element elementor-element-420eab0 elementor-widget elementor-widget-text-editor\" data-id=\"420eab0\" data-element_type=\"widget\" data-widget_type=\"text-editor.default\">\n\t\t\t\t<div class=\"elementor-widget-container\">\n\t\t\t\t\t\t\t<div>A Secretaria Nacional de Pol\u00edticas para as Mulheres e G\u00eanero da For\u00e7a Sindical, liderada por Maria Auxiliadora dos Santos, promoveu, nesta quarta-feira (12), uma reuni\u00e3o h\u00edbrida (com participa\u00e7\u00e3o presencial e virtual) com lideran\u00e7as sindicais.<\/div><div>\u00a0<\/div><div>Na pauta do encontro, aprova\u00e7\u00e3o de Lei 14.611 (Igualdade Salarial entre mulheres e homens) e a organiza\u00e7\u00e3o para Marcha das Margaridas que ser\u00e1 realizada nos dias 15 e 16 de agosto, em Bras\u00edlia.<\/div><div>\u00a0<\/div><div>Auxiliadora compartilhou sua alegria com a aprova\u00e7\u00e3o da Lei de Igualdade. \u201cVencemos uma batalha com a aprova\u00e7\u00e3o desta lei que far\u00e1 justi\u00e7a por algo que lutamos h\u00e1 muitos anos\u201d, destacou.<\/div><div>\u00a0<\/div><div>A sindicalista lembra que desde o in\u00edcio as sindicalistas acompanharam e participaram ativamente dos debates do PL da Igualdade. \u201cAgora temos que cobrar das empresas a aplica\u00e7\u00e3o da lei e tamb\u00e9m fortalecer o Minist\u00e9rio do Trabalho para que a fiscaliza\u00e7\u00e3o aconte\u00e7a no local de trabalho\u201d, afirma.<\/div><div>\u00a0<\/div><div>Geraldino dos Santos Silva, secret\u00e1rio de Rela\u00e7\u00f5es Sindicais da For\u00e7a Sindical, destacou a participa\u00e7\u00e3o de Maria Auxiliadora durante a solenidade em que o presidente Lula sancionou a Lei. \u201cAuxiliadora, voc\u00ea entrou para a hist\u00f3ria representando as mulheres num momento \u00fanico vivido em nosso Pa\u00eds ao conquistarmos a igualdade salarial entre homens e mulheres\u201d.<\/div><div>\u00a0<\/div><div>O sindicalistas ressaltou que agora cabe tamb\u00e9m ao movimento sindical que essa lei n\u00e3o caia no esquecimento. \u201cDevemos fiscalizar e cobrar dos \u00f3rg\u00e3os p\u00fablicos para que a lei seja cumprida. \u00c9 absurdo ainda hoje mulheres e homens exercendo a mesma fun\u00e7\u00e3o tendo sal\u00e1rio diferente\u201d, finalizou Geraldino.<\/div><div>\u00a0<\/div><div>Ruth Coelho Monteiro, secret\u00e1ria Nacional de Direitos Humanos, destaca que a aprova\u00e7\u00e3o da Lei da Igualdade salarial entre homens e mulheres s\u00f3 refor\u00e7a a import\u00e2ncia da democracia em nosso Pa\u00eds, com a elei\u00e7\u00e3o do presidente Lula e a relev\u00e2ncia do movimento sindical na luta por direitos. \u201cEssa conquista s\u00f3 foi poss\u00edvel gra\u00e7as a vit\u00f3ria nas elei\u00e7\u00f5es ano passado e a persist\u00eancia da classe trabalhadora, especialmente, as lideran\u00e7as mulheres dentro do movimento sindical\u201d.<\/div><div>\u00a0<\/div><div>Monica Veloso, vice-presidente da CNTM &#8211; Confedera\u00e7\u00e3o Nacional dos Trabalhadores Metal\u00fargicos e da IndustriALL Brasil, defendeu a luta por espa\u00e7os permanentes de interlocu\u00e7\u00e3o e di\u00e1logo com o governo no que diz respeito \u00e0s pautas de interesse das mulheres. &#8220;N\u00e3o adianta apenas eleger o presidente Lula agora devemos estabelecer uma forte articula\u00e7\u00e3o com o governo para conquistarmos nosso protagonismo e fazer com que nossas reivindica\u00e7\u00f5es sejam atendidas&#8221;.<\/div>\t\t\t\t\t\t<\/div>\n\t\t\t\t<\/div>\n\t\t\t\t\t<\/div>\n\t\t<\/div>\n\t\t\t\t\t\t\t<\/div>\n\t\t<\/section>\n\t\t\t\t<section class=\"elementor-section elementor-top-section elementor-element elementor-element-347385f elementor-section-boxed elementor-section-height-default elementor-section-height-default\" data-id=\"347385f\" data-element_type=\"section\">\n\t\t\t\t\t\t<div class=\"elementor-container elementor-column-gap-default\">\n\t\t\t\t\t<div class=\"elementor-column elementor-col-100 elementor-top-column elementor-element elementor-element-97a8bfc\" data-id=\"97a8bfc\" data-element_type=\"column\">\n\t\t\t<div class=\"elementor-widget-wrap elementor-element-populated\">\n\t\t\t\t\t\t\t\t<div class=\"elementor-element elementor-element-0fb7090 elementor-widget elementor-widget-image\" data-id=\"0fb7090\" data-element_type=\"widget\" data-widget_type=\"image.default\">\n\t\t\t\t<div class=\"elementor-widget-container\">\n\t\t\t\t\t\t\t\t\t\t\t\t\t\t\t<img loading=\"lazy\" decoding=\"async\" width=\"1024\" height=\"577\" src=\"https:\/\/quimicositapetininga.org.br\/wp-content\/uploads\/2023\/07\/whatsapp-image-2023-07-12-at-12-12-15.jpg\" class=\"attachment-large size-large\" alt=\"\" \/>\t\t\t\t\t\t\t\t\t\t\t\t\t\t\t<\/div>\n\t\t\t\t<\/div>\n\t\t\t\t\t<\/div>\n\t\t<\/div>\n\t\t\t\t\t\t\t<\/div>\n\t\t<\/section>\n\t\t\t\t<section class=\"elementor-section elementor-top-section elementor-element elementor-element-c827dcc elementor-section-boxed elementor-section-height-default elementor-section-height-default\" data-id=\"c827dcc\" data-element_type=\"section\">\n\t\t\t\t\t\t<div class=\"elementor-container elementor-column-gap-default\">\n\t\t\t\t\t<div class=\"elementor-column elementor-col-100 elementor-top-column elementor-element elementor-element-98b0ee4\" data-id=\"98b0ee4\" data-element_type=\"column\">\n\t\t\t<div class=\"elementor-widget-wrap elementor-element-populated\">\n\t\t\t\t\t\t\t\t<div class=\"elementor-element elementor-element-10d0594 elementor-widget elementor-widget-text-editor\" data-id=\"10d0594\" data-element_type=\"widget\" data-widget_type=\"text-editor.default\">\n\t\t\t\t<div class=\"elementor-widget-container\">\n\t\t\t\t\t\t\t<div><strong>Servidores P\u00fablicos SP na For\u00e7a Sindical<\/strong><\/div><div>O Sindicato dos Servidores P\u00fablicos do Estado de S\u00e3o Paulo (Sispesp), presidido por K\u00e1tia Rodrigues, \u00e9 um dos mais novos filiados \u00e0 For\u00e7a Sindical e, nesta reuni\u00e3o, Maria Auxiliadora aproveitou para dar as boas vindas ao Sindicato e sua presidenta. &#8220;Temos a honra de receber uma Entidade protagonista na luta pelos direitos dos servidores p\u00fablicos em nossos quadros e a Katita, uma refer\u00eancia na lideran\u00e7a do movimento sindical, vestindo a camisa da For\u00e7a \u00e9 uma conquista enorme&#8221;.<\/div><div>\u00a0<\/div><div><div>K\u00e1tia se disse honrada com a miss\u00e3o de presidir o Sispesp, um Sindicato com 35 anos de exist\u00eancia. \u201cSer a primeira Mulher o comando de um Sindicato t\u00e3o importante demonstra que com perseveran\u00e7a e dedica\u00e7\u00e3o podemos fazer a diferen\u00e7a e chegar a ocupar os espa\u00e7os de decis\u00e3o\u201d, ela diz e completa dizendo da felicidade de o Sindicato estar chegando na For\u00e7a Sindical neste momento em que assume a dire\u00e7\u00e3o.\u00a0&#8220;A For\u00e7a Sindical vem acolhendo nossa categoria e dando todo apoio para fortalecer nossa luta.&#8221;<\/div><\/div>\t\t\t\t\t\t<\/div>\n\t\t\t\t<\/div>\n\t\t\t\t\t<\/div>\n\t\t<\/div>\n\t\t\t\t\t\t\t<\/div>\n\t\t<\/section>\n\t\t\t\t\t\t<\/div>\n\t\t\t\t\t<\/div>\n\t\t","protected":false},"excerpt":{"rendered":"<p>Mulheres da For\u00e7a Sindical se organizam para fortalecer luta por direitos Durante o encontro realizado na sede da For\u00e7a Sindical e participa\u00e7\u00e3o virtual de diversas lideran\u00e7as, as mulheres debateram a participa\u00e7\u00e3o na Marcha das Margaridas e a vit\u00f3ria com a san\u00e7\u00e3o da Lei de Igualdade Salarial entre homens e mulheres A Secretaria Nacional de Pol\u00edticas [&hellip;]<\/p>\n","protected":false},"author":1,"featured_media":0,"comment_status":"closed","ping_status":"closed","sticky":false,"template":"elementor_canvas","format":"standard","meta":{"footnotes":""},"categories":[15],"tags":[],"_links":{"self":[{"href":"https:\/\/quimicositapetininga.org.br\/index.php?rest_route=\/wp\/v2\/posts\/1752"}],"collection":[{"href":"https:\/\/quimicositapetininga.org.br\/index.php?rest_route=\/wp\/v2\/posts"}],"about":[{"href":"https:\/\/quimicositapetininga.org.br\/index.php?rest_route=\/wp\/v2\/types\/post"}],"author":[{"embeddable":true,"href":"https:\/\/quimicositapetininga.org.br\/index.php?rest_route=\/wp\/v2\/users\/1"}],"replies":[{"embeddable":true,"href":"https:\/\/quimicositapetininga.org.br\/index.php?rest_route=%2Fwp%2Fv2%2Fcomments&post=1752"}],"version-history":[{"count":4,"href":"https:\/\/quimicositapetininga.org.br\/index.php?rest_route=\/wp\/v2\/posts\/1752\/revisions"}],"predecessor-version":[{"id":1760,"href":"https:\/\/quimicositapetininga.org.br\/index.php?rest_route=\/wp\/v2\/posts\/1752\/revisions\/1760"}],"wp:attachment":[{"href":"https:\/\/quimicositapetininga.org.br\/index.php?rest_route=%2Fwp%2Fv2%2Fmedia&parent=1752"}],"wp:term":[{"taxonomy":"category","embeddable":true,"href":"https:\/\/quimicositapetininga.org.br\/index.php?rest_route=%2Fwp%2Fv2%2Fcategories&post=1752"},{"taxonomy":"post_tag","embeddable":true,"href":"https:\/\/quimicositapetininga.org.br\/index.php?rest_route=%2Fwp%2Fv2%2Ftags&post=1752"}],"curies":[{"name":"wp","href":"https:\/\/api.w.org\/{rel}","templated":true}]}}