{"id":1707,"date":"2023-06-27T22:52:15","date_gmt":"2023-06-27T22:52:15","guid":{"rendered":"https:\/\/quimicositapetininga.org.br\/?p=1707"},"modified":"2023-06-27T22:58:58","modified_gmt":"2023-06-27T22:58:58","slug":"centrais-sindicais-debaterao-selic-com-senado","status":"publish","type":"post","link":"https:\/\/quimicositapetininga.org.br\/?p=1707","title":{"rendered":"Centrais sindicais debater\u00e3o Selic com Senado"},"content":{"rendered":"\t\t<div data-elementor-type=\"wp-post\" data-elementor-id=\"1707\" class=\"elementor elementor-1707\" data-elementor-settings=\"[]\">\n\t\t\t\t\t\t\t<div class=\"elementor-section-wrap\">\n\t\t\t\t\t\t\t<section class=\"elementor-section elementor-top-section elementor-element elementor-element-1dc1ad2 elementor-section-boxed elementor-section-height-default elementor-section-height-default\" data-id=\"1dc1ad2\" data-element_type=\"section\">\n\t\t\t\t\t\t<div class=\"elementor-container elementor-column-gap-default\">\n\t\t\t\t\t<div class=\"elementor-column elementor-col-100 elementor-top-column elementor-element elementor-element-993a4aa\" data-id=\"993a4aa\" data-element_type=\"column\">\n\t\t\t<div class=\"elementor-widget-wrap elementor-element-populated\">\n\t\t\t\t\t\t\t\t<div class=\"elementor-element elementor-element-e034461 elementor-widget elementor-widget-heading\" data-id=\"e034461\" data-element_type=\"widget\" data-widget_type=\"heading.default\">\n\t\t\t\t<div class=\"elementor-widget-container\">\n\t\t\t<style>\/*! elementor - v3.5.3 - 28-12-2021 *\/\n.elementor-heading-title{padding:0;margin:0;line-height:1}.elementor-widget-heading .elementor-heading-title[class*=elementor-size-]>a{color:inherit;font-size:inherit;line-height:inherit}.elementor-widget-heading .elementor-heading-title.elementor-size-small{font-size:15px}.elementor-widget-heading .elementor-heading-title.elementor-size-medium{font-size:19px}.elementor-widget-heading .elementor-heading-title.elementor-size-large{font-size:29px}.elementor-widget-heading .elementor-heading-title.elementor-size-xl{font-size:39px}.elementor-widget-heading .elementor-heading-title.elementor-size-xxl{font-size:59px}<\/style><h2 class=\"elementor-heading-title elementor-size-large\">Centrais sindicais debater\u00e3o Selic com Senado<\/h2>\t\t<\/div>\n\t\t\t\t<\/div>\n\t\t\t\t\t<\/div>\n\t\t<\/div>\n\t\t\t\t\t\t\t<\/div>\n\t\t<\/section>\n\t\t\t\t<section class=\"elementor-section elementor-top-section elementor-element elementor-element-0bb6c82 elementor-section-boxed elementor-section-height-default elementor-section-height-default\" data-id=\"0bb6c82\" data-element_type=\"section\">\n\t\t\t\t\t\t<div class=\"elementor-container elementor-column-gap-default\">\n\t\t\t\t\t<div class=\"elementor-column elementor-col-100 elementor-top-column elementor-element elementor-element-8428e4d\" data-id=\"8428e4d\" data-element_type=\"column\">\n\t\t\t<div class=\"elementor-widget-wrap elementor-element-populated\">\n\t\t\t\t\t\t\t\t<div class=\"elementor-element elementor-element-ba25053 elementor-widget elementor-widget-image\" data-id=\"ba25053\" data-element_type=\"widget\" data-widget_type=\"image.default\">\n\t\t\t\t<div class=\"elementor-widget-container\">\n\t\t\t<style>\/*! elementor - v3.5.3 - 28-12-2021 *\/\n.elementor-widget-image{text-align:center}.elementor-widget-image a{display:inline-block}.elementor-widget-image a img[src$=\".svg\"]{width:48px}.elementor-widget-image img{vertical-align:middle;display:inline-block}<\/style>\t\t\t\t\t\t\t\t\t\t\t\t<img loading=\"lazy\" decoding=\"async\" width=\"738\" height=\"415\" src=\"https:\/\/quimicositapetininga.org.br\/wp-content\/uploads\/2023\/06\/juros.jpg\" class=\"attachment-large size-large\" alt=\"\" \/>\t\t\t\t\t\t\t\t\t\t\t\t\t\t\t<\/div>\n\t\t\t\t<\/div>\n\t\t\t\t\t<\/div>\n\t\t<\/div>\n\t\t\t\t\t\t\t<\/div>\n\t\t<\/section>\n\t\t\t\t<section class=\"elementor-section elementor-top-section elementor-element elementor-element-cbf8295 elementor-section-boxed elementor-section-height-default elementor-section-height-default\" data-id=\"cbf8295\" data-element_type=\"section\">\n\t\t\t\t\t\t<div class=\"elementor-container elementor-column-gap-default\">\n\t\t\t\t\t<div class=\"elementor-column elementor-col-100 elementor-top-column elementor-element elementor-element-49139ed\" data-id=\"49139ed\" data-element_type=\"column\">\n\t\t\t<div class=\"elementor-widget-wrap elementor-element-populated\">\n\t\t\t\t\t\t\t\t<div class=\"elementor-element elementor-element-ac1ea1f elementor-widget elementor-widget-text-editor\" data-id=\"ac1ea1f\" data-element_type=\"widget\" data-widget_type=\"text-editor.default\">\n\t\t\t\t<div class=\"elementor-widget-container\">\n\t\t\t<style>\/*! elementor - v3.5.3 - 28-12-2021 *\/\n.elementor-widget-text-editor.elementor-drop-cap-view-stacked .elementor-drop-cap{background-color:#818a91;color:#fff}.elementor-widget-text-editor.elementor-drop-cap-view-framed .elementor-drop-cap{color:#818a91;border:3px solid;background-color:transparent}.elementor-widget-text-editor:not(.elementor-drop-cap-view-default) .elementor-drop-cap{margin-top:8px}.elementor-widget-text-editor:not(.elementor-drop-cap-view-default) .elementor-drop-cap-letter{width:1em;height:1em}.elementor-widget-text-editor .elementor-drop-cap{float:left;text-align:center;line-height:1;font-size:50px}.elementor-widget-text-editor .elementor-drop-cap-letter{display:inline-block}<\/style>\t\t\t\t<p>Centrais Sindicais devem se reunir com o presidente do Senado, Rodrigo Pacheco, na pr\u00f3xima semana. Na pauta, a pol\u00edtica monet\u00e1ria do Banco Central, que insiste em manter a taxa de juros, Selic, a 13,75%, ao ano pela s\u00e9tima reuni\u00e3o seguida.<\/p><p>O patamar da taxa, um dos maiores do mundo, \u00e9 criticado por sindicalistas, economistas, empresariado e at\u00e9 pelo governo Lula. Contudo, ap\u00f3s mais uma reuni\u00e3o, encerrada na quarta, 21, o Comit\u00ea de Pol\u00edtica Monet\u00e1ria (Copom) decidiu manter o \u00edndice da taxa Selic.<\/p><p>Desde sexta, os movimentos populares e sindical t\u00eam realizado uma Jornada de Lutas pela redu\u00e7\u00e3o dos Juros para alertar a sociedade como \u00e9 prejudicada pela politica do Bacen.<\/p><p>Ter\u00e7a, 20, primeiro dia da reuni\u00e3o do Copom, foram realizados protestos em diversas cidades onde o Banco Central tem sede. Em SP, o ato ocorreu na Avenida Paulista, em frente ao pr\u00e9dio do BC.<\/p>\t\t\t\t\t\t<\/div>\n\t\t\t\t<\/div>\n\t\t\t\t\t<\/div>\n\t\t<\/div>\n\t\t\t\t\t\t\t<\/div>\n\t\t<\/section>\n\t\t\t\t<section class=\"elementor-section elementor-top-section elementor-element elementor-element-576d0ab elementor-section-boxed elementor-section-height-default elementor-section-height-default\" data-id=\"576d0ab\" data-element_type=\"section\">\n\t\t\t\t\t\t<div class=\"elementor-container elementor-column-gap-default\">\n\t\t\t\t\t<div class=\"elementor-column elementor-col-100 elementor-top-column elementor-element elementor-element-5655c55\" data-id=\"5655c55\" data-element_type=\"column\">\n\t\t\t<div class=\"elementor-widget-wrap elementor-element-populated\">\n\t\t\t\t\t\t\t\t<div class=\"elementor-element elementor-element-3261c2b elementor-widget elementor-widget-image\" data-id=\"3261c2b\" data-element_type=\"widget\" data-widget_type=\"image.default\">\n\t\t\t\t<div class=\"elementor-widget-container\">\n\t\t\t\t\t\t\t\t\t\t\t\t\t\t\t<img loading=\"lazy\" decoding=\"async\" width=\"768\" height=\"576\" src=\"https:\/\/quimicositapetininga.org.br\/wp-content\/uploads\/2023\/06\/WhatsApp-Image-2023-06-20-at-11.04.00-768x576-1.jpeg\" class=\"attachment-large size-large\" alt=\"\" \/>\t\t\t\t\t\t\t\t\t\t\t\t\t\t\t<\/div>\n\t\t\t\t<\/div>\n\t\t\t\t\t<\/div>\n\t\t<\/div>\n\t\t\t\t\t\t\t<\/div>\n\t\t<\/section>\n\t\t\t\t<section class=\"elementor-section elementor-top-section elementor-element elementor-element-8ed8d67 elementor-section-boxed elementor-section-height-default elementor-section-height-default\" data-id=\"8ed8d67\" data-element_type=\"section\">\n\t\t\t\t\t\t<div class=\"elementor-container elementor-column-gap-default\">\n\t\t\t\t\t<div class=\"elementor-column elementor-col-100 elementor-top-column elementor-element elementor-element-e921bc4\" data-id=\"e921bc4\" data-element_type=\"column\">\n\t\t\t<div class=\"elementor-widget-wrap elementor-element-populated\">\n\t\t\t\t\t\t\t\t<div class=\"elementor-element elementor-element-0582e2b elementor-widget elementor-widget-text-editor\" data-id=\"0582e2b\" data-element_type=\"widget\" data-widget_type=\"text-editor.default\">\n\t\t\t\t<div class=\"elementor-widget-container\">\n\t\t\t\t\t\t\t<p style=\"text-align: center;\"><em>Foto: Ja\u00e9lcio Santana<\/em><\/p>\t\t\t\t\t\t<\/div>\n\t\t\t\t<\/div>\n\t\t\t\t\t<\/div>\n\t\t<\/div>\n\t\t\t\t\t\t\t<\/div>\n\t\t<\/section>\n\t\t\t\t<section class=\"elementor-section elementor-top-section elementor-element elementor-element-467079e elementor-section-boxed elementor-section-height-default elementor-section-height-default\" data-id=\"467079e\" data-element_type=\"section\">\n\t\t\t\t\t\t<div class=\"elementor-container elementor-column-gap-default\">\n\t\t\t\t\t<div class=\"elementor-column elementor-col-100 elementor-top-column elementor-element elementor-element-a110abc\" data-id=\"a110abc\" data-element_type=\"column\">\n\t\t\t<div class=\"elementor-widget-wrap elementor-element-populated\">\n\t\t\t\t\t\t\t\t<div class=\"elementor-element elementor-element-2106c00 elementor-widget elementor-widget-text-editor\" data-id=\"2106c00\" data-element_type=\"widget\" data-widget_type=\"text-editor.default\">\n\t\t\t\t<div class=\"elementor-widget-container\">\n\t\t\t\t\t\t\t<p>Para Sergio Nobre, presidente da CUT, a taxa de juros no Brasil \u00e9 impratic\u00e1vel. \u201cO Brasil n\u00e3o suporta mais essa taxa abusiva de juros imposta por um presidente do Banco Central [Roberto Campos Neto]\u201d, denuncia o sindicalista.<\/p><p>O dirigente afirma as altas taxas de juros aumentam os pre\u00e7os, encarecem os empr\u00e9stimos e empurram o consumo para baixo. Ele diz: \u201cReduzem a capacidade de consumo, enfraquecem o com\u00e9rcio e paralisam a produ\u00e7\u00e3o, impactando negativamente nos empregos\u201d.<\/p><p>Presidente da For\u00e7a Sindical, Miguel Torres, refor\u00e7a o coro: \u201cAo manter nesse patamar absurdo a taxa Selic, o presidente do Bacen presta um desservi\u00e7o ao nosso Pa\u00eds. N\u00e3o podemos admitir essa postura. E quem pode mudar essa situa\u00e7\u00e3o \u00e9 o Senado, que n\u00e3o pode ficar omisso\u201d, ressalta Miguel.<\/p><p>A reuni\u00e3o deve acontecer na pr\u00f3xima semana. Todas as Centrais devem participar.<\/p><p>Fonte:\u00a0<strong>Ag\u00eancia Sindical<\/strong><\/p><p>.<\/p>\t\t\t\t\t\t<\/div>\n\t\t\t\t<\/div>\n\t\t\t\t\t<\/div>\n\t\t<\/div>\n\t\t\t\t\t\t\t<\/div>\n\t\t<\/section>\n\t\t\t\t\t\t<\/div>\n\t\t\t\t\t<\/div>\n\t\t","protected":false},"excerpt":{"rendered":"<p>Centrais sindicais debater\u00e3o Selic com Senado Centrais Sindicais devem se reunir com o presidente do Senado, Rodrigo Pacheco, na pr\u00f3xima semana. Na pauta, a pol\u00edtica monet\u00e1ria do Banco Central, que insiste em manter a taxa de juros, Selic, a 13,75%, ao ano pela s\u00e9tima reuni\u00e3o seguida. O patamar da taxa, um dos maiores do mundo, [&hellip;]<\/p>\n","protected":false},"author":1,"featured_media":0,"comment_status":"closed","ping_status":"closed","sticky":false,"template":"elementor_canvas","format":"standard","meta":{"footnotes":""},"categories":[14],"tags":[],"_links":{"self":[{"href":"https:\/\/quimicositapetininga.org.br\/index.php?rest_route=\/wp\/v2\/posts\/1707"}],"collection":[{"href":"https:\/\/quimicositapetininga.org.br\/index.php?rest_route=\/wp\/v2\/posts"}],"about":[{"href":"https:\/\/quimicositapetininga.org.br\/index.php?rest_route=\/wp\/v2\/types\/post"}],"author":[{"embeddable":true,"href":"https:\/\/quimicositapetininga.org.br\/index.php?rest_route=\/wp\/v2\/users\/1"}],"replies":[{"embeddable":true,"href":"https:\/\/quimicositapetininga.org.br\/index.php?rest_route=%2Fwp%2Fv2%2Fcomments&post=1707"}],"version-history":[{"count":4,"href":"https:\/\/quimicositapetininga.org.br\/index.php?rest_route=\/wp\/v2\/posts\/1707\/revisions"}],"predecessor-version":[{"id":1714,"href":"https:\/\/quimicositapetininga.org.br\/index.php?rest_route=\/wp\/v2\/posts\/1707\/revisions\/1714"}],"wp:attachment":[{"href":"https:\/\/quimicositapetininga.org.br\/index.php?rest_route=%2Fwp%2Fv2%2Fmedia&parent=1707"}],"wp:term":[{"taxonomy":"category","embeddable":true,"href":"https:\/\/quimicositapetininga.org.br\/index.php?rest_route=%2Fwp%2Fv2%2Fcategories&post=1707"},{"taxonomy":"post_tag","embeddable":true,"href":"https:\/\/quimicositapetininga.org.br\/index.php?rest_route=%2Fwp%2Fv2%2Ftags&post=1707"}],"curies":[{"name":"wp","href":"https:\/\/api.w.org\/{rel}","templated":true}]}}