{"id":1700,"date":"2023-06-27T22:44:34","date_gmt":"2023-06-27T22:44:34","guid":{"rendered":"https:\/\/quimicositapetininga.org.br\/?p=1700"},"modified":"2023-06-27T22:49:42","modified_gmt":"2023-06-27T22:49:42","slug":"fequimfar-e-sindicatos-filiados-participam-do-lancamento-da-frente-parlamentar-quimica-no-estado-de-sao-paulo","status":"publish","type":"post","link":"https:\/\/quimicositapetininga.org.br\/?p=1700","title":{"rendered":"FEQUIMFAR e Sindicatos filiados participam do lan\u00e7amento da Frente Parlamentar Qu\u00edmica no Estado de S\u00e3o Paulo"},"content":{"rendered":"\t\t<div data-elementor-type=\"wp-post\" data-elementor-id=\"1700\" class=\"elementor elementor-1700\" data-elementor-settings=\"[]\">\n\t\t\t\t\t\t\t<div class=\"elementor-section-wrap\">\n\t\t\t\t\t\t\t<section class=\"elementor-section elementor-top-section elementor-element elementor-element-279cdb6 elementor-section-boxed elementor-section-height-default elementor-section-height-default\" data-id=\"279cdb6\" data-element_type=\"section\">\n\t\t\t\t\t\t<div class=\"elementor-container elementor-column-gap-default\">\n\t\t\t\t\t<div class=\"elementor-column elementor-col-100 elementor-top-column elementor-element elementor-element-90c66ac\" data-id=\"90c66ac\" data-element_type=\"column\">\n\t\t\t<div class=\"elementor-widget-wrap elementor-element-populated\">\n\t\t\t\t\t\t\t\t<div class=\"elementor-element elementor-element-6ff7902 elementor-widget elementor-widget-heading\" data-id=\"6ff7902\" data-element_type=\"widget\" data-widget_type=\"heading.default\">\n\t\t\t\t<div class=\"elementor-widget-container\">\n\t\t\t<style>\/*! elementor - v3.5.3 - 28-12-2021 *\/\n.elementor-heading-title{padding:0;margin:0;line-height:1}.elementor-widget-heading .elementor-heading-title[class*=elementor-size-]>a{color:inherit;font-size:inherit;line-height:inherit}.elementor-widget-heading .elementor-heading-title.elementor-size-small{font-size:15px}.elementor-widget-heading .elementor-heading-title.elementor-size-medium{font-size:19px}.elementor-widget-heading .elementor-heading-title.elementor-size-large{font-size:29px}.elementor-widget-heading .elementor-heading-title.elementor-size-xl{font-size:39px}.elementor-widget-heading .elementor-heading-title.elementor-size-xxl{font-size:59px}<\/style><h2 class=\"elementor-heading-title elementor-size-medium\">FEQUIMFAR e Sindicatos filiados participam do lan\u00e7amento da Frente Parlamentar Qu\u00edmica no Estado de S\u00e3o Paulo<\/h2>\t\t<\/div>\n\t\t\t\t<\/div>\n\t\t\t\t\t<\/div>\n\t\t<\/div>\n\t\t\t\t\t\t\t<\/div>\n\t\t<\/section>\n\t\t\t\t<section class=\"elementor-section elementor-top-section elementor-element elementor-element-ba10007 elementor-section-boxed elementor-section-height-default elementor-section-height-default\" data-id=\"ba10007\" data-element_type=\"section\">\n\t\t\t\t\t\t<div class=\"elementor-container elementor-column-gap-default\">\n\t\t\t\t\t<div class=\"elementor-column elementor-col-100 elementor-top-column elementor-element elementor-element-0a5e8db\" data-id=\"0a5e8db\" data-element_type=\"column\">\n\t\t\t<div class=\"elementor-widget-wrap\">\n\t\t\t\t\t\t\t\t\t<\/div>\n\t\t<\/div>\n\t\t\t\t\t\t\t<\/div>\n\t\t<\/section>\n\t\t\t\t<section class=\"elementor-section elementor-top-section elementor-element elementor-element-ad4f3e3 elementor-section-boxed elementor-section-height-default elementor-section-height-default\" data-id=\"ad4f3e3\" data-element_type=\"section\">\n\t\t\t\t\t\t<div class=\"elementor-container elementor-column-gap-default\">\n\t\t\t\t\t<div class=\"elementor-column elementor-col-100 elementor-top-column elementor-element elementor-element-fe4b12b\" data-id=\"fe4b12b\" data-element_type=\"column\">\n\t\t\t<div class=\"elementor-widget-wrap elementor-element-populated\">\n\t\t\t\t\t\t\t\t<div class=\"elementor-element elementor-element-c4ce05b elementor-widget elementor-widget-image\" data-id=\"c4ce05b\" data-element_type=\"widget\" data-widget_type=\"image.default\">\n\t\t\t\t<div class=\"elementor-widget-container\">\n\t\t\t<style>\/*! elementor - v3.5.3 - 28-12-2021 *\/\n.elementor-widget-image{text-align:center}.elementor-widget-image a{display:inline-block}.elementor-widget-image a img[src$=\".svg\"]{width:48px}.elementor-widget-image img{vertical-align:middle;display:inline-block}<\/style>\t\t\t\t\t\t\t\t\t\t\t\t<img loading=\"lazy\" decoding=\"async\" width=\"696\" height=\"313\" src=\"https:\/\/quimicositapetininga.org.br\/wp-content\/uploads\/2023\/06\/frente-parlamentar-industria-quimica_26-06-2023-9-696x313-1.jpeg\" class=\"attachment-large size-large\" alt=\"\" \/>\t\t\t\t\t\t\t\t\t\t\t\t\t\t\t<\/div>\n\t\t\t\t<\/div>\n\t\t\t\t\t<\/div>\n\t\t<\/div>\n\t\t\t\t\t\t\t<\/div>\n\t\t<\/section>\n\t\t\t\t<section class=\"elementor-section elementor-top-section elementor-element elementor-element-9341ecd elementor-section-boxed elementor-section-height-default elementor-section-height-default\" data-id=\"9341ecd\" data-element_type=\"section\">\n\t\t\t\t\t\t<div class=\"elementor-container elementor-column-gap-default\">\n\t\t\t\t\t<div class=\"elementor-column elementor-col-100 elementor-top-column elementor-element elementor-element-9227720\" data-id=\"9227720\" data-element_type=\"column\">\n\t\t\t<div class=\"elementor-widget-wrap elementor-element-populated\">\n\t\t\t\t\t\t\t\t<div class=\"elementor-element elementor-element-d17612a elementor-widget elementor-widget-text-editor\" data-id=\"d17612a\" data-element_type=\"widget\" data-widget_type=\"text-editor.default\">\n\t\t\t\t<div class=\"elementor-widget-container\">\n\t\t\t<style>\/*! elementor - v3.5.3 - 28-12-2021 *\/\n.elementor-widget-text-editor.elementor-drop-cap-view-stacked .elementor-drop-cap{background-color:#818a91;color:#fff}.elementor-widget-text-editor.elementor-drop-cap-view-framed .elementor-drop-cap{color:#818a91;border:3px solid;background-color:transparent}.elementor-widget-text-editor:not(.elementor-drop-cap-view-default) .elementor-drop-cap{margin-top:8px}.elementor-widget-text-editor:not(.elementor-drop-cap-view-default) .elementor-drop-cap-letter{width:1em;height:1em}.elementor-widget-text-editor .elementor-drop-cap{float:left;text-align:center;line-height:1;font-size:50px}.elementor-widget-text-editor .elementor-drop-cap-letter{display:inline-block}<\/style>\t\t\t\t<p>Para fortalecer a ind\u00fastria qu\u00edmica no estado, nesta segunda-feira, dia 26 de junho, foi lan\u00e7ada a Frente Parlamentar em Apoio \u00e0 Ind\u00fastria Qu\u00edmica do Estado de S\u00e3o Paulo.<\/p><p>Lideran\u00e7as da FEQUIMFAR\/For\u00e7a Sindical e Sindicatos filiados participaram da cerim\u00f4nia que foi realizada na Assembleia Legislativa do estado e teve a coordena\u00e7\u00e3o do deputado estadual Luiz Fernando Teixeira Ferreira (PT\/SP). Tamb\u00e9m estiveram no evento dirigentes da FETQUIM\/CUT, sindicatos filiados e representantes empresariais.<\/p><p>De acordo com o presidente da FEQUIMFAR e vice-presidente da For\u00e7a Sindical, Sergio Luiz Leite, Serginho, a Frente Parlamentar tem como objetivo impulsionar o setor atrav\u00e9s do di\u00e1logo com parlamentares e representantes dos trabalhadores e da ind\u00fastria.<\/p><p>\u201cFortalecer a ind\u00fastria qu\u00edmica \u00e9 contribuir para o crescimento e desenvolvimento do Brasil, gerando empregos de qualidade e com qualifica\u00e7\u00e3o\u201d, disse Serginho.<\/p>\t\t\t\t\t\t<\/div>\n\t\t\t\t<\/div>\n\t\t\t\t\t<\/div>\n\t\t<\/div>\n\t\t\t\t\t\t\t<\/div>\n\t\t<\/section>\n\t\t\t\t\t\t<\/div>\n\t\t\t\t\t<\/div>\n\t\t","protected":false},"excerpt":{"rendered":"<p>FEQUIMFAR e Sindicatos filiados participam do lan\u00e7amento da Frente Parlamentar Qu\u00edmica no Estado de S\u00e3o Paulo Para fortalecer a ind\u00fastria qu\u00edmica no estado, nesta segunda-feira, dia 26 de junho, foi lan\u00e7ada a Frente Parlamentar em Apoio \u00e0 Ind\u00fastria Qu\u00edmica do Estado de S\u00e3o Paulo. Lideran\u00e7as da FEQUIMFAR\/For\u00e7a Sindical e Sindicatos filiados participaram da cerim\u00f4nia que [&hellip;]<\/p>\n","protected":false},"author":1,"featured_media":0,"comment_status":"closed","ping_status":"closed","sticky":false,"template":"elementor_canvas","format":"standard","meta":{"footnotes":""},"categories":[15],"tags":[],"_links":{"self":[{"href":"https:\/\/quimicositapetininga.org.br\/index.php?rest_route=\/wp\/v2\/posts\/1700"}],"collection":[{"href":"https:\/\/quimicositapetininga.org.br\/index.php?rest_route=\/wp\/v2\/posts"}],"about":[{"href":"https:\/\/quimicositapetininga.org.br\/index.php?rest_route=\/wp\/v2\/types\/post"}],"author":[{"embeddable":true,"href":"https:\/\/quimicositapetininga.org.br\/index.php?rest_route=\/wp\/v2\/users\/1"}],"replies":[{"embeddable":true,"href":"https:\/\/quimicositapetininga.org.br\/index.php?rest_route=%2Fwp%2Fv2%2Fcomments&post=1700"}],"version-history":[{"count":4,"href":"https:\/\/quimicositapetininga.org.br\/index.php?rest_route=\/wp\/v2\/posts\/1700\/revisions"}],"predecessor-version":[{"id":1706,"href":"https:\/\/quimicositapetininga.org.br\/index.php?rest_route=\/wp\/v2\/posts\/1700\/revisions\/1706"}],"wp:attachment":[{"href":"https:\/\/quimicositapetininga.org.br\/index.php?rest_route=%2Fwp%2Fv2%2Fmedia&parent=1700"}],"wp:term":[{"taxonomy":"category","embeddable":true,"href":"https:\/\/quimicositapetininga.org.br\/index.php?rest_route=%2Fwp%2Fv2%2Fcategories&post=1700"},{"taxonomy":"post_tag","embeddable":true,"href":"https:\/\/quimicositapetininga.org.br\/index.php?rest_route=%2Fwp%2Fv2%2Ftags&post=1700"}],"curies":[{"name":"wp","href":"https:\/\/api.w.org\/{rel}","templated":true}]}}