{"id":1679,"date":"2023-06-22T21:40:31","date_gmt":"2023-06-22T21:40:31","guid":{"rendered":"https:\/\/quimicositapetininga.org.br\/?p=1679"},"modified":"2023-06-22T22:21:29","modified_gmt":"2023-06-22T22:21:29","slug":"banco-central-mantem-taxa-de-juros-em-1375-ao-ano-centrais-protestam","status":"publish","type":"post","link":"https:\/\/quimicositapetininga.org.br\/?p=1679","title":{"rendered":"Banco Central mant\u00e9m taxa de juros em 13,75% ao ano; centrais protestam"},"content":{"rendered":"\t\t<div data-elementor-type=\"wp-post\" data-elementor-id=\"1679\" class=\"elementor elementor-1679\" data-elementor-settings=\"[]\">\n\t\t\t\t\t\t\t<div class=\"elementor-section-wrap\">\n\t\t\t\t\t\t\t<section class=\"elementor-section elementor-top-section elementor-element elementor-element-cffd199 elementor-section-boxed elementor-section-height-default elementor-section-height-default\" data-id=\"cffd199\" data-element_type=\"section\">\n\t\t\t\t\t\t<div class=\"elementor-container elementor-column-gap-default\">\n\t\t\t\t\t<div class=\"elementor-column elementor-col-100 elementor-top-column elementor-element elementor-element-0db0bca\" data-id=\"0db0bca\" data-element_type=\"column\">\n\t\t\t<div class=\"elementor-widget-wrap elementor-element-populated\">\n\t\t\t\t\t\t\t\t<div class=\"elementor-element elementor-element-0469cf1 elementor-widget elementor-widget-heading\" data-id=\"0469cf1\" data-element_type=\"widget\" data-widget_type=\"heading.default\">\n\t\t\t\t<div class=\"elementor-widget-container\">\n\t\t\t<style>\/*! elementor - v3.5.3 - 28-12-2021 *\/\n.elementor-heading-title{padding:0;margin:0;line-height:1}.elementor-widget-heading .elementor-heading-title[class*=elementor-size-]>a{color:inherit;font-size:inherit;line-height:inherit}.elementor-widget-heading .elementor-heading-title.elementor-size-small{font-size:15px}.elementor-widget-heading .elementor-heading-title.elementor-size-medium{font-size:19px}.elementor-widget-heading .elementor-heading-title.elementor-size-large{font-size:29px}.elementor-widget-heading .elementor-heading-title.elementor-size-xl{font-size:39px}.elementor-widget-heading .elementor-heading-title.elementor-size-xxl{font-size:59px}<\/style><h2 class=\"elementor-heading-title elementor-size-default\"><h1 class=\"single-title\" style=\"font-size: 60px; margin-top: 50px; margin-bottom: 40px; font-family: &quot;Roboto Condensed&quot;, sans-serif; line-height: 1; color: rgb(34, 34, 34); letter-spacing: -2px; font-style: normal; font-variant-ligatures: normal; font-variant-caps: normal; white-space-collapse: collapse;\">Banco Central mant\u00e9m taxa de juros em 13,75% ao ano; centrais protestam<\/h1><\/h2>\t\t<\/div>\n\t\t\t\t<\/div>\n\t\t\t\t\t<\/div>\n\t\t<\/div>\n\t\t\t\t\t\t\t<\/div>\n\t\t<\/section>\n\t\t\t\t<section class=\"elementor-section elementor-top-section elementor-element elementor-element-b4b079b elementor-section-boxed elementor-section-height-default elementor-section-height-default\" data-id=\"b4b079b\" data-element_type=\"section\">\n\t\t\t\t\t\t<div class=\"elementor-container elementor-column-gap-default\">\n\t\t\t\t\t<div class=\"elementor-column elementor-col-100 elementor-top-column elementor-element elementor-element-a093e02\" data-id=\"a093e02\" data-element_type=\"column\">\n\t\t\t<div class=\"elementor-widget-wrap elementor-element-populated\">\n\t\t\t\t\t\t\t\t<div class=\"elementor-element elementor-element-f322144 elementor-widget elementor-widget-image\" data-id=\"f322144\" data-element_type=\"widget\" data-widget_type=\"image.default\">\n\t\t\t\t<div class=\"elementor-widget-container\">\n\t\t\t<style>\/*! elementor - v3.5.3 - 28-12-2021 *\/\n.elementor-widget-image{text-align:center}.elementor-widget-image a{display:inline-block}.elementor-widget-image a img[src$=\".svg\"]{width:48px}.elementor-widget-image img{vertical-align:middle;display:inline-block}<\/style>\t\t\t\t\t\t\t\t\t\t\t\t<img loading=\"lazy\" decoding=\"async\" width=\"600\" height=\"377\" src=\"https:\/\/quimicositapetininga.org.br\/wp-content\/uploads\/2023\/06\/banco-central-600x377-1.jpeg\" class=\"attachment-large size-large\" alt=\"\" \/>\t\t\t\t\t\t\t\t\t\t\t\t\t\t\t<\/div>\n\t\t\t\t<\/div>\n\t\t\t\t\t<\/div>\n\t\t<\/div>\n\t\t\t\t\t\t\t<\/div>\n\t\t<\/section>\n\t\t\t\t<section class=\"elementor-section elementor-top-section elementor-element elementor-element-91bea45 elementor-section-boxed elementor-section-height-default elementor-section-height-default\" data-id=\"91bea45\" data-element_type=\"section\">\n\t\t\t\t\t\t<div class=\"elementor-container elementor-column-gap-default\">\n\t\t\t\t\t<div class=\"elementor-column elementor-col-100 elementor-top-column elementor-element elementor-element-21a81d0\" data-id=\"21a81d0\" data-element_type=\"column\">\n\t\t\t<div class=\"elementor-widget-wrap elementor-element-populated\">\n\t\t\t\t\t\t\t\t<div class=\"elementor-element elementor-element-35ada82 elementor-widget elementor-widget-text-editor\" data-id=\"35ada82\" data-element_type=\"widget\" data-widget_type=\"text-editor.default\">\n\t\t\t\t<div class=\"elementor-widget-container\">\n\t\t\t<style>\/*! elementor - v3.5.3 - 28-12-2021 *\/\n.elementor-widget-text-editor.elementor-drop-cap-view-stacked .elementor-drop-cap{background-color:#818a91;color:#fff}.elementor-widget-text-editor.elementor-drop-cap-view-framed .elementor-drop-cap{color:#818a91;border:3px solid;background-color:transparent}.elementor-widget-text-editor:not(.elementor-drop-cap-view-default) .elementor-drop-cap{margin-top:8px}.elementor-widget-text-editor:not(.elementor-drop-cap-view-default) .elementor-drop-cap-letter{width:1em;height:1em}.elementor-widget-text-editor .elementor-drop-cap{float:left;text-align:center;line-height:1;font-size:50px}.elementor-widget-text-editor .elementor-drop-cap-letter{display:inline-block}<\/style>\t\t\t\t<p><em>BC atua para proteger a \u201cciranda financeira\u201d, em vez de garantir cr\u00e9dito \u00e0s fam\u00edlias e pequenas empresas \u2013 Foto: Ag\u00eancia Brasil<\/em><\/p>\t\t\t\t\t\t<\/div>\n\t\t\t\t<\/div>\n\t\t\t\t\t<\/div>\n\t\t<\/div>\n\t\t\t\t\t\t\t<\/div>\n\t\t<\/section>\n\t\t\t\t<section class=\"elementor-section elementor-top-section elementor-element elementor-element-d90ef5d elementor-section-boxed elementor-section-height-default elementor-section-height-default\" data-id=\"d90ef5d\" data-element_type=\"section\">\n\t\t\t\t\t\t<div class=\"elementor-container elementor-column-gap-default\">\n\t\t\t\t\t<div class=\"elementor-column elementor-col-100 elementor-top-column elementor-element elementor-element-c721725\" data-id=\"c721725\" data-element_type=\"column\">\n\t\t\t<div class=\"elementor-widget-wrap elementor-element-populated\">\n\t\t\t\t\t\t\t\t<div class=\"elementor-element elementor-element-f5d8192 elementor-widget elementor-widget-text-editor\" data-id=\"f5d8192\" data-element_type=\"widget\" data-widget_type=\"text-editor.default\">\n\t\t\t\t<div class=\"elementor-widget-container\">\n\t\t\t\t\t\t\t<p>Conforme not\u00edcia da<a href=\"https:\/\/www.cnnbrasil.com.br\/\" target=\"_blank\" rel=\"noopener\"><strong>\u00a0CNN<\/strong><\/a>, o Comit\u00ea de Pol\u00edtica Monet\u00e1ria (Copom) do Banco Central do Brasil (BC) decidiu por manter a taxa b\u00e1sica de juros em 13,75% ao ano, conforme expectativa do mercado, por\u00e9m em meio a press\u00f5es de governos, empres\u00e1rios e entidades representantes dos setores produtivos para que se inicie o ciclo de fim do aperto monet\u00e1rio.<\/p><p>Esta \u00e9 a s\u00e9tima vez seguida que o Comit\u00ea decide pela manuten\u00e7\u00e3o da taxa. Assim, o patamar de juros no pa\u00eds continua no maior n\u00edvel desde dezembro de 2016.<\/p><p>Era un\u00e2nime a expectativa entre economistas de que o colegiado deve, novamente, manter a Selic nos mesmos 13,75% ao ano em que est\u00e1 atualmente. Para uma grande parte dos especialistas, por\u00e9m, esta ser\u00e1 a \u00faltima vez.<\/p><p>\u00c9 cada vez mais dominante a ala que acredita que o BC j\u00e1 deve come\u00e7ar a cortar os juros a partir de seu pr\u00f3ximo encontro, no in\u00edcio de agosto.<\/p>\t\t\t\t\t\t<\/div>\n\t\t\t\t<\/div>\n\t\t\t\t\t<\/div>\n\t\t<\/div>\n\t\t\t\t\t\t\t<\/div>\n\t\t<\/section>\n\t\t\t\t<section class=\"elementor-section elementor-top-section elementor-element elementor-element-2816d2f elementor-section-boxed elementor-section-height-default elementor-section-height-default\" data-id=\"2816d2f\" data-element_type=\"section\">\n\t\t\t\t\t\t<div class=\"elementor-container elementor-column-gap-default\">\n\t\t\t\t\t<div class=\"elementor-column elementor-col-100 elementor-top-column elementor-element elementor-element-ed53ca6\" data-id=\"ed53ca6\" data-element_type=\"column\">\n\t\t\t<div class=\"elementor-widget-wrap elementor-element-populated\">\n\t\t\t\t\t\t\t\t<div class=\"elementor-element elementor-element-ff4f171 elementor-widget elementor-widget-text-editor\" data-id=\"ff4f171\" data-element_type=\"widget\" data-widget_type=\"text-editor.default\">\n\t\t\t\t<div class=\"elementor-widget-container\">\n\t\t\t\t\t\t\t<h1><span style=\"text-decoration: underline;\"><strong>For\u00e7a Sindical protesta<\/strong><\/span><\/h1>\t\t\t\t\t\t<\/div>\n\t\t\t\t<\/div>\n\t\t\t\t\t<\/div>\n\t\t<\/div>\n\t\t\t\t\t\t\t<\/div>\n\t\t<\/section>\n\t\t\t\t<section class=\"elementor-section elementor-top-section elementor-element elementor-element-071798c elementor-section-boxed elementor-section-height-default elementor-section-height-default\" data-id=\"071798c\" data-element_type=\"section\">\n\t\t\t\t\t\t<div class=\"elementor-container elementor-column-gap-default\">\n\t\t\t\t\t<div class=\"elementor-column elementor-col-100 elementor-top-column elementor-element elementor-element-76c7a51\" data-id=\"76c7a51\" data-element_type=\"column\">\n\t\t\t<div class=\"elementor-widget-wrap elementor-element-populated\">\n\t\t\t\t\t\t\t\t<div class=\"elementor-element elementor-element-40db311 elementor-widget elementor-widget-image\" data-id=\"40db311\" data-element_type=\"widget\" data-widget_type=\"image.default\">\n\t\t\t\t<div class=\"elementor-widget-container\">\n\t\t\t\t\t\t\t\t\t\t\t\t\t\t\t<img loading=\"lazy\" decoding=\"async\" width=\"1024\" height=\"768\" src=\"https:\/\/quimicositapetininga.org.br\/wp-content\/uploads\/2023\/06\/52762344451_364f535795_h-1024x768-1.jpg\" class=\"attachment-large size-large\" alt=\"\" \/>\t\t\t\t\t\t\t\t\t\t\t\t\t\t\t<\/div>\n\t\t\t\t<\/div>\n\t\t\t\t\t<\/div>\n\t\t<\/div>\n\t\t\t\t\t\t\t<\/div>\n\t\t<\/section>\n\t\t\t\t<section class=\"elementor-section elementor-top-section elementor-element elementor-element-17b9b56 elementor-section-boxed elementor-section-height-default elementor-section-height-default\" data-id=\"17b9b56\" data-element_type=\"section\">\n\t\t\t\t\t\t<div class=\"elementor-container elementor-column-gap-default\">\n\t\t\t\t\t<div class=\"elementor-column elementor-col-100 elementor-top-column elementor-element elementor-element-f2bde5c\" data-id=\"f2bde5c\" data-element_type=\"column\">\n\t\t\t<div class=\"elementor-widget-wrap elementor-element-populated\">\n\t\t\t\t\t\t\t\t<div class=\"elementor-element elementor-element-66bc10b elementor-widget elementor-widget-text-editor\" data-id=\"66bc10b\" data-element_type=\"widget\" data-widget_type=\"text-editor.default\">\n\t\t\t\t<div class=\"elementor-widget-container\">\n\t\t\t\t\t\t\t<h3>Confira Nota da For\u00e7a Sindical<\/h3><p><em><strong>Decis\u00e3o Desastrosa<\/strong><\/em><\/p><p><em>A decis\u00e3o do Copom (Comit\u00ea de Pol\u00edtica Econ\u00f4mica) \u00e9 um desastre para a economia brasileira. Infelizmente, o Brasil continua com uma das maiores taxa de juros do mundo. Infelizmente, continuamos com uma absurda Taxa B\u00e1sica de 13,75%.a.a..<\/em><\/p><p><em>O aperto monet\u00e1rio do Banco Central est\u00e1 asfixiando n\u00e3o s\u00f3 a atividade econ\u00f4mica e a ind\u00fastria, mas tamb\u00e9m o consumo das fam\u00edlias, a produ\u00e7\u00e3o e a gera\u00e7\u00e3o de novos postos de trabalho.<\/em><\/p><p><em>Essa pol\u00edtica derruba a atividade econ\u00f4mica, deteriora o mercado de trabalho e a renda, aumenta o desemprego e diminui a capacidade de consumo das fam\u00edlias e, mais, reduz a confian\u00e7a e os investimentos dos empres\u00e1rios, o que compromete a capacidade de crescimento econ\u00f4mico futuro.<\/em><\/p><p><em>O movimento sindical brasileiro quer que o Comit\u00ea de Pol\u00edtica Monet\u00e1ria (Copom) reduza urgentemente a taxa b\u00e1sica de juros. Exortamos o Banco Central, a quem o Copom \u00e9 subordinado, a considerar outros fatores ao redor e repensar a estrutura do sistema de metas, extremamente conservadora.<\/em><\/p><p><em>Os trabalhadores cobram agilidade e redu\u00e7\u00f5es eficazes dos juros para facilitar o crescimento da economia e para reduzir a d\u00edvida p\u00fablica, estimular a produ\u00e7\u00e3o industrial \u2013 que se encontra estagnada \u2013, aumentar o consumo e gerar empregos de qualidade.<\/em><\/p><p><em>S\u00e3o Paulo,21 de junho de 2023<\/em><\/p><p><strong><em>Miguel Torres<\/em><\/strong><br \/><strong><em>Presidente da For\u00e7a Sindical<\/em><\/strong><\/p>\t\t\t\t\t\t<\/div>\n\t\t\t\t<\/div>\n\t\t\t\t\t<\/div>\n\t\t<\/div>\n\t\t\t\t\t\t\t<\/div>\n\t\t<\/section>\n\t\t\t\t<section class=\"elementor-section elementor-top-section elementor-element elementor-element-5677fff elementor-section-boxed elementor-section-height-default elementor-section-height-default\" data-id=\"5677fff\" data-element_type=\"section\">\n\t\t\t\t\t\t<div class=\"elementor-container elementor-column-gap-default\">\n\t\t\t\t\t<div class=\"elementor-column elementor-col-100 elementor-top-column elementor-element elementor-element-674156a\" data-id=\"674156a\" data-element_type=\"column\">\n\t\t\t<div class=\"elementor-widget-wrap elementor-element-populated\">\n\t\t\t\t\t\t\t\t<div class=\"elementor-element elementor-element-465c1be elementor-widget elementor-widget-text-editor\" data-id=\"465c1be\" data-element_type=\"widget\" data-widget_type=\"text-editor.default\">\n\t\t\t\t<div class=\"elementor-widget-container\">\n\t\t\t\t\t\t\t<h1><span style=\"text-decoration: underline;\"><strong>CUT lan\u00e7a nota protestando contra decis\u00e3o do Banco Central<\/strong><\/span><\/h1>\t\t\t\t\t\t<\/div>\n\t\t\t\t<\/div>\n\t\t\t\t\t<\/div>\n\t\t<\/div>\n\t\t\t\t\t\t\t<\/div>\n\t\t<\/section>\n\t\t\t\t<section class=\"elementor-section elementor-top-section elementor-element elementor-element-58a4639 elementor-section-boxed elementor-section-height-default elementor-section-height-default\" data-id=\"58a4639\" data-element_type=\"section\">\n\t\t\t\t\t\t<div class=\"elementor-container elementor-column-gap-default\">\n\t\t\t\t\t<div class=\"elementor-column elementor-col-100 elementor-top-column elementor-element elementor-element-dfd65b8\" data-id=\"dfd65b8\" data-element_type=\"column\">\n\t\t\t<div class=\"elementor-widget-wrap elementor-element-populated\">\n\t\t\t\t\t\t\t\t<div class=\"elementor-element elementor-element-c532ef9 elementor-widget elementor-widget-image\" data-id=\"c532ef9\" data-element_type=\"widget\" data-widget_type=\"image.default\">\n\t\t\t\t<div class=\"elementor-widget-container\">\n\t\t\t\t\t\t\t\t\t\t\t\t\t\t\t<img loading=\"lazy\" decoding=\"async\" width=\"768\" height=\"502\" src=\"https:\/\/quimicositapetininga.org.br\/wp-content\/uploads\/2023\/06\/cut-protesta-contra-juros-768x502-1.jpeg\" class=\"attachment-large size-large\" alt=\"\" \/>\t\t\t\t\t\t\t\t\t\t\t\t\t\t\t<\/div>\n\t\t\t\t<\/div>\n\t\t\t\t\t<\/div>\n\t\t<\/div>\n\t\t\t\t\t\t\t<\/div>\n\t\t<\/section>\n\t\t\t\t<section class=\"elementor-section elementor-top-section elementor-element elementor-element-9e2849a elementor-section-boxed elementor-section-height-default elementor-section-height-default\" data-id=\"9e2849a\" data-element_type=\"section\">\n\t\t\t\t\t\t<div class=\"elementor-container elementor-column-gap-default\">\n\t\t\t\t\t<div class=\"elementor-column elementor-col-100 elementor-top-column elementor-element elementor-element-4f1163a\" data-id=\"4f1163a\" data-element_type=\"column\">\n\t\t\t<div class=\"elementor-widget-wrap elementor-element-populated\">\n\t\t\t\t\t\t\t\t<div class=\"elementor-element elementor-element-906ea4b elementor-widget elementor-widget-text-editor\" data-id=\"906ea4b\" data-element_type=\"widget\" data-widget_type=\"text-editor.default\">\n\t\t\t\t<div class=\"elementor-widget-container\">\n\t\t\t\t\t\t\t<p><strong>Confira \u00edntegra<\/strong><\/p><p><em>Nota da CUT sobre manuten\u00e7\u00e3o da taxa de juros<\/em><\/p><p><em>Senado precisa agir: o Brasil est\u00e1 sendo boicotado<\/em><\/p><p><em>A decis\u00e3o do Copom (Comit\u00ea de Pol\u00edtica Monet\u00e1ria) do Banco Central de manter a taxa b\u00e1sica de juros, a Selic, em extorsivos 13,75%, mesmo diante de um cen\u00e1rio de queda da infla\u00e7\u00e3o e melhoria dos indicadores macroecon\u00f4micos \u00e9 um atentado ao esfor\u00e7o do governo para a reconstru\u00e7\u00e3o do Brasil.<\/em><\/p><p><em>A autonomia do Banco Central e a manuten\u00e7\u00e3o de Roberto Campos Neto, um agente do ent\u00e3o governo Bolsonaro, como presidente dessa institui\u00e7\u00e3o essencial \u00e0 regula\u00e7\u00e3o macroecon\u00f4mica, beneficiam a minoria de especuladores e rentistas, em preju\u00edzo da classe trabalhadora, quem produz, comercializa, presta servi\u00e7os, enfim, da maioria da popula\u00e7\u00e3o, que n\u00e3o aguentam as altas taxas de juros praticadas do Brasil.<\/em><\/p><p><em>A manuten\u00e7\u00e3o da taxa Selic obriga o governo a gastar mais na negocia\u00e7\u00e3o dos t\u00edtulos p\u00fablicos federais. Mant\u00ea-la alta, desnecessariamente, prejudica o investimento produtivo e a gera\u00e7\u00e3o de emprego e renda. Faz o governo gastar bilh\u00f5es com juros e ficar com menos recursos para investir em sa\u00fade, educa\u00e7\u00e3o, desenvolvimento cient\u00edfico, moradia, obras e fomentar o investimento produtivo.<\/em><\/p><p><em>Os investidores, por sua vez, preferem a especula\u00e7\u00e3o, com a qual conseguem ganhar muito fazendo pouco, e deixam de investir na produ\u00e7\u00e3o, com\u00e9rcio e servi\u00e7os, ou seja, impedem o pa\u00eds de gerar empregos.<\/em><\/p><p><em>As altas taxas de juros aumentam os pre\u00e7os, encarecem os empr\u00e9stimos e empurram o consumo para baixo. Reduzem a capacidade de consumo, enfraquecem o com\u00e9rcio e paralisam a produ\u00e7\u00e3o, impactando negativamente nos empregos.<\/em><\/p><p><em>N\u00e3o h\u00e1 porque manter a taxa de juros nesse patamar elevado. A infla\u00e7\u00e3o est\u00e1 sob controle, a valoriza\u00e7\u00e3o do Real perante o d\u00f3lar \u00e9 uma realidade, o governo atua em todas as frentes para reconstruir o Brasil, mas o Banco Central tem agido como um poder \u00e0 parte, na contram\u00e3o da vontade da maioria da popula\u00e7\u00e3o e dos poderes constitucionais e das reais necessidades de um pa\u00eds em reconstru\u00e7\u00e3o.<\/em><\/p><p><em>A CUT em unidade com as demais Centrais Sindicais foram para as portas do Banco Central, em capitais em todo o pa\u00eds, nesta quarta-feira (20), denunciar os juros extorsivos e pressionar pela redu\u00e7\u00e3o da taxa. Com a injustific\u00e1vel e inaceit\u00e1vel manuten\u00e7\u00e3o da Selic, a press\u00e3o agora ser\u00e1 sobre o Senado, para que retire da presid\u00eancia do Banco Central um homem que, deliberadamente, prejudica o Brasil, que faz oposi\u00e7\u00e3o ao governo a partir de uma institui\u00e7\u00e3o essencial para o crescimento econ\u00f4mico sustent\u00e1vel do pa\u00eds, com gera\u00e7\u00e3o de emprego e renda.<\/em><\/p><p><em>A lei de autonomia do BC, definida pela Lei Complementar n\u00ba 179\/2021, prev\u00ea que o presidente do Banco Central pode ser substitu\u00eddo se for considerado inapto para cumprir com os objetivos do BC ou se renunciar. Em caso de demiss\u00e3o, \u00e9 necess\u00e1rio o aval do Senado Federal. Campos Neto tem se demonstrado inapto, o que exige a\u00e7\u00e3o do Senado.<\/em><\/p><p><em>A Central \u00danica dos Trabalhadores manifesta, mais uma vez, seu veemente rep\u00fadio a essa postura inaceit\u00e1vel do Banco Central e conclama toda a sua base, todas as organiza\u00e7\u00f5es da sociedade brasileira e poderes constitu\u00eddos para que solicitem que o Senado Federal tome as medidas cab\u00edveis para retirar da presid\u00eancia do BC um inimigo do Brasil.<\/em><\/p><p><em>Somos fortes. Somos CUT.<\/em><\/p><p><em>S\u00e3o Paulo, 21 de junho de 2023<\/em><\/p><p><strong><em>Dire\u00e7\u00e3o Nacional da CUr<\/em><\/strong><\/p>\t\t\t\t\t\t<\/div>\n\t\t\t\t<\/div>\n\t\t\t\t\t<\/div>\n\t\t<\/div>\n\t\t\t\t\t\t\t<\/div>\n\t\t<\/section>\n\t\t\t\t<section class=\"elementor-section elementor-top-section elementor-element elementor-element-dd591b9 elementor-section-boxed elementor-section-height-default elementor-section-height-default\" data-id=\"dd591b9\" data-element_type=\"section\">\n\t\t\t\t\t\t<div class=\"elementor-container elementor-column-gap-default\">\n\t\t\t\t\t<div class=\"elementor-column elementor-col-100 elementor-top-column elementor-element elementor-element-f1500f7\" data-id=\"f1500f7\" data-element_type=\"column\">\n\t\t\t<div class=\"elementor-widget-wrap elementor-element-populated\">\n\t\t\t\t\t\t\t\t<div class=\"elementor-element elementor-element-bf7af40 elementor-widget elementor-widget-text-editor\" data-id=\"bf7af40\" data-element_type=\"widget\" data-widget_type=\"text-editor.default\">\n\t\t\t\t<div class=\"elementor-widget-container\">\n\t\t\t\t\t\t\t<h1><span style=\"text-decoration: underline;\"><strong>A UGT afirma: Na contram\u00e3o do desenvolvimento brasileiro BC mant\u00e9m SELIC em dois d\u00edgitos<\/strong><\/span><\/h1>\t\t\t\t\t\t<\/div>\n\t\t\t\t<\/div>\n\t\t\t\t\t<\/div>\n\t\t<\/div>\n\t\t\t\t\t\t\t<\/div>\n\t\t<\/section>\n\t\t\t\t<section class=\"elementor-section elementor-top-section elementor-element elementor-element-135739a elementor-section-boxed elementor-section-height-default elementor-section-height-default\" data-id=\"135739a\" data-element_type=\"section\">\n\t\t\t\t\t\t<div class=\"elementor-container elementor-column-gap-default\">\n\t\t\t\t\t<div class=\"elementor-column elementor-col-100 elementor-top-column elementor-element elementor-element-e09fc22\" data-id=\"e09fc22\" data-element_type=\"column\">\n\t\t\t<div class=\"elementor-widget-wrap elementor-element-populated\">\n\t\t\t\t\t\t\t\t<div class=\"elementor-element elementor-element-f783f4e elementor-widget elementor-widget-image\" data-id=\"f783f4e\" data-element_type=\"widget\" data-widget_type=\"image.default\">\n\t\t\t\t<div class=\"elementor-widget-container\">\n\t\t\t\t\t\t\t\t\t\t\t\t\t\t\t<img loading=\"lazy\" decoding=\"async\" width=\"768\" height=\"512\" src=\"https:\/\/quimicositapetininga.org.br\/wp-content\/uploads\/2023\/06\/ugt-no-protesto-768x512-1.jpg\" class=\"attachment-large size-large\" alt=\"\" \/>\t\t\t\t\t\t\t\t\t\t\t\t\t\t\t<\/div>\n\t\t\t\t<\/div>\n\t\t\t\t\t<\/div>\n\t\t<\/div>\n\t\t\t\t\t\t\t<\/div>\n\t\t<\/section>\n\t\t\t\t<section class=\"elementor-section elementor-top-section elementor-element elementor-element-244af5d elementor-section-boxed elementor-section-height-default elementor-section-height-default\" data-id=\"244af5d\" data-element_type=\"section\">\n\t\t\t\t\t\t<div class=\"elementor-container elementor-column-gap-default\">\n\t\t\t\t\t<div class=\"elementor-column elementor-col-100 elementor-top-column elementor-element elementor-element-021f844\" data-id=\"021f844\" data-element_type=\"column\">\n\t\t\t<div class=\"elementor-widget-wrap elementor-element-populated\">\n\t\t\t\t\t\t\t\t<div class=\"elementor-element elementor-element-1defedd elementor-widget elementor-widget-text-editor\" data-id=\"1defedd\" data-element_type=\"widget\" data-widget_type=\"text-editor.default\">\n\t\t\t\t<div class=\"elementor-widget-container\">\n\t\t\t\t\t\t\t<p><em><strong>Confira \u00edntegra da nota<\/strong><\/em><\/p><p><em><strong>Na contram\u00e3o do desenvolvimento brasileiro BC mant\u00e9m SELIC em dois d\u00edgitos<\/strong><\/em><\/p><p><em>O Brasil est\u00e1 no rumo do desenvolvimento e, para que essa condi\u00e7\u00e3o acelere e se fortale\u00e7a cada vez mais, \u00e9 preciso que a taxa de juros do Pa\u00eds seja condizente com a realidade da nossa popula\u00e7\u00e3o.<\/em><\/p><p><em>Precisamos, urgentemente, que trabalhe a pleno vapor a engrenagem que faz girar a roda da economia, para aumentar a gera\u00e7\u00e3o de emprego e renda para todos e todas.<\/em><\/p><p><em>\u00c9 um absurdo o Banco Central adotar pol\u00edticas que travem o desenvolvimento do pa\u00eds, pois a taxa de juros em dois d\u00edgitos, desde fevereiro de 2022, vem trazendo graves consequ\u00eancias para o Brasil.<\/em><\/p><p><em>A popula\u00e7\u00e3o j\u00e1 n\u00e3o suporta mais a desculpa adotada para manter essa pol\u00edtica p\u00edfia, que \u00e9 o de controle da infla\u00e7\u00e3o. Um pretexto injustific\u00e1vel diante dos indicadores econ\u00f4micos que, h\u00e1 meses, apontam uma estagna\u00e7\u00e3o severa da economia com picos de defla\u00e7\u00e3o.<\/em><\/p><p><em>O brasileiro e a brasileira est\u00e3o endividados, os (as) empres\u00e1rios (as) n\u00e3o est\u00e3o investindo, lojas est\u00e3o fechando com estoques cheios, mesmo assim o Banco Central insiste com essa pol\u00edtica nefasta.<\/em><\/p><p><em>\u00c9 preciso dar um basta e rever essa condi\u00e7\u00e3o imediatamente!<\/em><\/p><p><em>S\u00e3o Paulo, 21 de junho de 2023<\/em><\/p><p><strong><em>Ricardo Patah<\/em><\/strong><br \/><strong><em>Presidente da UGT (Uni\u00e3o Geral dos Trabalhadores)<\/em><\/strong><\/p>\t\t\t\t\t\t<\/div>\n\t\t\t\t<\/div>\n\t\t\t\t\t<\/div>\n\t\t<\/div>\n\t\t\t\t\t\t\t<\/div>\n\t\t<\/section>\n\t\t\t\t<section class=\"elementor-section elementor-top-section elementor-element elementor-element-3b9ff22 elementor-section-boxed elementor-section-height-default elementor-section-height-default\" data-id=\"3b9ff22\" data-element_type=\"section\">\n\t\t\t\t\t\t<div class=\"elementor-container elementor-column-gap-default\">\n\t\t\t\t\t<div class=\"elementor-column elementor-col-100 elementor-top-column elementor-element elementor-element-4a48de8\" data-id=\"4a48de8\" data-element_type=\"column\">\n\t\t\t<div class=\"elementor-widget-wrap elementor-element-populated\">\n\t\t\t\t\t\t\t\t<div class=\"elementor-element elementor-element-f4a519b elementor-widget elementor-widget-text-editor\" data-id=\"f4a519b\" data-element_type=\"widget\" data-widget_type=\"text-editor.default\">\n\t\t\t\t<div class=\"elementor-widget-container\">\n\t\t\t\t\t\t\t<h1><span style=\"text-decoration: underline;\">CSB (Central de Sindicatos Brasileiros) protestou pelo Twitter<\/span><\/h1><p><em><strong>Confira a \u00edntegra da nota:<\/strong><\/em><\/p>\t\t\t\t\t\t<\/div>\n\t\t\t\t<\/div>\n\t\t\t\t\t<\/div>\n\t\t<\/div>\n\t\t\t\t\t\t\t<\/div>\n\t\t<\/section>\n\t\t\t\t<section class=\"elementor-section elementor-top-section elementor-element elementor-element-8661374 elementor-section-boxed elementor-section-height-default elementor-section-height-default\" data-id=\"8661374\" data-element_type=\"section\">\n\t\t\t\t\t\t<div class=\"elementor-container elementor-column-gap-default\">\n\t\t\t\t\t<div class=\"elementor-column elementor-col-100 elementor-top-column elementor-element elementor-element-cb1b221\" data-id=\"cb1b221\" data-element_type=\"column\">\n\t\t\t<div class=\"elementor-widget-wrap elementor-element-populated\">\n\t\t\t\t\t\t\t\t<div class=\"elementor-element elementor-element-be00ea2 elementor-widget elementor-widget-button\" data-id=\"be00ea2\" data-element_type=\"widget\" data-widget_type=\"button.default\">\n\t\t\t\t<div class=\"elementor-widget-container\">\n\t\t\t\t\t<div class=\"elementor-button-wrapper\">\n\t\t\t<a href=\"https:\/\/twitter.com\/antonionetopdt\/status\/1671648673946562561?ref_src=twsrc%5Etfw%7Ctwcamp%5Etweetembed%7Ctwterm%5E1671648673946562561%7Ctwgr%5E036a883df425a33a57e997ce64cc9108d61a4552%7Ctwcon%5Es1_&#038;ref_url=https%3A%2F%2Fradiopeaobrasil.com.br%2Fbanco-central-mantem-taxa-de-juros-em-1375-ao-ano-central-sindical-protesta%2F\" class=\"elementor-button-link elementor-button elementor-size-xs\" role=\"button\">\n\t\t\t\t\t\t<span class=\"elementor-button-content-wrapper\">\n\t\t\t\t\t\t<span class=\"elementor-button-text\">Tweet Antonio Neto<\/span>\n\t\t<\/span>\n\t\t\t\t\t<\/a>\n\t\t<\/div>\n\t\t\t\t<\/div>\n\t\t\t\t<\/div>\n\t\t\t\t\t<\/div>\n\t\t<\/div>\n\t\t\t\t\t\t\t<\/div>\n\t\t<\/section>\n\t\t\t\t\t\t<\/div>\n\t\t\t\t\t<\/div>\n\t\t","protected":false},"excerpt":{"rendered":"<p>Banco Central mant\u00e9m taxa de juros em 13,75% ao ano; centrais protestam BC atua para proteger a \u201cciranda financeira\u201d, em vez de garantir cr\u00e9dito \u00e0s fam\u00edlias e pequenas empresas \u2013 Foto: Ag\u00eancia Brasil Conforme not\u00edcia da\u00a0CNN, o Comit\u00ea de Pol\u00edtica Monet\u00e1ria (Copom) do Banco Central do Brasil (BC) decidiu por manter a taxa b\u00e1sica de [&hellip;]<\/p>\n","protected":false},"author":1,"featured_media":0,"comment_status":"closed","ping_status":"closed","sticky":false,"template":"elementor_canvas","format":"standard","meta":{"footnotes":""},"categories":[14],"tags":[],"_links":{"self":[{"href":"https:\/\/quimicositapetininga.org.br\/index.php?rest_route=\/wp\/v2\/posts\/1679"}],"collection":[{"href":"https:\/\/quimicositapetininga.org.br\/index.php?rest_route=\/wp\/v2\/posts"}],"about":[{"href":"https:\/\/quimicositapetininga.org.br\/index.php?rest_route=\/wp\/v2\/types\/post"}],"author":[{"embeddable":true,"href":"https:\/\/quimicositapetininga.org.br\/index.php?rest_route=\/wp\/v2\/users\/1"}],"replies":[{"embeddable":true,"href":"https:\/\/quimicositapetininga.org.br\/index.php?rest_route=%2Fwp%2Fv2%2Fcomments&post=1679"}],"version-history":[{"count":7,"href":"https:\/\/quimicositapetininga.org.br\/index.php?rest_route=\/wp\/v2\/posts\/1679\/revisions"}],"predecessor-version":[{"id":1691,"href":"https:\/\/quimicositapetininga.org.br\/index.php?rest_route=\/wp\/v2\/posts\/1679\/revisions\/1691"}],"wp:attachment":[{"href":"https:\/\/quimicositapetininga.org.br\/index.php?rest_route=%2Fwp%2Fv2%2Fmedia&parent=1679"}],"wp:term":[{"taxonomy":"category","embeddable":true,"href":"https:\/\/quimicositapetininga.org.br\/index.php?rest_route=%2Fwp%2Fv2%2Fcategories&post=1679"},{"taxonomy":"post_tag","embeddable":true,"href":"https:\/\/quimicositapetininga.org.br\/index.php?rest_route=%2Fwp%2Fv2%2Ftags&post=1679"}],"curies":[{"name":"wp","href":"https:\/\/api.w.org\/{rel}","templated":true}]}}