{"id":1672,"date":"2023-06-20T23:09:56","date_gmt":"2023-06-20T23:09:56","guid":{"rendered":"https:\/\/quimicositapetininga.org.br\/?p=1672"},"modified":"2023-06-20T23:14:21","modified_gmt":"2023-06-20T23:14:21","slug":"quimicos-da-forca-protestam-contra-juros-altos-2","status":"publish","type":"post","link":"https:\/\/quimicositapetininga.org.br\/?p=1672","title":{"rendered":"Qu\u00edmicos da For\u00e7a protestam contra juros altos"},"content":{"rendered":"\t\t<div data-elementor-type=\"wp-post\" data-elementor-id=\"1672\" class=\"elementor elementor-1672\" data-elementor-settings=\"[]\">\n\t\t\t\t\t\t\t<div class=\"elementor-section-wrap\">\n\t\t\t\t\t\t\t<section class=\"elementor-section elementor-top-section elementor-element elementor-element-d3b2cb2 elementor-section-boxed elementor-section-height-default elementor-section-height-default\" data-id=\"d3b2cb2\" data-element_type=\"section\">\n\t\t\t\t\t\t<div class=\"elementor-container elementor-column-gap-default\">\n\t\t\t\t\t<div class=\"elementor-column elementor-col-100 elementor-top-column elementor-element elementor-element-5125576\" data-id=\"5125576\" data-element_type=\"column\">\n\t\t\t<div class=\"elementor-widget-wrap elementor-element-populated\">\n\t\t\t\t\t\t\t\t<div class=\"elementor-element elementor-element-8f84440 elementor-widget elementor-widget-heading\" data-id=\"8f84440\" data-element_type=\"widget\" data-widget_type=\"heading.default\">\n\t\t\t\t<div class=\"elementor-widget-container\">\n\t\t\t<style>\/*! elementor - v3.5.3 - 28-12-2021 *\/\n.elementor-heading-title{padding:0;margin:0;line-height:1}.elementor-widget-heading .elementor-heading-title[class*=elementor-size-]>a{color:inherit;font-size:inherit;line-height:inherit}.elementor-widget-heading .elementor-heading-title.elementor-size-small{font-size:15px}.elementor-widget-heading .elementor-heading-title.elementor-size-medium{font-size:19px}.elementor-widget-heading .elementor-heading-title.elementor-size-large{font-size:29px}.elementor-widget-heading .elementor-heading-title.elementor-size-xl{font-size:39px}.elementor-widget-heading .elementor-heading-title.elementor-size-xxl{font-size:59px}<\/style><h2 class=\"elementor-heading-title elementor-size-default\"><h1 class=\"entry-title\" style=\"font-size: 41px; margin-bottom: 7px; font-family: Roboto, sans-serif; color: rgb(17, 17, 17); font-weight: 400; line-height: 50px; overflow-wrap: break-word; font-style: normal; font-variant-ligatures: normal; font-variant-caps: normal; letter-spacing: normal; white-space-collapse: collapse;\">Qu\u00edmicos da For\u00e7a protestam contra juros altos<\/h1><\/h2>\t\t<\/div>\n\t\t\t\t<\/div>\n\t\t\t\t\t<\/div>\n\t\t<\/div>\n\t\t\t\t\t\t\t<\/div>\n\t\t<\/section>\n\t\t\t\t<section class=\"elementor-section elementor-top-section elementor-element elementor-element-fd984bb elementor-section-boxed elementor-section-height-default elementor-section-height-default\" data-id=\"fd984bb\" data-element_type=\"section\">\n\t\t\t\t\t\t<div class=\"elementor-container elementor-column-gap-default\">\n\t\t\t\t\t<div class=\"elementor-column elementor-col-100 elementor-top-column elementor-element elementor-element-5f47d65\" data-id=\"5f47d65\" data-element_type=\"column\">\n\t\t\t<div class=\"elementor-widget-wrap elementor-element-populated\">\n\t\t\t\t\t\t\t\t<div class=\"elementor-element elementor-element-c0489cb elementor-widget elementor-widget-image\" data-id=\"c0489cb\" data-element_type=\"widget\" data-widget_type=\"image.default\">\n\t\t\t\t<div class=\"elementor-widget-container\">\n\t\t\t<style>\/*! elementor - v3.5.3 - 28-12-2021 *\/\n.elementor-widget-image{text-align:center}.elementor-widget-image a{display:inline-block}.elementor-widget-image a img[src$=\".svg\"]{width:48px}.elementor-widget-image img{vertical-align:middle;display:inline-block}<\/style>\t\t\t\t\t\t\t\t\t\t\t\t<img loading=\"lazy\" decoding=\"async\" width=\"696\" height=\"392\" src=\"https:\/\/quimicositapetininga.org.br\/wp-content\/uploads\/2023\/06\/manifestacao-contra-juros_20-06-2023-4-696x392-1.jpeg\" class=\"attachment-large size-large\" alt=\"\" \/>\t\t\t\t\t\t\t\t\t\t\t\t\t\t\t<\/div>\n\t\t\t\t<\/div>\n\t\t\t\t\t<\/div>\n\t\t<\/div>\n\t\t\t\t\t\t\t<\/div>\n\t\t<\/section>\n\t\t\t\t<section class=\"elementor-section elementor-top-section elementor-element elementor-element-5f9c9c7 elementor-section-boxed elementor-section-height-default elementor-section-height-default\" data-id=\"5f9c9c7\" data-element_type=\"section\">\n\t\t\t\t\t\t<div class=\"elementor-container elementor-column-gap-default\">\n\t\t\t\t\t<div class=\"elementor-column elementor-col-100 elementor-top-column elementor-element elementor-element-6304195\" data-id=\"6304195\" data-element_type=\"column\">\n\t\t\t<div class=\"elementor-widget-wrap elementor-element-populated\">\n\t\t\t\t\t\t\t\t<div class=\"elementor-element elementor-element-800f0e2 elementor-widget elementor-widget-text-editor\" data-id=\"800f0e2\" data-element_type=\"widget\" data-widget_type=\"text-editor.default\">\n\t\t\t\t<div class=\"elementor-widget-container\">\n\t\t\t<style>\/*! elementor - v3.5.3 - 28-12-2021 *\/\n.elementor-widget-text-editor.elementor-drop-cap-view-stacked .elementor-drop-cap{background-color:#818a91;color:#fff}.elementor-widget-text-editor.elementor-drop-cap-view-framed .elementor-drop-cap{color:#818a91;border:3px solid;background-color:transparent}.elementor-widget-text-editor:not(.elementor-drop-cap-view-default) .elementor-drop-cap{margin-top:8px}.elementor-widget-text-editor:not(.elementor-drop-cap-view-default) .elementor-drop-cap-letter{width:1em;height:1em}.elementor-widget-text-editor .elementor-drop-cap{float:left;text-align:center;line-height:1;font-size:50px}.elementor-widget-text-editor .elementor-drop-cap-letter{display:inline-block}<\/style>\t\t\t\t<p style=\"font-family: Verdana, Geneva, sans-serif; font-size: 15px; line-height: 26px; margin-bottom: 26px; color: #222222; font-style: normal; font-variant-ligatures: normal; font-variant-caps: normal; font-weight: 400;\">Lideran\u00e7as da FEQUIMFAR e Sindicatos filiados fortaleceram hoje manifesta\u00e7\u00e3o organizada pelas Centrais Sindicais contra a atual pol\u00edtica do Banco Central. Atualmente, o BC \u00e9 comandado por Campos Neto, que mant\u00e9m a Taxa Selic em 13,75% ao ano, inibindo o investimento na produ\u00e7\u00e3o e a gera\u00e7\u00e3o de empregos.<\/p><p style=\"font-family: Verdana, Geneva, sans-serif; font-size: 15px; line-height: 26px; margin-bottom: 26px; color: #222222; font-style: normal; font-variant-ligatures: normal; font-variant-caps: normal; font-weight: 400;\">Para Jurandir Pedro de Souza, diretor financeiro da FEQUIMFAR e presidente do Sindicato dos Qu\u00edmicos de Itapetininga e Regi\u00e3o, combater os juros elevados no Brasil \u00e9 fundamental para o desenvolvimento econ\u00f4mico. \u201cJuros altos contribuem com a desigualdade no pa\u00eds, portanto \u00e9 necess\u00e1rio adotar medidas para reduzir as taxas de juros e estimular o crescimento econ\u00f4mico, com gera\u00e7\u00e3o de empregos com direitos\u201d, disse.<\/p>\t\t\t\t\t\t<\/div>\n\t\t\t\t<\/div>\n\t\t\t\t\t<\/div>\n\t\t<\/div>\n\t\t\t\t\t\t\t<\/div>\n\t\t<\/section>\n\t\t\t\t<section class=\"elementor-section elementor-top-section elementor-element elementor-element-45ebb06 elementor-section-boxed elementor-section-height-default elementor-section-height-default\" data-id=\"45ebb06\" data-element_type=\"section\">\n\t\t\t\t\t\t<div class=\"elementor-container elementor-column-gap-default\">\n\t\t\t\t\t<div class=\"elementor-column elementor-col-100 elementor-top-column elementor-element elementor-element-183f59b\" data-id=\"183f59b\" data-element_type=\"column\">\n\t\t\t<div class=\"elementor-widget-wrap elementor-element-populated\">\n\t\t\t\t\t\t\t\t<div class=\"elementor-element elementor-element-64217da elementor-widget elementor-widget-text-editor\" data-id=\"64217da\" data-element_type=\"widget\" data-widget_type=\"text-editor.default\">\n\t\t\t\t<div class=\"elementor-widget-container\">\n\t\t\t\t\t\t\t<p style=\"font-family: Verdana, Geneva, sans-serif; font-size: 15px; line-height: 26px; margin-bottom: 26px; color: #222222; font-style: normal; font-variant-ligatures: normal; font-variant-caps: normal; font-weight: 400;\">O ato das centrais sindicais For\u00e7a Sindical, CUT, CTB, UGT, CSB, NCST, Intersindical e P\u00fablica contra juros altos reuniu centenas de lideran\u00e7as sindicais em frente \u00e0 sede do Banco Central, na avenida Paulista, na regi\u00e3o central da capital.<\/p><p style=\"font-family: Verdana, Geneva, sans-serif; font-size: 15px; line-height: 26px; margin-bottom: 26px; color: #222222; font-style: normal; font-variant-ligatures: normal; font-variant-caps: normal; font-weight: 400;\">O objetivo da manifesta\u00e7\u00e3o, al\u00e9m de sensibilizar a sociedade sobre a necessidade de reduzir os juros, foi exigir a redu\u00e7\u00e3o na taxa b\u00e1sica de juros que atualmente est\u00e1 em 13,75% ao ano, uma das maiores do mundo. Com bandeiras e um carro de som, ocupando a cal\u00e7ada em frente ao edif\u00edcio sede do Banco Central, em S\u00e3o Paulo, os manifestantes alertaram quanto aos riscos de uma taxa de juros t\u00e3o elevada.<\/p><p style=\"font-family: Verdana, Geneva, sans-serif; font-size: 15px; line-height: 26px; margin-bottom: 26px; color: #222222; font-style: normal; font-variant-ligatures: normal; font-variant-caps: normal; font-weight: 400;\">O presidente da For\u00e7a Sindical, Miguel Torres, ressalta que a redu\u00e7\u00e3o dos juros \u00e9 importante para o desenvolvimento e o crescimento do Brasil. \u201cDefendemos a imediata redu\u00e7\u00e3o da taxa de juros e a implementa\u00e7\u00e3o de uma pol\u00edtica que priorize a retomada do investimento, o crescimento da economia e a gera\u00e7\u00e3o de emprego\u201d, diz o l\u00edder sindical.<\/p><p style=\"font-family: Verdana, Geneva, sans-serif; font-size: 15px; line-height: 26px; margin-bottom: 26px; color: #222222; font-style: normal; font-variant-ligatures: normal; font-variant-caps: normal; font-weight: 400;\">Segundo o secret\u00e1rio-geral da For\u00e7a Sindical, Jo\u00e3o Carlos Gon\u00e7alves, a atual taxa b\u00e1sica de juros, de 13,75% ao ano, reduz a oferta de empregos, ao tornar os incentivos no mercado financeiro mais interessantes do que na produ\u00e7\u00e3o. \u201cO trabalhador \u00e9 o maior prejudicado, pois com a taxa de juros alta n\u00e3o h\u00e1 investimento na produ\u00e7\u00e3o e, consequentemente, diminui a oferta de emprego e com juros altos esse trabalhador, mesmo empregado n\u00e3o consegue comprar\u201d, alerta o dirigente sindical ao comentar que o cr\u00e9dito mais caro tamb\u00e9m reduz o poder de compra da popula\u00e7\u00e3o.<\/p><p style=\"font-family: Verdana, Geneva, sans-serif; font-size: 15px; line-height: 26px; margin-bottom: 26px; color: #222222; font-style: normal; font-variant-ligatures: normal; font-variant-caps: normal; font-weight: 400;\">Para o sindicalista, \u00e9 preciso haver um equil\u00edbrio entre a manuten\u00e7\u00e3o da atividade econ\u00f4mica e o controle da infla\u00e7\u00e3o. \u201cCom muita rigidez na quest\u00e3o da infla\u00e7\u00e3o, voc\u00ea acaba tamb\u00e9m levando o pa\u00eds a uma recess\u00e3o. Ent\u00e3o \u00e9 fundamental que os t\u00e9cnicos entendam o momento que estamos passando\u201d, acrescentou.<\/p><p style=\"font-family: Verdana, Geneva, sans-serif; font-size: 15px; line-height: 26px; margin-bottom: 26px; color: #222222; font-style: normal; font-variant-ligatures: normal; font-variant-caps: normal; font-weight: 400;\">A expectativa do mercado financeiro \u00e9 que a Selic encerre 2023 em 12,25% ao ano.<\/p><p style=\"font-family: Verdana, Geneva, sans-serif; font-size: 15px; line-height: 26px; margin-bottom: 26px; color: #222222; font-style: normal; font-variant-ligatures: normal; font-variant-caps: normal; font-weight: 400;\">Fonte: com informa\u00e7\u00f5es da For\u00e7a Sindical.<\/p>\t\t\t\t\t\t<\/div>\n\t\t\t\t<\/div>\n\t\t\t\t\t<\/div>\n\t\t<\/div>\n\t\t\t\t\t\t\t<\/div>\n\t\t<\/section>\n\t\t\t\t<section class=\"elementor-section elementor-top-section elementor-element elementor-element-5e03e92 elementor-section-boxed elementor-section-height-default elementor-section-height-default\" data-id=\"5e03e92\" data-element_type=\"section\">\n\t\t\t\t\t\t<div class=\"elementor-container elementor-column-gap-default\">\n\t\t\t\t\t<div class=\"elementor-column elementor-col-100 elementor-top-column elementor-element elementor-element-6a4dd8a\" data-id=\"6a4dd8a\" data-element_type=\"column\">\n\t\t\t<div class=\"elementor-widget-wrap elementor-element-populated\">\n\t\t\t\t\t\t\t\t<div class=\"elementor-element elementor-element-362a3e7 elementor-widget elementor-widget-text-editor\" data-id=\"362a3e7\" data-element_type=\"widget\" data-widget_type=\"text-editor.default\">\n\t\t\t\t<div class=\"elementor-widget-container\">\n\t\t\t\t\t\t\t<div class=\"td-author-by\" style=\"display: inline; margin-right: 2px; color: #444444; font-family: 'Open Sans', arial, sans-serif; font-size: 11px; font-style: normal; font-variant-ligatures: normal; font-variant-caps: normal; font-weight: 400;\">De: <a style=\"background-color: #ffffff; color: #000000; outline-style: none; outline-width: initial; font-weight: bold; margin-right: 3px; font-family: 'Open Sans', arial, sans-serif; font-size: 11px; font-style: normal; font-variant-ligatures: normal; font-variant-caps: normal;\" href=\"https:\/\/fequimfar.org.br\/author\/amanda\/\">Amanda<\/a><\/div>\t\t\t\t\t\t<\/div>\n\t\t\t\t<\/div>\n\t\t\t\t\t<\/div>\n\t\t<\/div>\n\t\t\t\t\t\t\t<\/div>\n\t\t<\/section>\n\t\t\t\t\t\t<\/div>\n\t\t\t\t\t<\/div>\n\t\t","protected":false},"excerpt":{"rendered":"<p>Qu\u00edmicos da For\u00e7a protestam contra juros altos Lideran\u00e7as da FEQUIMFAR e Sindicatos filiados fortaleceram hoje manifesta\u00e7\u00e3o organizada pelas Centrais Sindicais contra a atual pol\u00edtica do Banco Central. Atualmente, o BC \u00e9 comandado por Campos Neto, que mant\u00e9m a Taxa Selic em 13,75% ao ano, inibindo o investimento na produ\u00e7\u00e3o e a gera\u00e7\u00e3o de empregos. Para [&hellip;]<\/p>\n","protected":false},"author":1,"featured_media":0,"comment_status":"closed","ping_status":"closed","sticky":false,"template":"elementor_canvas","format":"standard","meta":{"footnotes":""},"categories":[15],"tags":[],"_links":{"self":[{"href":"https:\/\/quimicositapetininga.org.br\/index.php?rest_route=\/wp\/v2\/posts\/1672"}],"collection":[{"href":"https:\/\/quimicositapetininga.org.br\/index.php?rest_route=\/wp\/v2\/posts"}],"about":[{"href":"https:\/\/quimicositapetininga.org.br\/index.php?rest_route=\/wp\/v2\/types\/post"}],"author":[{"embeddable":true,"href":"https:\/\/quimicositapetininga.org.br\/index.php?rest_route=\/wp\/v2\/users\/1"}],"replies":[{"embeddable":true,"href":"https:\/\/quimicositapetininga.org.br\/index.php?rest_route=%2Fwp%2Fv2%2Fcomments&post=1672"}],"version-history":[{"count":4,"href":"https:\/\/quimicositapetininga.org.br\/index.php?rest_route=\/wp\/v2\/posts\/1672\/revisions"}],"predecessor-version":[{"id":1678,"href":"https:\/\/quimicositapetininga.org.br\/index.php?rest_route=\/wp\/v2\/posts\/1672\/revisions\/1678"}],"wp:attachment":[{"href":"https:\/\/quimicositapetininga.org.br\/index.php?rest_route=%2Fwp%2Fv2%2Fmedia&parent=1672"}],"wp:term":[{"taxonomy":"category","embeddable":true,"href":"https:\/\/quimicositapetininga.org.br\/index.php?rest_route=%2Fwp%2Fv2%2Fcategories&post=1672"},{"taxonomy":"post_tag","embeddable":true,"href":"https:\/\/quimicositapetininga.org.br\/index.php?rest_route=%2Fwp%2Fv2%2Ftags&post=1672"}],"curies":[{"name":"wp","href":"https:\/\/api.w.org\/{rel}","templated":true}]}}