{"id":1654,"date":"2023-06-14T00:05:41","date_gmt":"2023-06-14T00:05:41","guid":{"rendered":"https:\/\/quimicositapetininga.org.br\/?p=1654"},"modified":"2023-06-14T00:09:16","modified_gmt":"2023-06-14T00:09:16","slug":"simone-tebet-debate-plano-plurianual-com-centrais-sindicais","status":"publish","type":"post","link":"https:\/\/quimicositapetininga.org.br\/?p=1654","title":{"rendered":"Simone Tebet debate Plano Plurianual com Centrais Sindicais"},"content":{"rendered":"\t\t<div data-elementor-type=\"wp-post\" data-elementor-id=\"1654\" class=\"elementor elementor-1654\" data-elementor-settings=\"[]\">\n\t\t\t\t\t\t\t<div class=\"elementor-section-wrap\">\n\t\t\t\t\t\t\t<section class=\"elementor-section elementor-top-section elementor-element elementor-element-81973d3 elementor-section-boxed elementor-section-height-default elementor-section-height-default\" data-id=\"81973d3\" data-element_type=\"section\">\n\t\t\t\t\t\t<div class=\"elementor-container elementor-column-gap-default\">\n\t\t\t\t\t<div class=\"elementor-column elementor-col-100 elementor-top-column elementor-element elementor-element-0956798\" data-id=\"0956798\" data-element_type=\"column\">\n\t\t\t<div class=\"elementor-widget-wrap elementor-element-populated\">\n\t\t\t\t\t\t\t\t<div class=\"elementor-element elementor-element-6f39a35 elementor-widget elementor-widget-heading\" data-id=\"6f39a35\" data-element_type=\"widget\" data-widget_type=\"heading.default\">\n\t\t\t\t<div class=\"elementor-widget-container\">\n\t\t\t<style>\/*! elementor - v3.5.3 - 28-12-2021 *\/\n.elementor-heading-title{padding:0;margin:0;line-height:1}.elementor-widget-heading .elementor-heading-title[class*=elementor-size-]>a{color:inherit;font-size:inherit;line-height:inherit}.elementor-widget-heading .elementor-heading-title.elementor-size-small{font-size:15px}.elementor-widget-heading .elementor-heading-title.elementor-size-medium{font-size:19px}.elementor-widget-heading .elementor-heading-title.elementor-size-large{font-size:29px}.elementor-widget-heading .elementor-heading-title.elementor-size-xl{font-size:39px}.elementor-widget-heading .elementor-heading-title.elementor-size-xxl{font-size:59px}<\/style><h2 class=\"elementor-heading-title elementor-size-default\"><h1 class=\"entry-title\" style=\"font-size: 41px; margin-bottom: 7px; font-family: Roboto, sans-serif; color: rgb(17, 17, 17); font-weight: 400; line-height: 50px; overflow-wrap: break-word; font-style: normal; font-variant-ligatures: normal; font-variant-caps: normal; letter-spacing: normal; white-space-collapse: collapse;\">Simone Tebet debate Plano Plurianual com Centrais Sindicais<\/h1><\/h2>\t\t<\/div>\n\t\t\t\t<\/div>\n\t\t\t\t\t<\/div>\n\t\t<\/div>\n\t\t\t\t\t\t\t<\/div>\n\t\t<\/section>\n\t\t\t\t<section class=\"elementor-section elementor-top-section elementor-element elementor-element-0200a9d elementor-section-boxed elementor-section-height-default elementor-section-height-default\" data-id=\"0200a9d\" data-element_type=\"section\">\n\t\t\t\t\t\t<div class=\"elementor-container elementor-column-gap-default\">\n\t\t\t\t\t<div class=\"elementor-column elementor-col-100 elementor-top-column elementor-element elementor-element-09ea3ac\" data-id=\"09ea3ac\" data-element_type=\"column\">\n\t\t\t<div class=\"elementor-widget-wrap elementor-element-populated\">\n\t\t\t\t\t\t\t\t<div class=\"elementor-element elementor-element-260aa68 elementor-widget elementor-widget-image\" data-id=\"260aa68\" data-element_type=\"widget\" data-widget_type=\"image.default\">\n\t\t\t\t<div class=\"elementor-widget-container\">\n\t\t\t<style>\/*! elementor - v3.5.3 - 28-12-2021 *\/\n.elementor-widget-image{text-align:center}.elementor-widget-image a{display:inline-block}.elementor-widget-image a img[src$=\".svg\"]{width:48px}.elementor-widget-image img{vertical-align:middle;display:inline-block}<\/style>\t\t\t\t\t\t\t\t\t\t\t\t<img loading=\"lazy\" decoding=\"async\" width=\"696\" height=\"522\" src=\"https:\/\/quimicositapetininga.org.br\/wp-content\/uploads\/2023\/06\/simone-tebet-e-centrais_foto-jaelcio-santana_12-06-2023-696x522-1.jpg\" class=\"attachment-large size-large\" alt=\"\" \/>\t\t\t\t\t\t\t\t\t\t\t\t\t\t\t<\/div>\n\t\t\t\t<\/div>\n\t\t\t\t\t<\/div>\n\t\t<\/div>\n\t\t\t\t\t\t\t<\/div>\n\t\t<\/section>\n\t\t\t\t<section class=\"elementor-section elementor-top-section elementor-element elementor-element-e27ba3f elementor-section-boxed elementor-section-height-default elementor-section-height-default\" data-id=\"e27ba3f\" data-element_type=\"section\">\n\t\t\t\t\t\t<div class=\"elementor-container elementor-column-gap-default\">\n\t\t\t\t\t<div class=\"elementor-column elementor-col-100 elementor-top-column elementor-element elementor-element-8115377\" data-id=\"8115377\" data-element_type=\"column\">\n\t\t\t<div class=\"elementor-widget-wrap elementor-element-populated\">\n\t\t\t\t\t\t\t\t<div class=\"elementor-element elementor-element-d1d8079 elementor-widget elementor-widget-text-editor\" data-id=\"d1d8079\" data-element_type=\"widget\" data-widget_type=\"text-editor.default\">\n\t\t\t\t<div class=\"elementor-widget-container\">\n\t\t\t<style>\/*! elementor - v3.5.3 - 28-12-2021 *\/\n.elementor-widget-text-editor.elementor-drop-cap-view-stacked .elementor-drop-cap{background-color:#818a91;color:#fff}.elementor-widget-text-editor.elementor-drop-cap-view-framed .elementor-drop-cap{color:#818a91;border:3px solid;background-color:transparent}.elementor-widget-text-editor:not(.elementor-drop-cap-view-default) .elementor-drop-cap{margin-top:8px}.elementor-widget-text-editor:not(.elementor-drop-cap-view-default) .elementor-drop-cap-letter{width:1em;height:1em}.elementor-widget-text-editor .elementor-drop-cap{float:left;text-align:center;line-height:1;font-size:50px}.elementor-widget-text-editor .elementor-drop-cap-letter{display:inline-block}<\/style>\t\t\t\t<p><em style=\"color: #222222; font-family: Verdana, Geneva, sans-serif; font-size: 15px; font-variant-ligatures: normal; font-variant-caps: normal; font-weight: 400;\"><strong>Lideran\u00e7as da FEQUIMFAR e Sindicatos filiados participaram do encontro promovido pelas Centrais Sindicais a\u00a0ministra de Estado do Planejamento e Or\u00e7amento, Simone Tebet. Durante a plen\u00e1ria sindical, Tebet apresentou as diretrizes do plano plurianual participativo com objetivos e metas do governo.<\/strong><\/em><\/p>\t\t\t\t\t\t<\/div>\n\t\t\t\t<\/div>\n\t\t\t\t\t<\/div>\n\t\t<\/div>\n\t\t\t\t\t\t\t<\/div>\n\t\t<\/section>\n\t\t\t\t<section class=\"elementor-section elementor-top-section elementor-element elementor-element-79680a6 elementor-section-boxed elementor-section-height-default elementor-section-height-default\" data-id=\"79680a6\" data-element_type=\"section\">\n\t\t\t\t\t\t<div class=\"elementor-container elementor-column-gap-default\">\n\t\t\t\t\t<div class=\"elementor-column elementor-col-100 elementor-top-column elementor-element elementor-element-b458203\" data-id=\"b458203\" data-element_type=\"column\">\n\t\t\t<div class=\"elementor-widget-wrap elementor-element-populated\">\n\t\t\t\t\t\t\t\t<div class=\"elementor-element elementor-element-69fc64f elementor-widget elementor-widget-text-editor\" data-id=\"69fc64f\" data-element_type=\"widget\" data-widget_type=\"text-editor.default\">\n\t\t\t\t<div class=\"elementor-widget-container\">\n\t\t\t\t\t\t\t<p>Nesta segunda-feira, 12 de junho, as Centrais Sindicais For\u00e7a Sindical, CUT, UGT, CTB, Nova Central, CSB, Intersindical Central da Classe Trabalhadora e P\u00fablica receberam\u00a0 a ministra do Planejamento e Or\u00e7amento, Simone Tebet, que apresentou as diretrizes do Plano Plurianual (PPA) do governo federal.<\/p><div>Durante o evento, realizado no Sindicato dos Qu\u00edmicos de S\u00e3o Paulo, as lideran\u00e7as sindicais entregaram o documento da Conclat (Confer\u00eancia da Classe Trabalhadora), que cont\u00e9m 63 pontos da agenda dos trabalhadores. \u201cO PPA esta sendo discutido para o Brasil voltar a crescer, gerar empregos e se desenvolver. Esta agenda da classe trabalhadora ir\u00e1 ajudar a fundamentar o PPA\u201d, disse a ministra.<\/div><div>\u00a0<\/div><div>Segundo Tebet, o governo vai ouvir\u00a0 e dialogar com os setores para apresentar o PPA, como proposta de reconstru\u00e7\u00e3o do Brasil, sem deixar para tr\u00e1s os que mais precisam economicamente. \u201cEstamos no debate do Brasil que queremos\u201d, disse. O PPA tem que ser apresentado at\u00e9 o dia 31 de agosto e, ap\u00f3s aprovado pelo Congresso, valer\u00e1 at\u00e9 2027.<\/div><div>\u00a0<\/div><div><div>\u201cO PPA participativo, instrumento que permite \u00e0 sociedade civil opinar direta e efetivamente sobre as propostas do governo para o pa\u00eds voltar a crescer com justi\u00e7a social e distribui\u00e7\u00e3o de renda\u201d, falou o presidente da For\u00e7a Sindical, Miguel Torres. \u201cTemos propostas para a economia, gera\u00e7\u00e3o de empregos e renda\u201d, completa o l\u00edder sindical.<\/div><div>De acordo com Tebet, mais de 18 mil pessoas participaram at\u00e9 agora das plen\u00e1rias do PPA Participativo em 11 estados, enquanto a\u00a0<a href=\"https:\/\/brasilparticipativo.presidencia.gov.br\/\" target=\"_blank\" rel=\"noopener\"><u><strong>Plataforma Brasil Participativo<\/strong><\/u><\/a>\u00a0j\u00e1 re\u00fane mais de 165 mil usu\u00e1rios, 176 mil votos e duas mil propostas. \u201cSer\u00e3o\u00a0 realizadas plen\u00e1rias em todos os 26 estados mais o Distrito Federal\u201d, explica a ministra.<\/div><div>\u00a0<\/div><\/div><div><div>Monica Veloso, vice-presidente da Industrial e da CNTM (Confedera\u00e7\u00e3o Nacional dos Trabalhadores Metal\u00fargicos), lembrou da import\u00e2ncia do di\u00e1logo entre os movimentos sociais e o governo na constru\u00e7\u00e3o de Pa\u00eds voltado para o crescimento e desenvolvimento.<\/div><div>Vale destacar que participaram do encontro centenas de lideran\u00e7as sindicais, entre as quais, os sindicalistas membros do Conselho de Desenvolvimento Econ\u00f4mico e Social (Conselh\u00e3o).<\/div><\/div><div>\u00a0<\/div><div>Fonte: Imprensa da For\u00e7a Sindical.<\/div>\t\t\t\t\t\t<\/div>\n\t\t\t\t<\/div>\n\t\t\t\t\t<\/div>\n\t\t<\/div>\n\t\t\t\t\t\t\t<\/div>\n\t\t<\/section>\n\t\t\t\t\t\t<\/div>\n\t\t\t\t\t<\/div>\n\t\t","protected":false},"excerpt":{"rendered":"<p>Simone Tebet debate Plano Plurianual com Centrais Sindicais Lideran\u00e7as da FEQUIMFAR e Sindicatos filiados participaram do encontro promovido pelas Centrais Sindicais a\u00a0ministra de Estado do Planejamento e Or\u00e7amento, Simone Tebet. Durante a plen\u00e1ria sindical, Tebet apresentou as diretrizes do plano plurianual participativo com objetivos e metas do governo. Nesta segunda-feira, 12 de junho, as Centrais [&hellip;]<\/p>\n","protected":false},"author":1,"featured_media":0,"comment_status":"closed","ping_status":"closed","sticky":false,"template":"elementor_canvas","format":"standard","meta":{"footnotes":""},"categories":[3],"tags":[],"_links":{"self":[{"href":"https:\/\/quimicositapetininga.org.br\/index.php?rest_route=\/wp\/v2\/posts\/1654"}],"collection":[{"href":"https:\/\/quimicositapetininga.org.br\/index.php?rest_route=\/wp\/v2\/posts"}],"about":[{"href":"https:\/\/quimicositapetininga.org.br\/index.php?rest_route=\/wp\/v2\/types\/post"}],"author":[{"embeddable":true,"href":"https:\/\/quimicositapetininga.org.br\/index.php?rest_route=\/wp\/v2\/users\/1"}],"replies":[{"embeddable":true,"href":"https:\/\/quimicositapetininga.org.br\/index.php?rest_route=%2Fwp%2Fv2%2Fcomments&post=1654"}],"version-history":[{"count":4,"href":"https:\/\/quimicositapetininga.org.br\/index.php?rest_route=\/wp\/v2\/posts\/1654\/revisions"}],"predecessor-version":[{"id":1660,"href":"https:\/\/quimicositapetininga.org.br\/index.php?rest_route=\/wp\/v2\/posts\/1654\/revisions\/1660"}],"wp:attachment":[{"href":"https:\/\/quimicositapetininga.org.br\/index.php?rest_route=%2Fwp%2Fv2%2Fmedia&parent=1654"}],"wp:term":[{"taxonomy":"category","embeddable":true,"href":"https:\/\/quimicositapetininga.org.br\/index.php?rest_route=%2Fwp%2Fv2%2Fcategories&post=1654"},{"taxonomy":"post_tag","embeddable":true,"href":"https:\/\/quimicositapetininga.org.br\/index.php?rest_route=%2Fwp%2Fv2%2Ftags&post=1654"}],"curies":[{"name":"wp","href":"https:\/\/api.w.org\/{rel}","templated":true}]}}