{"id":1608,"date":"2023-05-25T02:22:19","date_gmt":"2023-05-25T02:22:19","guid":{"rendered":"https:\/\/quimicositapetininga.org.br\/?p=1608"},"modified":"2023-06-15T23:00:31","modified_gmt":"2023-06-15T23:00:31","slug":"tecnicos-de-seguranca-do-trabalho-avancam-na-luta-com-apoio-da-forca-sindical","status":"publish","type":"post","link":"https:\/\/quimicositapetininga.org.br\/?p=1608","title":{"rendered":"T\u00e9cnicos de Seguran\u00e7a do Trabalho avan\u00e7am na luta com apoio da For\u00e7a Sindical"},"content":{"rendered":"\t\t<div data-elementor-type=\"wp-post\" data-elementor-id=\"1608\" class=\"elementor elementor-1608\" data-elementor-settings=\"[]\">\n\t\t\t\t\t\t\t<div class=\"elementor-section-wrap\">\n\t\t\t\t\t\t\t<section class=\"elementor-section elementor-top-section elementor-element elementor-element-58bd316 elementor-section-boxed elementor-section-height-default elementor-section-height-default\" data-id=\"58bd316\" data-element_type=\"section\">\n\t\t\t\t\t\t<div class=\"elementor-container elementor-column-gap-default\">\n\t\t\t\t\t<div class=\"elementor-column elementor-col-100 elementor-top-column elementor-element elementor-element-40ecc54\" data-id=\"40ecc54\" data-element_type=\"column\">\n\t\t\t<div class=\"elementor-widget-wrap elementor-element-populated\">\n\t\t\t\t\t\t\t\t<div class=\"elementor-element elementor-element-129cae2 elementor-widget elementor-widget-heading\" data-id=\"129cae2\" data-element_type=\"widget\" data-widget_type=\"heading.default\">\n\t\t\t\t<div class=\"elementor-widget-container\">\n\t\t\t<style>\/*! elementor - v3.5.3 - 28-12-2021 *\/\n.elementor-heading-title{padding:0;margin:0;line-height:1}.elementor-widget-heading .elementor-heading-title[class*=elementor-size-]>a{color:inherit;font-size:inherit;line-height:inherit}.elementor-widget-heading .elementor-heading-title.elementor-size-small{font-size:15px}.elementor-widget-heading .elementor-heading-title.elementor-size-medium{font-size:19px}.elementor-widget-heading .elementor-heading-title.elementor-size-large{font-size:29px}.elementor-widget-heading .elementor-heading-title.elementor-size-xl{font-size:39px}.elementor-widget-heading .elementor-heading-title.elementor-size-xxl{font-size:59px}<\/style><h2 class=\"elementor-heading-title elementor-size-xl\">T\u00e9cnicos de Seguran\u00e7a do Trabalho avan\u00e7am na luta com apoio da For\u00e7a Sindical<\/h2>\t\t<\/div>\n\t\t\t\t<\/div>\n\t\t\t\t\t<\/div>\n\t\t<\/div>\n\t\t\t\t\t\t\t<\/div>\n\t\t<\/section>\n\t\t\t\t<section class=\"elementor-section elementor-top-section elementor-element elementor-element-eeee367 elementor-section-boxed elementor-section-height-default elementor-section-height-default\" data-id=\"eeee367\" data-element_type=\"section\">\n\t\t\t\t\t\t<div class=\"elementor-container elementor-column-gap-default\">\n\t\t\t\t\t<div class=\"elementor-column elementor-col-100 elementor-top-column elementor-element elementor-element-4ff17c9\" data-id=\"4ff17c9\" data-element_type=\"column\">\n\t\t\t<div class=\"elementor-widget-wrap elementor-element-populated\">\n\t\t\t\t\t\t\t\t<div class=\"elementor-element elementor-element-eb9757e elementor-widget elementor-widget-image\" data-id=\"eb9757e\" data-element_type=\"widget\" data-widget_type=\"image.default\">\n\t\t\t\t<div class=\"elementor-widget-container\">\n\t\t\t<style>\/*! elementor - v3.5.3 - 28-12-2021 *\/\n.elementor-widget-image{text-align:center}.elementor-widget-image a{display:inline-block}.elementor-widget-image a img[src$=\".svg\"]{width:48px}.elementor-widget-image img{vertical-align:middle;display:inline-block}<\/style>\t\t\t\t\t\t\t\t\t\t\t\t<img loading=\"lazy\" decoding=\"async\" width=\"585\" height=\"290\" src=\"https:\/\/quimicositapetininga.org.br\/wp-content\/uploads\/2023\/05\/37747-whatsapp-image-2023-05-11-at-08-28-57.jpg\" class=\"attachment-large size-large\" alt=\"\" \/>\t\t\t\t\t\t\t\t\t\t\t\t\t\t\t<\/div>\n\t\t\t\t<\/div>\n\t\t\t\t\t<\/div>\n\t\t<\/div>\n\t\t\t\t\t\t\t<\/div>\n\t\t<\/section>\n\t\t\t\t<section class=\"elementor-section elementor-top-section elementor-element elementor-element-9a80df4 elementor-section-boxed elementor-section-height-default elementor-section-height-default\" data-id=\"9a80df4\" data-element_type=\"section\">\n\t\t\t\t\t\t<div class=\"elementor-container elementor-column-gap-default\">\n\t\t\t\t\t<div class=\"elementor-column elementor-col-100 elementor-top-column elementor-element elementor-element-5e8d2fa\" data-id=\"5e8d2fa\" data-element_type=\"column\">\n\t\t\t<div class=\"elementor-widget-wrap elementor-element-populated\">\n\t\t\t\t\t\t\t\t<div class=\"elementor-element elementor-element-efdad27 elementor-widget elementor-widget-text-editor\" data-id=\"efdad27\" data-element_type=\"widget\" data-widget_type=\"text-editor.default\">\n\t\t\t\t<div class=\"elementor-widget-container\">\n\t\t\t<style>\/*! elementor - v3.5.3 - 28-12-2021 *\/\n.elementor-widget-text-editor.elementor-drop-cap-view-stacked .elementor-drop-cap{background-color:#818a91;color:#fff}.elementor-widget-text-editor.elementor-drop-cap-view-framed .elementor-drop-cap{color:#818a91;border:3px solid;background-color:transparent}.elementor-widget-text-editor:not(.elementor-drop-cap-view-default) .elementor-drop-cap{margin-top:8px}.elementor-widget-text-editor:not(.elementor-drop-cap-view-default) .elementor-drop-cap-letter{width:1em;height:1em}.elementor-widget-text-editor .elementor-drop-cap{float:left;text-align:center;line-height:1;font-size:50px}.elementor-widget-text-editor .elementor-drop-cap-letter{display:inline-block}<\/style>\t\t\t\t<p>Armando Henrique, presidente da Associa\u00e7\u00e3o Nacional dos T\u00e9cnicos de Seguran\u00e7a do Trabalho, e Valdizar Albuquerque da Silva, presidente do Sindicato dos T\u00e9cnicos de Seguran\u00e7a do Trabalho no Estado de SP, reuniram-se na quinta, 12 de maio de 2023, com o presidente da For\u00e7a Sindical, Miguel Torres, e com Lu\u00eds Carlos de Oliveira, o Luisinho, Secret\u00e1rio Nacional de Seguran\u00e7a e Sa\u00fade do Trabalhador da For\u00e7a Sindical.<\/p><div>Miguel Torres destaca que os companheiros pediram o apoio da For\u00e7a Sindical para a cria\u00e7\u00e3o e regulamenta\u00e7\u00e3o do Conselho Nacional dos T\u00e9cnicos de Seguran\u00e7a&#8221;. Essa \u00e9 uma antiga reivindica\u00e7\u00e3o da categoria&#8221;, explica Torres que colocou a Central \u00e0 disposi\u00e7\u00e3o para ajudar na cria\u00e7\u00e3o de Departamentos de Sa\u00fade do Trabalhadores nas entidades sindicais filiadas \u00e0 For\u00e7a Sindical, principalmente nas menores.<\/div>\t\t\t\t\t\t<\/div>\n\t\t\t\t<\/div>\n\t\t\t\t\t<\/div>\n\t\t<\/div>\n\t\t\t\t\t\t\t<\/div>\n\t\t<\/section>\n\t\t\t\t\t\t<\/div>\n\t\t\t\t\t<\/div>\n\t\t","protected":false},"excerpt":{"rendered":"<p>T\u00e9cnicos de Seguran\u00e7a do Trabalho avan\u00e7am na luta com apoio da For\u00e7a Sindical Armando Henrique, presidente da Associa\u00e7\u00e3o Nacional dos T\u00e9cnicos de Seguran\u00e7a do Trabalho, e Valdizar Albuquerque da Silva, presidente do Sindicato dos T\u00e9cnicos de Seguran\u00e7a do Trabalho no Estado de SP, reuniram-se na quinta, 12 de maio de 2023, com o presidente da [&hellip;]<\/p>\n","protected":false},"author":1,"featured_media":0,"comment_status":"closed","ping_status":"closed","sticky":false,"template":"elementor_canvas","format":"standard","meta":{"footnotes":""},"categories":[15],"tags":[],"_links":{"self":[{"href":"https:\/\/quimicositapetininga.org.br\/index.php?rest_route=\/wp\/v2\/posts\/1608"}],"collection":[{"href":"https:\/\/quimicositapetininga.org.br\/index.php?rest_route=\/wp\/v2\/posts"}],"about":[{"href":"https:\/\/quimicositapetininga.org.br\/index.php?rest_route=\/wp\/v2\/types\/post"}],"author":[{"embeddable":true,"href":"https:\/\/quimicositapetininga.org.br\/index.php?rest_route=\/wp\/v2\/users\/1"}],"replies":[{"embeddable":true,"href":"https:\/\/quimicositapetininga.org.br\/index.php?rest_route=%2Fwp%2Fv2%2Fcomments&post=1608"}],"version-history":[{"count":4,"href":"https:\/\/quimicositapetininga.org.br\/index.php?rest_route=\/wp\/v2\/posts\/1608\/revisions"}],"predecessor-version":[{"id":1614,"href":"https:\/\/quimicositapetininga.org.br\/index.php?rest_route=\/wp\/v2\/posts\/1608\/revisions\/1614"}],"wp:attachment":[{"href":"https:\/\/quimicositapetininga.org.br\/index.php?rest_route=%2Fwp%2Fv2%2Fmedia&parent=1608"}],"wp:term":[{"taxonomy":"category","embeddable":true,"href":"https:\/\/quimicositapetininga.org.br\/index.php?rest_route=%2Fwp%2Fv2%2Fcategories&post=1608"},{"taxonomy":"post_tag","embeddable":true,"href":"https:\/\/quimicositapetininga.org.br\/index.php?rest_route=%2Fwp%2Fv2%2Ftags&post=1608"}],"curies":[{"name":"wp","href":"https:\/\/api.w.org\/{rel}","templated":true}]}}