{"id":1538,"date":"2023-05-03T03:31:26","date_gmt":"2023-05-03T03:31:26","guid":{"rendered":"https:\/\/quimicositapetininga.org.br\/?p=1538"},"modified":"2023-06-15T23:01:16","modified_gmt":"2023-06-15T23:01:16","slug":"por-que-e-muito-importante-falar-sobre-seguranca-e-saude-no-trabalho","status":"publish","type":"post","link":"https:\/\/quimicositapetininga.org.br\/?p=1538","title":{"rendered":"Por que \u00e9 muito importante falar sobre seguran\u00e7a e sa\u00fade no trabalho"},"content":{"rendered":"\t\t<div data-elementor-type=\"wp-post\" data-elementor-id=\"1538\" class=\"elementor elementor-1538\" data-elementor-settings=\"[]\">\n\t\t\t\t\t\t\t<div class=\"elementor-section-wrap\">\n\t\t\t\t\t\t\t<section class=\"elementor-section elementor-top-section elementor-element elementor-element-166835f elementor-section-boxed elementor-section-height-default elementor-section-height-default\" data-id=\"166835f\" data-element_type=\"section\">\n\t\t\t\t\t\t<div class=\"elementor-container elementor-column-gap-default\">\n\t\t\t\t\t<div class=\"elementor-column elementor-col-100 elementor-top-column elementor-element elementor-element-fa1813c\" data-id=\"fa1813c\" data-element_type=\"column\">\n\t\t\t<div class=\"elementor-widget-wrap elementor-element-populated\">\n\t\t\t\t\t\t\t\t<div class=\"elementor-element elementor-element-915cc04 elementor-widget elementor-widget-heading\" data-id=\"915cc04\" data-element_type=\"widget\" data-widget_type=\"heading.default\">\n\t\t\t\t<div class=\"elementor-widget-container\">\n\t\t\t<style>\/*! elementor - v3.5.3 - 28-12-2021 *\/\n.elementor-heading-title{padding:0;margin:0;line-height:1}.elementor-widget-heading .elementor-heading-title[class*=elementor-size-]>a{color:inherit;font-size:inherit;line-height:inherit}.elementor-widget-heading .elementor-heading-title.elementor-size-small{font-size:15px}.elementor-widget-heading .elementor-heading-title.elementor-size-medium{font-size:19px}.elementor-widget-heading .elementor-heading-title.elementor-size-large{font-size:29px}.elementor-widget-heading .elementor-heading-title.elementor-size-xl{font-size:39px}.elementor-widget-heading .elementor-heading-title.elementor-size-xxl{font-size:59px}<\/style><h2 class=\"elementor-heading-title elementor-size-xl\">Por que \u00e9 muito importante falar sobre seguran\u00e7a e sa\u00fade no trabalho<\/h2>\t\t<\/div>\n\t\t\t\t<\/div>\n\t\t\t\t\t<\/div>\n\t\t<\/div>\n\t\t\t\t\t\t\t<\/div>\n\t\t<\/section>\n\t\t\t\t<section class=\"elementor-section elementor-top-section elementor-element elementor-element-d6e7ed3 elementor-section-boxed elementor-section-height-default elementor-section-height-default\" data-id=\"d6e7ed3\" data-element_type=\"section\">\n\t\t\t\t\t\t<div class=\"elementor-container elementor-column-gap-default\">\n\t\t\t\t\t<div class=\"elementor-column elementor-col-100 elementor-top-column elementor-element elementor-element-274e4ac\" data-id=\"274e4ac\" data-element_type=\"column\">\n\t\t\t<div class=\"elementor-widget-wrap elementor-element-populated\">\n\t\t\t\t\t\t\t\t<div class=\"elementor-element elementor-element-0deb9c0 elementor-widget elementor-widget-image\" data-id=\"0deb9c0\" data-element_type=\"widget\" data-widget_type=\"image.default\">\n\t\t\t\t<div class=\"elementor-widget-container\">\n\t\t\t<style>\/*! elementor - v3.5.3 - 28-12-2021 *\/\n.elementor-widget-image{text-align:center}.elementor-widget-image a{display:inline-block}.elementor-widget-image a img[src$=\".svg\"]{width:48px}.elementor-widget-image img{vertical-align:middle;display:inline-block}<\/style>\t\t\t\t\t\t\t\t\t\t\t\t<img loading=\"lazy\" decoding=\"async\" width=\"1024\" height=\"731\" src=\"https:\/\/quimicositapetininga.org.br\/wp-content\/uploads\/2023\/05\/Acidente-de-trabalho-prevencao-1024x731-1.jpg\" class=\"attachment-large size-large\" alt=\"\" \/>\t\t\t\t\t\t\t\t\t\t\t\t\t\t\t<\/div>\n\t\t\t\t<\/div>\n\t\t\t\t\t<\/div>\n\t\t<\/div>\n\t\t\t\t\t\t\t<\/div>\n\t\t<\/section>\n\t\t\t\t<section class=\"elementor-section elementor-top-section elementor-element elementor-element-e5afcff elementor-section-boxed elementor-section-height-default elementor-section-height-default\" data-id=\"e5afcff\" data-element_type=\"section\">\n\t\t\t\t\t\t<div class=\"elementor-container elementor-column-gap-default\">\n\t\t\t\t\t<div class=\"elementor-column elementor-col-100 elementor-top-column elementor-element elementor-element-d700572\" data-id=\"d700572\" data-element_type=\"column\">\n\t\t\t<div class=\"elementor-widget-wrap elementor-element-populated\">\n\t\t\t\t\t\t\t\t<div class=\"elementor-element elementor-element-b00b00e elementor-widget elementor-widget-text-editor\" data-id=\"b00b00e\" data-element_type=\"widget\" data-widget_type=\"text-editor.default\">\n\t\t\t\t<div class=\"elementor-widget-container\">\n\t\t\t<style>\/*! elementor - v3.5.3 - 28-12-2021 *\/\n.elementor-widget-text-editor.elementor-drop-cap-view-stacked .elementor-drop-cap{background-color:#818a91;color:#fff}.elementor-widget-text-editor.elementor-drop-cap-view-framed .elementor-drop-cap{color:#818a91;border:3px solid;background-color:transparent}.elementor-widget-text-editor:not(.elementor-drop-cap-view-default) .elementor-drop-cap{margin-top:8px}.elementor-widget-text-editor:not(.elementor-drop-cap-view-default) .elementor-drop-cap-letter{width:1em;height:1em}.elementor-widget-text-editor .elementor-drop-cap{float:left;text-align:center;line-height:1;font-size:50px}.elementor-widget-text-editor .elementor-drop-cap-letter{display:inline-block}<\/style>\t\t\t\t<p>No Brasil e no mundo a situa\u00e7\u00e3o \u00e9 t\u00e3o s\u00e9ria que a Organiza\u00e7\u00e3o Internacional do Trabalho (OIT), instituiu em 2003, o Dia Mundial de Seguran\u00e7a e Sa\u00fade no Trabalho, em 28 de abril, porque em 1969, nessa data, uma explos\u00e3o em uma mina nos Estados Unidos matou 78 mineiros. No Brasil o Dia Nacional em Mem\u00f3ria das V\u00edtimas de Acidentes do Trabalho, com a aprova\u00e7\u00e3o da Lei 11.121\/2005.<\/p><p>Elgiane Lago, secret\u00e1ria de Sa\u00fade e Meio Ambiente do Trabalho da Central dos Trabalhadores e Trabalhadoras do Brasil (CTB), defende a ampla mobiliza\u00e7\u00e3o do movimento sindical em torno do assunto porque \u201c\u00e9 essencial defender a seguran\u00e7a e a sa\u00fade de quem ganha o p\u00e3o de cada dia vendendo sua for\u00e7a de trabalho.\u201d<\/p><p>Ela lembra que a situa\u00e7\u00e3o \u00e9 ca\u00f3tica no Brasil e \u201cnos \u00faltimos seis anos s\u00f3 piorou com o rebaixamento do Minist\u00e9rio do Trabalho e com a aprova\u00e7\u00e3o da reforma trabalhista, em 2017, que precarizou o trabalho no pa\u00eds\u201d.<\/p><p>A afirma\u00e7\u00e3o da sindicalista \u00e9 comprovada pelos dados recentes do Observat\u00f3rio de Seguran\u00e7a e Sa\u00fade no Trabalho no Minist\u00e9rio P\u00fablico do Trabalho (MPT). De acordo com o levantamento, de 2012 a 2022 foram notificados 6,7 milh\u00f5es de acidentes e 25.500 \u00f3bitos de trabalhadoras e trabalhadores com carteira assinada e 2,3 milh\u00f5es de afastamentos, pelo INSS. Os gastos com benef\u00edcios previdenci\u00e1rios chegaram a R$ 136 bilh\u00f5es.<\/p><p>Somente em 2022, ocorreram 612.900 acidentes de trabalho, quase 1,68 mil por dia, com 2.538 \u00f3bitos, quase sete por dia, de pessoas com carteira assinada. Tamb\u00e9m ocorreram mais de 148.000 concess\u00f5es de benef\u00edcios previdenci\u00e1rios para acidentados e 6.500 concess\u00f5es de aposentadoria por invalidez.<\/p><p>D\u00e9bora Melecchi, secret\u00e1ria-adjunta de Sa\u00fade e Meio Ambiente do Trabalho, destaca que \u201cesse \u00e9 mais um dia da classe trabalhadora. Dia de reivindica\u00e7\u00f5es, de forma\u00e7\u00e3o e uma forma de manter sempre viva a import\u00e2ncia da preven\u00e7\u00e3o e o cuidado durante o exerc\u00edcio do trabalho, por parte de todas e todos.\u201d Porque al\u00e9m \u201cdos preju\u00edzos econ\u00f4micos, h\u00e1 o preju\u00edzo humano com perdas de vidas\u201d, muitas vezes \u201cdos arrimos de fam\u00edlias.\u201d<\/p><p>Por isso, D\u00e9bora afirma que \u201cprote\u00e7\u00e3o, cuidado e seguran\u00e7a sempre foram pautas do movimento sindical, mas passaram a ter significado concreto com a crise sanit\u00e1ria, econ\u00f4mica e social vivida na Covid-19\u201d muito \u201cagravada no Brasil pela falta de pol\u00edticas de sa\u00fade do governo anterior.\u201d<\/p><p>Ela acentua ainda que \u201ca reforma trabalhista e as revis\u00f5es das normas regulamentadoras (NR\u2019s) que flexibilizaram e retiraram o cuidado com a sa\u00fade das trabalhadoras e dos trabalhadores acarretaram adoecimentos e precarizaram a seguran\u00e7a no trabalho, provocando aumento no n\u00famero de acidentes.\u201d<\/p><p>Para Martin Georg Hahn, diretor da OIT no Brasil, a pandemia da Covid-19 mostrou a import\u00e2ncia de \u201cdispor de um sistema de seguran\u00e7a e sa\u00fade forte, que inclui a participa\u00e7\u00e3o significativa de governos, empregadores, trabalhadores, agentes de sa\u00fade p\u00fablica e todas as partes relevantes em n\u00edvel nacional e empresarial, foi e tem sido crucial para proteger os ambientes de trabalho e garantir a seguran\u00e7a e a sa\u00fade de trabalhadoras, trabalhadores, empregadores, empregadoras e de suas fam\u00edlias.\u201d<\/p><p>De acordo com D\u00e9bora, o \u201cnovo momento vivido no Brasil, com a retomada da democracia, real\u00e7a a necessidade de refor\u00e7ar as for\u00e7as sociais e pol\u00edticas para enfrentar o que precisa ser enfrentado e construirmos o pa\u00eds de modo proativo\u201d e \u201cisso perpassa pelo respeito aos direitos da classe trabalhadora.\u201d<\/p><p>Al\u00e9m da preven\u00e7\u00e3o, com \u201cum meio ambiente de trabalho prop\u00edcio ao desenvolvimento das a\u00e7\u00f5es em seguran\u00e7a e propenso \u00e0 sa\u00fade\u201d, afirma D\u00e9bora, \u201c\u00e9 fundamental refor\u00e7ar o conceito de integralidade, enquanto princ\u00edpio do Sistema \u00danico de Sa\u00fade (SUS) que busca garantir ao indiv\u00edduo uma assist\u00eancia \u00e0 sa\u00fade que supere a pr\u00e1tica curativa, contemplando o indiv\u00edduo em todos os n\u00edveis de aten\u00e7\u00e3o e considerando o sujeito inserido em um contexto social, familiar e cultural.\u201d<\/p><p>Para ela, a classe trabalhadora conquistou pol\u00edticas estrat\u00e9gicas que devem ser priorizadas para o cuidado com as trabalhadoras e os trabalhadores como \u201cas Pol\u00edticas Nacionais da Sa\u00fade do Trabalhador e da Trabalhadora (PNSTT), de Sa\u00fade e Seguran\u00e7a do Trabalho (PNSST) e de Vigil\u00e2ncia em Sa\u00fade (PNVS), como partes integrantes da maior pol\u00edtica inclusiva conquistada no Brasil: o SUS, essencial para a esmagadora maioria da popula\u00e7\u00e3o.\u201d<\/p><p>Elgiane enfatiza a necessidade \u201cde mobiliza\u00e7\u00e3o do movimento sindical com objetivo de levar mais informa\u00e7\u00e3o \u00e0s trabalhadoras e trabalhadores.\u201d Uma das formas \u00e9 a valoriza\u00e7\u00e3o da Comiss\u00e3o Interna de Preven\u00e7\u00e3o de Acidentes (CIPA) em todos os ambientes de trabalho.\u201d<\/p><p>Outra \u201c\u00e9 a promo\u00e7\u00e3o de campanhas e um amplo debate com toda a sociedade sobre a import\u00e2ncia de preven\u00e7\u00e3o \u00e0 sa\u00fade e \u00e0 seguran\u00e7a do trabalho.\u201d E para isso, \u201c\u00e9 preciso criar boas condi\u00e7\u00f5es trabalho e de vida para quem trabalha.\u201d<\/p><p><strong>Marcos Aur\u00e9lio Ruy \u00e9 jornalista<\/strong><\/p>\t\t\t\t\t\t<\/div>\n\t\t\t\t<\/div>\n\t\t\t\t\t<\/div>\n\t\t<\/div>\n\t\t\t\t\t\t\t<\/div>\n\t\t<\/section>\n\t\t\t\t\t\t<\/div>\n\t\t\t\t\t<\/div>\n\t\t","protected":false},"excerpt":{"rendered":"<p>Por que \u00e9 muito importante falar sobre seguran\u00e7a e sa\u00fade no trabalho No Brasil e no mundo a situa\u00e7\u00e3o \u00e9 t\u00e3o s\u00e9ria que a Organiza\u00e7\u00e3o Internacional do Trabalho (OIT), instituiu em 2003, o Dia Mundial de Seguran\u00e7a e Sa\u00fade no Trabalho, em 28 de abril, porque em 1969, nessa data, uma explos\u00e3o em uma mina [&hellip;]<\/p>\n","protected":false},"author":1,"featured_media":0,"comment_status":"closed","ping_status":"closed","sticky":false,"template":"elementor_canvas","format":"standard","meta":{"footnotes":""},"categories":[15],"tags":[],"_links":{"self":[{"href":"https:\/\/quimicositapetininga.org.br\/index.php?rest_route=\/wp\/v2\/posts\/1538"}],"collection":[{"href":"https:\/\/quimicositapetininga.org.br\/index.php?rest_route=\/wp\/v2\/posts"}],"about":[{"href":"https:\/\/quimicositapetininga.org.br\/index.php?rest_route=\/wp\/v2\/types\/post"}],"author":[{"embeddable":true,"href":"https:\/\/quimicositapetininga.org.br\/index.php?rest_route=\/wp\/v2\/users\/1"}],"replies":[{"embeddable":true,"href":"https:\/\/quimicositapetininga.org.br\/index.php?rest_route=%2Fwp%2Fv2%2Fcomments&post=1538"}],"version-history":[{"count":4,"href":"https:\/\/quimicositapetininga.org.br\/index.php?rest_route=\/wp\/v2\/posts\/1538\/revisions"}],"predecessor-version":[{"id":1544,"href":"https:\/\/quimicositapetininga.org.br\/index.php?rest_route=\/wp\/v2\/posts\/1538\/revisions\/1544"}],"wp:attachment":[{"href":"https:\/\/quimicositapetininga.org.br\/index.php?rest_route=%2Fwp%2Fv2%2Fmedia&parent=1538"}],"wp:term":[{"taxonomy":"category","embeddable":true,"href":"https:\/\/quimicositapetininga.org.br\/index.php?rest_route=%2Fwp%2Fv2%2Fcategories&post=1538"},{"taxonomy":"post_tag","embeddable":true,"href":"https:\/\/quimicositapetininga.org.br\/index.php?rest_route=%2Fwp%2Fv2%2Ftags&post=1538"}],"curies":[{"name":"wp","href":"https:\/\/api.w.org\/{rel}","templated":true}]}}