{"id":1522,"date":"2023-04-25T02:47:23","date_gmt":"2023-04-25T02:47:23","guid":{"rendered":"https:\/\/quimicositapetininga.org.br\/?p=1522"},"modified":"2023-04-25T02:52:45","modified_gmt":"2023-04-25T02:52:45","slug":"fequimfar-comemora-65-anos","status":"publish","type":"post","link":"https:\/\/quimicositapetininga.org.br\/?p=1522","title":{"rendered":"FEQUIMFAR comemora 65 anos"},"content":{"rendered":"\t\t<div data-elementor-type=\"wp-post\" data-elementor-id=\"1522\" class=\"elementor elementor-1522\" data-elementor-settings=\"[]\">\n\t\t\t\t\t\t\t<div class=\"elementor-section-wrap\">\n\t\t\t\t\t\t\t<section class=\"elementor-section elementor-top-section elementor-element elementor-element-c408580 elementor-section-boxed elementor-section-height-default elementor-section-height-default\" data-id=\"c408580\" data-element_type=\"section\">\n\t\t\t\t\t\t<div class=\"elementor-container elementor-column-gap-default\">\n\t\t\t\t\t<div class=\"elementor-column elementor-col-100 elementor-top-column elementor-element elementor-element-b757c71\" data-id=\"b757c71\" data-element_type=\"column\">\n\t\t\t<div class=\"elementor-widget-wrap elementor-element-populated\">\n\t\t\t\t\t\t\t\t<div class=\"elementor-element elementor-element-f6396bb elementor-widget elementor-widget-heading\" data-id=\"f6396bb\" data-element_type=\"widget\" data-widget_type=\"heading.default\">\n\t\t\t\t<div class=\"elementor-widget-container\">\n\t\t\t<style>\/*! elementor - v3.5.3 - 28-12-2021 *\/\n.elementor-heading-title{padding:0;margin:0;line-height:1}.elementor-widget-heading .elementor-heading-title[class*=elementor-size-]>a{color:inherit;font-size:inherit;line-height:inherit}.elementor-widget-heading .elementor-heading-title.elementor-size-small{font-size:15px}.elementor-widget-heading .elementor-heading-title.elementor-size-medium{font-size:19px}.elementor-widget-heading .elementor-heading-title.elementor-size-large{font-size:29px}.elementor-widget-heading .elementor-heading-title.elementor-size-xl{font-size:39px}.elementor-widget-heading .elementor-heading-title.elementor-size-xxl{font-size:59px}<\/style><h2 class=\"elementor-heading-title elementor-size-xl\">FEQUIMFAR comemora 65 anos<\/h2>\t\t<\/div>\n\t\t\t\t<\/div>\n\t\t\t\t\t<\/div>\n\t\t<\/div>\n\t\t\t\t\t\t\t<\/div>\n\t\t<\/section>\n\t\t\t\t<section class=\"elementor-section elementor-top-section elementor-element elementor-element-4da177d elementor-section-boxed elementor-section-height-default elementor-section-height-default\" data-id=\"4da177d\" data-element_type=\"section\">\n\t\t\t\t\t\t<div class=\"elementor-container elementor-column-gap-default\">\n\t\t\t\t\t<div class=\"elementor-column elementor-col-100 elementor-top-column elementor-element elementor-element-e10e78b\" data-id=\"e10e78b\" data-element_type=\"column\">\n\t\t\t<div class=\"elementor-widget-wrap elementor-element-populated\">\n\t\t\t\t\t\t\t\t<div class=\"elementor-element elementor-element-fe4bb9f elementor-widget elementor-widget-image\" data-id=\"fe4bb9f\" data-element_type=\"widget\" data-widget_type=\"image.default\">\n\t\t\t\t<div class=\"elementor-widget-container\">\n\t\t\t<style>\/*! elementor - v3.5.3 - 28-12-2021 *\/\n.elementor-widget-image{text-align:center}.elementor-widget-image a{display:inline-block}.elementor-widget-image a img[src$=\".svg\"]{width:48px}.elementor-widget-image img{vertical-align:middle;display:inline-block}<\/style>\t\t\t\t\t\t\t\t\t\t\t\t<img loading=\"lazy\" decoding=\"async\" width=\"696\" height=\"392\" src=\"https:\/\/quimicositapetininga.org.br\/wp-content\/uploads\/2023\/04\/fequimfar-65-anos_24-04-2023-696x392-1.jpg\" class=\"attachment-large size-large\" alt=\"\" \/>\t\t\t\t\t\t\t\t\t\t\t\t\t\t\t<\/div>\n\t\t\t\t<\/div>\n\t\t\t\t\t<\/div>\n\t\t<\/div>\n\t\t\t\t\t\t\t<\/div>\n\t\t<\/section>\n\t\t\t\t<section class=\"elementor-section elementor-top-section elementor-element elementor-element-99d2ab8 elementor-section-boxed elementor-section-height-default elementor-section-height-default\" data-id=\"99d2ab8\" data-element_type=\"section\">\n\t\t\t\t\t\t<div class=\"elementor-container elementor-column-gap-default\">\n\t\t\t\t\t<div class=\"elementor-column elementor-col-100 elementor-top-column elementor-element elementor-element-632adf4\" data-id=\"632adf4\" data-element_type=\"column\">\n\t\t\t<div class=\"elementor-widget-wrap elementor-element-populated\">\n\t\t\t\t\t\t\t\t<div class=\"elementor-element elementor-element-aed9684 elementor-widget elementor-widget-text-editor\" data-id=\"aed9684\" data-element_type=\"widget\" data-widget_type=\"text-editor.default\">\n\t\t\t\t<div class=\"elementor-widget-container\">\n\t\t\t<style>\/*! elementor - v3.5.3 - 28-12-2021 *\/\n.elementor-widget-text-editor.elementor-drop-cap-view-stacked .elementor-drop-cap{background-color:#818a91;color:#fff}.elementor-widget-text-editor.elementor-drop-cap-view-framed .elementor-drop-cap{color:#818a91;border:3px solid;background-color:transparent}.elementor-widget-text-editor:not(.elementor-drop-cap-view-default) .elementor-drop-cap{margin-top:8px}.elementor-widget-text-editor:not(.elementor-drop-cap-view-default) .elementor-drop-cap-letter{width:1em;height:1em}.elementor-widget-text-editor .elementor-drop-cap{float:left;text-align:center;line-height:1;font-size:50px}.elementor-widget-text-editor .elementor-drop-cap-letter{display:inline-block}<\/style>\t\t\t\t<p>A FEQUIMFAR chega aos 65 anos com marcos que fortalecem a hist\u00f3ria da entidade e a trajet\u00f3ria de lutas e conquistas dos trabalhadores nas ind\u00fastrias dos segmentos qu\u00edmicos, pl\u00e1stico, petroqu\u00edmico, fertilizantes, farmac\u00eautico, produ\u00e7\u00e3o de etanol, instrumentos musicais e brinquedos no estado de S\u00e3o Paulo.<\/p><p>Desde o ano de funda\u00e7\u00e3o, em 1958, podemos resgatar a passagem pela Ditadura Militar, tempos obscuros e extremamente dolorosos. A luta pela democratiza\u00e7\u00e3o do pa\u00eds, quando a Federa\u00e7\u00e3o assegurou seu espa\u00e7o de refer\u00eancia. Nesse contexto, destacamos ainda o SOS Federa\u00e7\u00e3o, um movimento que reconquistou a dire\u00e7\u00e3o da entidade para a base, conduzindo o companheiro Danilo Pereira da Silva \u00e0 presid\u00eancia da FEQUIMFAR.<\/p><p>Em seguida, ainda vieram enfrentamentos como o desemprego, infla\u00e7\u00e3o, planos e pacotes econ\u00f4micos, entre tantos outros. Em 2009, fomos referendados por uma diretoria forte e atuante, e tomamos posse assumindo a presid\u00eancia da FEQUIMFAR ao lado da secretaria geral, junto a Edson Dias Bicalho e tesouraria geral, com Jurandir Pedro de Souza.<\/p><p>Numa hist\u00f3ria mais recente, vivenciamos grandes desafios com a reforma trabalhista, que desequilibrou as rela\u00e7\u00f5es entre capital e trabalho e atacou a organiza\u00e7\u00e3o sindical. Conseguimos resistir, fortalecendo as negocia\u00e7\u00f5es coletivas e as estruturas sindicais.<\/p><p>Durante a pandemia de coronav\u00edrus, mesmo diante de um governo antidemocr\u00e1tico e controverso \u00e0 ci\u00eancia, desempenhamos um papel fundamental, nos mobilizando para garantir a prote\u00e7\u00e3o dos trabalhadores, exigindo medidas para manuten\u00e7\u00e3o dos empregos e renda e lutando por vacina para todos.<\/p><p>Por toda essa longa hist\u00f3ria de luta, sempre estivemos \u00e0 frente de iniciativas pioneiras, que trouxeram importantes benef\u00edcios \u00e0s categorias representadas. S\u00e3o conquistas que servem de refer\u00eancia para outros setores, como as lutas pela implanta\u00e7\u00e3o da participa\u00e7\u00e3o dos trabalhadores nos lucros e resultados (PLR) nas conven\u00e7\u00f5es coletivas e pela Redu\u00e7\u00e3o da Jornada de Trabalho. Em 1985, conseguimos reduzir a jornada de 48 para 44 horas semanais nos segmentos qu\u00edmicos e hoje, no setor farmac\u00eautico, a realidade j\u00e1 \u00e9 uma jornada de 40 horas semanais para todos os trabalhadores.<\/p><p>Destacamos tamb\u00e9m direitos ao jovem trabalhador, \u00e0 mulher, como a prote\u00e7\u00e3o \u00e0 gestante, al\u00e9m de importantes conquistas nas \u00e1reas de sa\u00fade do trabalhador, como o Direito de Saber, banimento do benzeno nas usinas de produ\u00e7\u00e3o de etanol e Conven\u00e7\u00f5es Coletivas de Seguran\u00e7a em m\u00e1quinas injetoras no setor do pl\u00e1stico.<\/p><p>Atualmente, a FEQUIMFAR \u00e9 composta por 32 sindicatos filiados e, juntos, representam cerca de 195 mil trabalhadores em todo o Estado de S\u00e3o Paulo, distribu\u00eddos em 23 segmentos de atividade do setor qu\u00edmico.<\/p><p>No dia em que nossa FEQUIMFAR completa 65 anos, reafirmamos o nosso compromisso, junto \u00e0 nossa Confedera\u00e7\u00e3o Nacional dos Trabalhadores no Ramo Qu\u00edmico (CNTQ) e nossa Central For\u00e7a Sindical, em defesa da Democracia e de nossos direitos.<\/p><p>Recordar nosso caminho at\u00e9 aqui representa fortalecer ainda mais nossos Sindicatos filiados e as categorias representadas. Al\u00e9m de renovar nossas for\u00e7as para enfrentar os desafios futuros e refor\u00e7ar nossa cultura de solidariedade, uni\u00e3o, justi\u00e7a social, respeito e prote\u00e7\u00e3o \u00e0 classe trabalhadora.<\/p><p><strong>Sergio Luiz Leite, Serginho<\/strong><br \/><strong>Presidente da FEQUIMFAR e<\/strong><br \/><strong>Vice-presidente da For\u00e7a Sindical<\/strong><\/p>\t\t\t\t\t\t<\/div>\n\t\t\t\t<\/div>\n\t\t\t\t\t<\/div>\n\t\t<\/div>\n\t\t\t\t\t\t\t<\/div>\n\t\t<\/section>\n\t\t\t\t\t\t<\/div>\n\t\t\t\t\t<\/div>\n\t\t","protected":false},"excerpt":{"rendered":"<p>FEQUIMFAR comemora 65 anos A FEQUIMFAR chega aos 65 anos com marcos que fortalecem a hist\u00f3ria da entidade e a trajet\u00f3ria de lutas e conquistas dos trabalhadores nas ind\u00fastrias dos segmentos qu\u00edmicos, pl\u00e1stico, petroqu\u00edmico, fertilizantes, farmac\u00eautico, produ\u00e7\u00e3o de etanol, instrumentos musicais e brinquedos no estado de S\u00e3o Paulo. Desde o ano de funda\u00e7\u00e3o, em 1958, [&hellip;]<\/p>\n","protected":false},"author":1,"featured_media":0,"comment_status":"closed","ping_status":"closed","sticky":false,"template":"elementor_canvas","format":"standard","meta":{"footnotes":""},"categories":[13],"tags":[],"_links":{"self":[{"href":"https:\/\/quimicositapetininga.org.br\/index.php?rest_route=\/wp\/v2\/posts\/1522"}],"collection":[{"href":"https:\/\/quimicositapetininga.org.br\/index.php?rest_route=\/wp\/v2\/posts"}],"about":[{"href":"https:\/\/quimicositapetininga.org.br\/index.php?rest_route=\/wp\/v2\/types\/post"}],"author":[{"embeddable":true,"href":"https:\/\/quimicositapetininga.org.br\/index.php?rest_route=\/wp\/v2\/users\/1"}],"replies":[{"embeddable":true,"href":"https:\/\/quimicositapetininga.org.br\/index.php?rest_route=%2Fwp%2Fv2%2Fcomments&post=1522"}],"version-history":[{"count":4,"href":"https:\/\/quimicositapetininga.org.br\/index.php?rest_route=\/wp\/v2\/posts\/1522\/revisions"}],"predecessor-version":[{"id":1529,"href":"https:\/\/quimicositapetininga.org.br\/index.php?rest_route=\/wp\/v2\/posts\/1522\/revisions\/1529"}],"wp:attachment":[{"href":"https:\/\/quimicositapetininga.org.br\/index.php?rest_route=%2Fwp%2Fv2%2Fmedia&parent=1522"}],"wp:term":[{"taxonomy":"category","embeddable":true,"href":"https:\/\/quimicositapetininga.org.br\/index.php?rest_route=%2Fwp%2Fv2%2Fcategories&post=1522"},{"taxonomy":"post_tag","embeddable":true,"href":"https:\/\/quimicositapetininga.org.br\/index.php?rest_route=%2Fwp%2Fv2%2Ftags&post=1522"}],"curies":[{"name":"wp","href":"https:\/\/api.w.org\/{rel}","templated":true}]}}