{"id":1117,"date":"2023-02-02T01:22:29","date_gmt":"2023-02-02T01:22:29","guid":{"rendered":"https:\/\/quimicositapetininga.org.br\/?p=1117"},"modified":"2023-02-02T01:25:25","modified_gmt":"2023-02-02T01:25:25","slug":"dezembro-fecha-com-saldo-negativo-de-431-011-empregos-diz-novo-caged","status":"publish","type":"post","link":"https:\/\/quimicositapetininga.org.br\/?p=1117","title":{"rendered":"Dezembro fecha com saldo negativo de 431.011 empregos, diz Novo Caged"},"content":{"rendered":"\t\t<div data-elementor-type=\"wp-post\" data-elementor-id=\"1117\" class=\"elementor elementor-1117\" data-elementor-settings=\"[]\">\n\t\t\t\t\t\t\t<div class=\"elementor-section-wrap\">\n\t\t\t\t\t\t\t<section class=\"elementor-section elementor-top-section elementor-element elementor-element-6d8e60a elementor-section-boxed elementor-section-height-default elementor-section-height-default\" data-id=\"6d8e60a\" data-element_type=\"section\">\n\t\t\t\t\t\t<div class=\"elementor-container elementor-column-gap-default\">\n\t\t\t\t\t<div class=\"elementor-column elementor-col-100 elementor-top-column elementor-element elementor-element-5ded7c9\" data-id=\"5ded7c9\" data-element_type=\"column\">\n\t\t\t<div class=\"elementor-widget-wrap elementor-element-populated\">\n\t\t\t\t\t\t\t\t<div class=\"elementor-element elementor-element-791154c elementor-widget elementor-widget-heading\" data-id=\"791154c\" data-element_type=\"widget\" data-widget_type=\"heading.default\">\n\t\t\t\t<div class=\"elementor-widget-container\">\n\t\t\t<style>\/*! elementor - v3.5.3 - 28-12-2021 *\/\n.elementor-heading-title{padding:0;margin:0;line-height:1}.elementor-widget-heading .elementor-heading-title[class*=elementor-size-]>a{color:inherit;font-size:inherit;line-height:inherit}.elementor-widget-heading .elementor-heading-title.elementor-size-small{font-size:15px}.elementor-widget-heading .elementor-heading-title.elementor-size-medium{font-size:19px}.elementor-widget-heading .elementor-heading-title.elementor-size-large{font-size:29px}.elementor-widget-heading .elementor-heading-title.elementor-size-xl{font-size:39px}.elementor-widget-heading .elementor-heading-title.elementor-size-xxl{font-size:59px}<\/style><h2 class=\"elementor-heading-title elementor-size-xl\">Dezembro fecha com saldo negativo de 431.011 empregos, diz Novo Caged<\/h2>\t\t<\/div>\n\t\t\t\t<\/div>\n\t\t\t\t\t<\/div>\n\t\t<\/div>\n\t\t\t\t\t\t\t<\/div>\n\t\t<\/section>\n\t\t\t\t<section class=\"elementor-section elementor-top-section elementor-element elementor-element-4927d7b elementor-section-boxed elementor-section-height-default elementor-section-height-default\" data-id=\"4927d7b\" data-element_type=\"section\">\n\t\t\t\t\t\t<div class=\"elementor-container elementor-column-gap-default\">\n\t\t\t\t\t<div class=\"elementor-column elementor-col-100 elementor-top-column elementor-element elementor-element-19c9744\" data-id=\"19c9744\" data-element_type=\"column\">\n\t\t\t<div class=\"elementor-widget-wrap elementor-element-populated\">\n\t\t\t\t\t\t\t\t<div class=\"elementor-element elementor-element-2ca41dc elementor-widget elementor-widget-image\" data-id=\"2ca41dc\" data-element_type=\"widget\" data-widget_type=\"image.default\">\n\t\t\t\t<div class=\"elementor-widget-container\">\n\t\t\t<style>\/*! elementor - v3.5.3 - 28-12-2021 *\/\n.elementor-widget-image{text-align:center}.elementor-widget-image a{display:inline-block}.elementor-widget-image a img[src$=\".svg\"]{width:48px}.elementor-widget-image img{vertical-align:middle;display:inline-block}<\/style>\t\t\t\t\t\t\t\t\t\t\t\t<img loading=\"lazy\" decoding=\"async\" width=\"683\" height=\"449\" src=\"https:\/\/quimicositapetininga.org.br\/wp-content\/uploads\/2023\/02\/WhatsApp-Image-2023-02-01-at-21.46.46.jpeg\" class=\"attachment-large size-large\" alt=\"\" \/>\t\t\t\t\t\t\t\t\t\t\t\t\t\t\t<\/div>\n\t\t\t\t<\/div>\n\t\t\t\t\t<\/div>\n\t\t<\/div>\n\t\t\t\t\t\t\t<\/div>\n\t\t<\/section>\n\t\t\t\t<section class=\"elementor-section elementor-top-section elementor-element elementor-element-ec4576a elementor-section-boxed elementor-section-height-default elementor-section-height-default\" data-id=\"ec4576a\" data-element_type=\"section\">\n\t\t\t\t\t\t<div class=\"elementor-container elementor-column-gap-default\">\n\t\t\t\t\t<div class=\"elementor-column elementor-col-100 elementor-top-column elementor-element elementor-element-5bacfd9\" data-id=\"5bacfd9\" data-element_type=\"column\">\n\t\t\t<div class=\"elementor-widget-wrap elementor-element-populated\">\n\t\t\t\t\t\t\t\t<div class=\"elementor-element elementor-element-76a5496 elementor-widget elementor-widget-text-editor\" data-id=\"76a5496\" data-element_type=\"widget\" data-widget_type=\"text-editor.default\">\n\t\t\t\t<div class=\"elementor-widget-container\">\n\t\t\t<style>\/*! elementor - v3.5.3 - 28-12-2021 *\/\n.elementor-widget-text-editor.elementor-drop-cap-view-stacked .elementor-drop-cap{background-color:#818a91;color:#fff}.elementor-widget-text-editor.elementor-drop-cap-view-framed .elementor-drop-cap{color:#818a91;border:3px solid;background-color:transparent}.elementor-widget-text-editor:not(.elementor-drop-cap-view-default) .elementor-drop-cap{margin-top:8px}.elementor-widget-text-editor:not(.elementor-drop-cap-view-default) .elementor-drop-cap-letter{width:1em;height:1em}.elementor-widget-text-editor .elementor-drop-cap{float:left;text-align:center;line-height:1;font-size:50px}.elementor-widget-text-editor .elementor-drop-cap-letter{display:inline-block}<\/style>\t\t\t\t<p>O Brasil fechou o m\u00eas de dezembro do ano passado com saldo negativo de 431.011 empregos formais (com carteira assinada), segundo balan\u00e7o do Cadastro Geral de Empregados e Desempregados (Novo Caged) apresentado hoje (31) pelo Minist\u00e9rio do Trabalho e Emprego. O saldo do m\u00eas passado foi resultado de 1.382.923 milh\u00f5es de contrata\u00e7\u00f5es e 1.813.934 desligamentos.<\/p><p>J\u00e1 o estoque total de trabalhadores celetistas recuou 1% em dezembro, contabilizando 42.716.337. No acumulado do ano, houve saldo de 2.037.982 empregos, decorrente de 22.648.395 admiss\u00f5es e de 20.610.413 desligamentos.<\/p><p>Na m\u00e9dia nacional, os sal\u00e1rios iniciais pagos a quem foi admitido em um novo emprego em dezembro tamb\u00e9m diminuiu, ficando em R$ 1.915,16. Comparado ao m\u00eas anterior, houve queda real de R$ 17,90 no sal\u00e1rio m\u00e9dio de admiss\u00e3o, uma varia\u00e7\u00e3o negativa em torno de 0,93%.<\/p><p>Os n\u00fameros mostram que, no m\u00eas de dezembro, os cinco grupamentos de atividades econ\u00f4micas apresentaram saldo negativo. O setor de servi\u00e7os teve a maior perda, com redu\u00e7\u00e3o de 188.064 postos.<\/p><p>Na sequ\u00eancia, vem o setor da ind\u00fastria geral, com menos 114.246 postos, com a maior queda na ind\u00fastria de transforma\u00e7\u00e3o (-112.992 postos). A constru\u00e7\u00e3o ficou com saldo negativo de 74.505 postos, a agropecu\u00e1ria, com menos 36.921 postos e o com\u00e9rcio, com 17.275 postos a menos.<\/p><p><strong>Trabalho intermitente e em regime parcial<\/strong><br \/>Em dezembro, o novo Caged registrou 24.333 admiss\u00f5es e 16.843 desligamentos na modalidade de trabalho intermitente, gerando saldo de 7.490 empregos e envolvendo 5.435 estabelecimentos contratantes.<\/p><p>Um total de 175 empregados celebrou mais de um contrato na condi\u00e7\u00e3o de trabalhador intermitente.<\/p><p>\u201cDo ponto de vista das atividades econ\u00f4micas, o saldo de emprego na modalidade de trabalho intermitente distribuiu-se por servi\u00e7os (+4.893 postos), com\u00e9rcio (+2.510 postos), constru\u00e7\u00e3o (+205 postos), agropecu\u00e1ria (-3 postos) e ind\u00fastria (-115 postos)\u201d, informou o minist\u00e9rio.<\/p><p>Quanto ao trabalho em regime de tempo parcial, houve 11.674 admiss\u00f5es e 23.886 desligamentos, gerando saldo negativo de 12.212 empregos e envolvendo 5.532 estabelecimentos contratantes.<\/p><p>Um total de 33 empregados celebrou mais de um contrato em regime de tempo parcial.<\/p><p>Do ponto de vista das atividades econ\u00f4micas, o saldo de emprego em regime de tempo parcial foi negativo nos setores de servi\u00e7os (-7.933 postos), na ind\u00fastria (-3.819 postos), na constru\u00e7\u00e3o (-301 postos) e na agropecu\u00e1ria (-192). O \u00fanico setor que registrou saldo positivo foi o com\u00e9rcio, que gerou 33 postos.<\/p><p><strong>Reestrutura\u00e7\u00e3o<\/strong><br \/>Em entrevista coletiva para comentar os resultados do Novo Caged, o ministro do Trabalho e Emprego, Luiz Marinho, atribuiu a queda no volume de empregos \u00e0 reforma trabalhista realizada pelo governo do presidente Michel Temer, em 2017. A reforma promoveu uma mudan\u00e7a significativa na Consolida\u00e7\u00e3o das Leis do Trabalho (CLT), com a implementa\u00e7\u00e3o de novas modalidades de contrato, como o trabalho intermitente.<\/p><p>De acordo com Marinho, houve uma queda na fiscaliza\u00e7\u00e3o, o que precarizou os contratos trabalhistas.<\/p><p>O ministro falou ainda sobre o fortalecimento das negocia\u00e7\u00f5es trabalhistas, do papel dos sindicatos e da negocia\u00e7\u00e3o coletiva como tarefas para o resgate da qualidade do trabalho. \u201cIsso aqui \u00e9 fundamental. Vamos voltar a falar de novo em fortalecer, valorizar e retomar a negocia\u00e7\u00e3o coletiva. Vamos promover a valoriza\u00e7\u00e3o do mercado de trabalho. Isso vai impactar a qualidade de trabalho para o futuro\u201d, disse Marinho. \u201cEstamos falando da reestrutura\u00e7\u00e3o de todo o papel do Minist\u00e9rio do Trabalho\u201d, acrescentou.<\/p><p><strong>Regi\u00f5es<\/strong><br \/>Em junho, as 27 unidades federativas fecharam o m\u00eas com saldo negativo de empregos. Os destaques s\u00e3o: S\u00e3o Paulo, onde houve perda de 151.474 postos (-1,13%); Minas Gerais, com menos 45.761 postos (-1,01%); e Santa Catarina, com menos 39.268 postos (-1,64%).<\/p><p>Entre as regi\u00f5es, o Sudeste fechou fevereiro com menos 212.362 postos. Na sequ\u00eancia v\u00eam o Sul, com menos 102.993 postos; o Nordeste, com menos 52.018 postos; o Centro-Oeste, com menos 35.740 postos; e a Regi\u00e3o Norte, com menos 27.143 postos.<\/p><p>Fonte: Ag\u00eancia Brasil<\/p>\t\t\t\t\t\t<\/div>\n\t\t\t\t<\/div>\n\t\t\t\t\t<\/div>\n\t\t<\/div>\n\t\t\t\t\t\t\t<\/div>\n\t\t<\/section>\n\t\t\t\t\t\t<\/div>\n\t\t\t\t\t<\/div>\n\t\t","protected":false},"excerpt":{"rendered":"<p>Dezembro fecha com saldo negativo de 431.011 empregos, diz Novo Caged O Brasil fechou o m\u00eas de dezembro do ano passado com saldo negativo de 431.011 empregos formais (com carteira assinada), segundo balan\u00e7o do Cadastro Geral de Empregados e Desempregados (Novo Caged) apresentado hoje (31) pelo Minist\u00e9rio do Trabalho e Emprego. O saldo do m\u00eas [&hellip;]<\/p>\n","protected":false},"author":1,"featured_media":0,"comment_status":"closed","ping_status":"closed","sticky":false,"template":"elementor_canvas","format":"standard","meta":{"footnotes":""},"categories":[2],"tags":[],"_links":{"self":[{"href":"https:\/\/quimicositapetininga.org.br\/index.php?rest_route=\/wp\/v2\/posts\/1117"}],"collection":[{"href":"https:\/\/quimicositapetininga.org.br\/index.php?rest_route=\/wp\/v2\/posts"}],"about":[{"href":"https:\/\/quimicositapetininga.org.br\/index.php?rest_route=\/wp\/v2\/types\/post"}],"author":[{"embeddable":true,"href":"https:\/\/quimicositapetininga.org.br\/index.php?rest_route=\/wp\/v2\/users\/1"}],"replies":[{"embeddable":true,"href":"https:\/\/quimicositapetininga.org.br\/index.php?rest_route=%2Fwp%2Fv2%2Fcomments&post=1117"}],"version-history":[{"count":4,"href":"https:\/\/quimicositapetininga.org.br\/index.php?rest_route=\/wp\/v2\/posts\/1117\/revisions"}],"predecessor-version":[{"id":1123,"href":"https:\/\/quimicositapetininga.org.br\/index.php?rest_route=\/wp\/v2\/posts\/1117\/revisions\/1123"}],"wp:attachment":[{"href":"https:\/\/quimicositapetininga.org.br\/index.php?rest_route=%2Fwp%2Fv2%2Fmedia&parent=1117"}],"wp:term":[{"taxonomy":"category","embeddable":true,"href":"https:\/\/quimicositapetininga.org.br\/index.php?rest_route=%2Fwp%2Fv2%2Fcategories&post=1117"},{"taxonomy":"post_tag","embeddable":true,"href":"https:\/\/quimicositapetininga.org.br\/index.php?rest_route=%2Fwp%2Fv2%2Ftags&post=1117"}],"curies":[{"name":"wp","href":"https:\/\/api.w.org\/{rel}","templated":true}]}}