{"id":1110,"date":"2023-02-02T01:10:20","date_gmt":"2023-02-02T01:10:20","guid":{"rendered":"https:\/\/quimicositapetininga.org.br\/?p=1110"},"modified":"2023-06-15T23:02:23","modified_gmt":"2023-06-15T23:02:23","slug":"assedio-eleitoral-no-ambiente-de-trabalho-nao-acabou-diz-presidente-do-tst","status":"publish","type":"post","link":"https:\/\/quimicositapetininga.org.br\/?p=1110","title":{"rendered":"Ass\u00e9dio eleitoral no ambiente de trabalho n\u00e3o acabou, diz presidente do TST"},"content":{"rendered":"\t\t<div data-elementor-type=\"wp-post\" data-elementor-id=\"1110\" class=\"elementor elementor-1110\" data-elementor-settings=\"[]\">\n\t\t\t\t\t\t\t<div class=\"elementor-section-wrap\">\n\t\t\t\t\t\t\t<section class=\"elementor-section elementor-top-section elementor-element elementor-element-973be66 elementor-section-boxed elementor-section-height-default elementor-section-height-default\" data-id=\"973be66\" data-element_type=\"section\">\n\t\t\t\t\t\t<div class=\"elementor-container elementor-column-gap-default\">\n\t\t\t\t\t<div class=\"elementor-column elementor-col-100 elementor-top-column elementor-element elementor-element-e7da5eb\" data-id=\"e7da5eb\" data-element_type=\"column\">\n\t\t\t<div class=\"elementor-widget-wrap elementor-element-populated\">\n\t\t\t\t\t\t\t\t<div class=\"elementor-element elementor-element-02166af elementor-widget elementor-widget-heading\" data-id=\"02166af\" data-element_type=\"widget\" data-widget_type=\"heading.default\">\n\t\t\t\t<div class=\"elementor-widget-container\">\n\t\t\t<style>\/*! elementor - v3.5.3 - 28-12-2021 *\/\n.elementor-heading-title{padding:0;margin:0;line-height:1}.elementor-widget-heading .elementor-heading-title[class*=elementor-size-]>a{color:inherit;font-size:inherit;line-height:inherit}.elementor-widget-heading .elementor-heading-title.elementor-size-small{font-size:15px}.elementor-widget-heading .elementor-heading-title.elementor-size-medium{font-size:19px}.elementor-widget-heading .elementor-heading-title.elementor-size-large{font-size:29px}.elementor-widget-heading .elementor-heading-title.elementor-size-xl{font-size:39px}.elementor-widget-heading .elementor-heading-title.elementor-size-xxl{font-size:59px}<\/style><h2 class=\"elementor-heading-title elementor-size-xl\">Ass\u00e9dio eleitoral no ambiente de trabalho n\u00e3o acabou, diz presidente do TST<\/h2>\t\t<\/div>\n\t\t\t\t<\/div>\n\t\t\t\t\t<\/div>\n\t\t<\/div>\n\t\t\t\t\t\t\t<\/div>\n\t\t<\/section>\n\t\t\t\t<section class=\"elementor-section elementor-top-section elementor-element elementor-element-65f38fd elementor-section-boxed elementor-section-height-default elementor-section-height-default\" data-id=\"65f38fd\" data-element_type=\"section\">\n\t\t\t\t\t\t<div class=\"elementor-container elementor-column-gap-default\">\n\t\t\t\t\t<div class=\"elementor-column elementor-col-100 elementor-top-column elementor-element elementor-element-35cb599\" data-id=\"35cb599\" data-element_type=\"column\">\n\t\t\t<div class=\"elementor-widget-wrap elementor-element-populated\">\n\t\t\t\t\t\t\t\t<div class=\"elementor-element elementor-element-92605ae elementor-widget elementor-widget-image\" data-id=\"92605ae\" data-element_type=\"widget\" data-widget_type=\"image.default\">\n\t\t\t\t<div class=\"elementor-widget-container\">\n\t\t\t<style>\/*! elementor - v3.5.3 - 28-12-2021 *\/\n.elementor-widget-image{text-align:center}.elementor-widget-image a{display:inline-block}.elementor-widget-image a img[src$=\".svg\"]{width:48px}.elementor-widget-image img{vertical-align:middle;display:inline-block}<\/style>\t\t\t\t\t\t\t\t\t\t\t\t<img loading=\"lazy\" decoding=\"async\" width=\"702\" height=\"352\" src=\"https:\/\/quimicositapetininga.org.br\/wp-content\/uploads\/2023\/02\/assedio-moral.jpg\" class=\"attachment-large size-large\" alt=\"\" \/>\t\t\t\t\t\t\t\t\t\t\t\t\t\t\t<\/div>\n\t\t\t\t<\/div>\n\t\t\t\t\t<\/div>\n\t\t<\/div>\n\t\t\t\t\t\t\t<\/div>\n\t\t<\/section>\n\t\t\t\t<section class=\"elementor-section elementor-top-section elementor-element elementor-element-1e44658 elementor-section-boxed elementor-section-height-default elementor-section-height-default\" data-id=\"1e44658\" data-element_type=\"section\">\n\t\t\t\t\t\t<div class=\"elementor-container elementor-column-gap-default\">\n\t\t\t\t\t<div class=\"elementor-column elementor-col-100 elementor-top-column elementor-element elementor-element-233d1a7\" data-id=\"233d1a7\" data-element_type=\"column\">\n\t\t\t<div class=\"elementor-widget-wrap elementor-element-populated\">\n\t\t\t\t\t\t\t\t<div class=\"elementor-element elementor-element-9d389d8 elementor-widget elementor-widget-text-editor\" data-id=\"9d389d8\" data-element_type=\"widget\" data-widget_type=\"text-editor.default\">\n\t\t\t\t<div class=\"elementor-widget-container\">\n\t\t\t<style>\/*! elementor - v3.5.3 - 28-12-2021 *\/\n.elementor-widget-text-editor.elementor-drop-cap-view-stacked .elementor-drop-cap{background-color:#818a91;color:#fff}.elementor-widget-text-editor.elementor-drop-cap-view-framed .elementor-drop-cap{color:#818a91;border:3px solid;background-color:transparent}.elementor-widget-text-editor:not(.elementor-drop-cap-view-default) .elementor-drop-cap{margin-top:8px}.elementor-widget-text-editor:not(.elementor-drop-cap-view-default) .elementor-drop-cap-letter{width:1em;height:1em}.elementor-widget-text-editor .elementor-drop-cap{float:left;text-align:center;line-height:1;font-size:50px}.elementor-widget-text-editor .elementor-drop-cap-letter{display:inline-block}<\/style>\t\t\t\t<p>O processo eleitoral terminou no dia 31 de outubro do ano passado com a confirma\u00e7\u00e3o da vit\u00f3ria do presidente Lula (PT), que derrotou Jair Bolsonaro (PL), mas alguns patr\u00f5es continuam assediando eleitoralmente seus trabalhadores e trabalhadoras.<\/p><p>A afirma\u00e7\u00e3o foi feita pelo presidente do Tribunal Superior do Trabalho (TST), Lelio Bentes Corr\u00eaa, em entrevista ao UOL.<\/p><p>\u201cO ass\u00e9dio perdura ap\u00f3s as elei\u00e7\u00f5es e pessoas s\u00e3o demitidas porque n\u00e3o votaram no candidato certo\u201d, afirmou o presidente do TST, um m\u00eas ap\u00f3s a posse de Lula.<\/p><p>Segundo ele, durante a campanha eleitoral de 2022, a Justi\u00e7a do Trabalho recebeu mais de duas mil den\u00fancias de ass\u00e9dio por partes dos empregadores.<\/p><p>Dados do Minist\u00e9rio P\u00fablico do Trabalho (MPT) divulgados no in\u00edcio de novembro revelaram que, no ano passado, foram registradas 2.549 den\u00fancias contra 1.948 empresas, algumas foram denunciadas por mais de um trabalhador ou praticaram mais de um ass\u00e9dio eleitoral.<\/p><p>Os estados onde os patr\u00f5es mais assediaram eleitoralmente os trabalhadores foram Minas Gerais (584), Paran\u00e1 (285), S\u00e3o Paulo (266) e Rio Grande do Sul (283).<\/p><p>S\u00f3 o canal que o PortalCUT abriu para que os trabalhadores denunciassem recebeu cerca de 500 den\u00fancias entre os dias 10 e 29 de outubro. A CUT Nacional checou todos os casos e encaminhou ao MPT os que foram confirmados e tinham provas.<\/p><p><strong>Ass\u00e9dio eleitoral deve ser repudiado<\/strong><\/p><p>Lelio Bentes Corr\u00eaa afirmou \u00e0 reportagem do UOL que qualquer forma de ass\u00e9dio eleitoral deve ser repudiada, destacou que \u201cafeta a esfera existencial de trabalhadores e trabalhadoras, al\u00e9m do princ\u00edpio democr\u00e1tico\u201d e enfatizou que \u201co objetivo \u00e9 deturpar a vontade popular manifestada nas urnas\u201d.<\/p><p><strong>Ado\u00e7\u00e3o de medidas<\/strong><\/p><p>O presidente do TST falou sobre a cria\u00e7\u00e3o de medidas para coibir essa pr\u00e1tica criminosa, o que inclui maior agilidade no julgamento de casos de ass\u00e9dio eleitoral contra os funcion\u00e1rios das empresas, al\u00e9m da possibilidade de punir os candidatos por abuso de poder econ\u00f4mico.<\/p><p>\u201cEsses casos precisam ser comunicados ao Conselho Superior da Justi\u00e7a do Trabalho para uma articula\u00e7\u00e3o com a Justi\u00e7a Eleitoral\u201d, disse Lelio Bentes Corr\u00eaa, que detalhou: \u201cNa Justi\u00e7a do Trabalho ser\u00e3o decididas quest\u00f5es sobre a \u00f3ptica do dano moral e implica\u00e7\u00f5es na vida do trabalhador\u201d.<\/p><p>O presidente do TST prosseguiu afirmando que as a\u00e7\u00f5es acima pode resultar em material probat\u00f3rio para que o Minist\u00e9rio P\u00fablico Eleitoral abra a\u00e7\u00f5es contra os candidatos por abuso do poder econ\u00f4mico. \u201cEsse trabalho articulado entre Justi\u00e7a do Trabalho e a Justi\u00e7a Eleitoral est\u00e1 sendo encaminhado,\u201d concluiu o ministro<\/p><p><strong>Procure o sindicato ou o MPT e denuncie sem medo<\/strong><\/p><p>O trabalhador que for v\u00edtima de crimes de ass\u00e9dio eleitoral (n\u00e3o votou no candidato do patr\u00e3o e foi demitido ou \u00e9 perseguido na firma), deve procurar o sindicato da categoria ou o Minist\u00e9rio P\u00fablico do Trabalho (MPT) para denunciar.<\/p><p>Fonte:\u00a0<strong>Reda\u00e7\u00e3o CUT<\/strong><\/p>\t\t\t\t\t\t<\/div>\n\t\t\t\t<\/div>\n\t\t\t\t\t<\/div>\n\t\t<\/div>\n\t\t\t\t\t\t\t<\/div>\n\t\t<\/section>\n\t\t\t\t\t\t<\/div>\n\t\t\t\t\t<\/div>\n\t\t","protected":false},"excerpt":{"rendered":"<p>Ass\u00e9dio eleitoral no ambiente de trabalho n\u00e3o acabou, diz presidente do TST O processo eleitoral terminou no dia 31 de outubro do ano passado com a confirma\u00e7\u00e3o da vit\u00f3ria do presidente Lula (PT), que derrotou Jair Bolsonaro (PL), mas alguns patr\u00f5es continuam assediando eleitoralmente seus trabalhadores e trabalhadoras. A afirma\u00e7\u00e3o foi feita pelo presidente do [&hellip;]<\/p>\n","protected":false},"author":1,"featured_media":0,"comment_status":"closed","ping_status":"closed","sticky":false,"template":"elementor_canvas","format":"standard","meta":{"footnotes":""},"categories":[15],"tags":[],"_links":{"self":[{"href":"https:\/\/quimicositapetininga.org.br\/index.php?rest_route=\/wp\/v2\/posts\/1110"}],"collection":[{"href":"https:\/\/quimicositapetininga.org.br\/index.php?rest_route=\/wp\/v2\/posts"}],"about":[{"href":"https:\/\/quimicositapetininga.org.br\/index.php?rest_route=\/wp\/v2\/types\/post"}],"author":[{"embeddable":true,"href":"https:\/\/quimicositapetininga.org.br\/index.php?rest_route=\/wp\/v2\/users\/1"}],"replies":[{"embeddable":true,"href":"https:\/\/quimicositapetininga.org.br\/index.php?rest_route=%2Fwp%2Fv2%2Fcomments&post=1110"}],"version-history":[{"count":4,"href":"https:\/\/quimicositapetininga.org.br\/index.php?rest_route=\/wp\/v2\/posts\/1110\/revisions"}],"predecessor-version":[{"id":1116,"href":"https:\/\/quimicositapetininga.org.br\/index.php?rest_route=\/wp\/v2\/posts\/1110\/revisions\/1116"}],"wp:attachment":[{"href":"https:\/\/quimicositapetininga.org.br\/index.php?rest_route=%2Fwp%2Fv2%2Fmedia&parent=1110"}],"wp:term":[{"taxonomy":"category","embeddable":true,"href":"https:\/\/quimicositapetininga.org.br\/index.php?rest_route=%2Fwp%2Fv2%2Fcategories&post=1110"},{"taxonomy":"post_tag","embeddable":true,"href":"https:\/\/quimicositapetininga.org.br\/index.php?rest_route=%2Fwp%2Fv2%2Ftags&post=1110"}],"curies":[{"name":"wp","href":"https:\/\/api.w.org\/{rel}","templated":true}]}}