{"id":1066,"date":"2023-01-03T00:05:24","date_gmt":"2023-01-03T00:05:24","guid":{"rendered":"https:\/\/quimicositapetininga.org.br\/?p=1066"},"modified":"2023-01-03T00:09:15","modified_gmt":"2023-01-03T00:09:15","slug":"lula-sobe-a-rampa-do-planalto-e-recebe-faixa-presidencial","status":"publish","type":"post","link":"https:\/\/quimicositapetininga.org.br\/?p=1066","title":{"rendered":"Lula sobe a rampa do Planalto e recebe faixa presidencial"},"content":{"rendered":"\t\t<div data-elementor-type=\"wp-post\" data-elementor-id=\"1066\" class=\"elementor elementor-1066\" data-elementor-settings=\"[]\">\n\t\t\t\t\t\t\t<div class=\"elementor-section-wrap\">\n\t\t\t\t\t\t\t<section class=\"elementor-section elementor-top-section elementor-element elementor-element-e48c2b0 elementor-section-boxed elementor-section-height-default elementor-section-height-default\" data-id=\"e48c2b0\" data-element_type=\"section\">\n\t\t\t\t\t\t<div class=\"elementor-container elementor-column-gap-default\">\n\t\t\t\t\t<div class=\"elementor-column elementor-col-100 elementor-top-column elementor-element elementor-element-c683272\" data-id=\"c683272\" data-element_type=\"column\">\n\t\t\t<div class=\"elementor-widget-wrap elementor-element-populated\">\n\t\t\t\t\t\t\t\t<div class=\"elementor-element elementor-element-8f0bfda elementor-widget elementor-widget-heading\" data-id=\"8f0bfda\" data-element_type=\"widget\" data-widget_type=\"heading.default\">\n\t\t\t\t<div class=\"elementor-widget-container\">\n\t\t\t<style>\/*! elementor - v3.5.3 - 28-12-2021 *\/\n.elementor-heading-title{padding:0;margin:0;line-height:1}.elementor-widget-heading .elementor-heading-title[class*=elementor-size-]>a{color:inherit;font-size:inherit;line-height:inherit}.elementor-widget-heading .elementor-heading-title.elementor-size-small{font-size:15px}.elementor-widget-heading .elementor-heading-title.elementor-size-medium{font-size:19px}.elementor-widget-heading .elementor-heading-title.elementor-size-large{font-size:29px}.elementor-widget-heading .elementor-heading-title.elementor-size-xl{font-size:39px}.elementor-widget-heading .elementor-heading-title.elementor-size-xxl{font-size:59px}<\/style><h2 class=\"elementor-heading-title elementor-size-xl\">Lula sobe a rampa do Planalto e recebe faixa presidencial<\/h2>\t\t<\/div>\n\t\t\t\t<\/div>\n\t\t\t\t\t<\/div>\n\t\t<\/div>\n\t\t\t\t\t\t\t<\/div>\n\t\t<\/section>\n\t\t\t\t<section class=\"elementor-section elementor-top-section elementor-element elementor-element-69c5fe2 elementor-section-boxed elementor-section-height-default elementor-section-height-default\" data-id=\"69c5fe2\" data-element_type=\"section\">\n\t\t\t\t\t\t<div class=\"elementor-container elementor-column-gap-default\">\n\t\t\t\t\t<div class=\"elementor-column elementor-col-100 elementor-top-column elementor-element elementor-element-ef9d3e6\" data-id=\"ef9d3e6\" data-element_type=\"column\">\n\t\t\t<div class=\"elementor-widget-wrap elementor-element-populated\">\n\t\t\t\t\t\t\t\t<div class=\"elementor-element elementor-element-5e3d171 elementor-widget elementor-widget-image\" data-id=\"5e3d171\" data-element_type=\"widget\" data-widget_type=\"image.default\">\n\t\t\t\t<div class=\"elementor-widget-container\">\n\t\t\t<style>\/*! elementor - v3.5.3 - 28-12-2021 *\/\n.elementor-widget-image{text-align:center}.elementor-widget-image a{display:inline-block}.elementor-widget-image a img[src$=\".svg\"]{width:48px}.elementor-widget-image img{vertical-align:middle;display:inline-block}<\/style>\t\t\t\t\t\t\t\t\t\t\t\t<img loading=\"lazy\" decoding=\"async\" width=\"1024\" height=\"613\" src=\"https:\/\/quimicositapetininga.org.br\/wp-content\/uploads\/2023\/01\/cerimonia_de_posse_luiz_inacio_lula_da_silva_tnrgo_abr_0101233241_0-Foto_Tania-Rego.jpg\" class=\"attachment-large size-large\" alt=\"\" \/>\t\t\t\t\t\t\t\t\t\t\t\t\t\t\t<\/div>\n\t\t\t\t<\/div>\n\t\t\t\t\t<\/div>\n\t\t<\/div>\n\t\t\t\t\t\t\t<\/div>\n\t\t<\/section>\n\t\t\t\t<section class=\"elementor-section elementor-top-section elementor-element elementor-element-f861b00 elementor-section-boxed elementor-section-height-default elementor-section-height-default\" data-id=\"f861b00\" data-element_type=\"section\">\n\t\t\t\t\t\t<div class=\"elementor-container elementor-column-gap-default\">\n\t\t\t\t\t<div class=\"elementor-column elementor-col-100 elementor-top-column elementor-element elementor-element-c8bf677\" data-id=\"c8bf677\" data-element_type=\"column\">\n\t\t\t<div class=\"elementor-widget-wrap elementor-element-populated\">\n\t\t\t\t\t\t\t\t<div class=\"elementor-element elementor-element-b148ca3 elementor-widget elementor-widget-text-editor\" data-id=\"b148ca3\" data-element_type=\"widget\" data-widget_type=\"text-editor.default\">\n\t\t\t\t<div class=\"elementor-widget-container\">\n\t\t\t<style>\/*! elementor - v3.5.3 - 28-12-2021 *\/\n.elementor-widget-text-editor.elementor-drop-cap-view-stacked .elementor-drop-cap{background-color:#818a91;color:#fff}.elementor-widget-text-editor.elementor-drop-cap-view-framed .elementor-drop-cap{color:#818a91;border:3px solid;background-color:transparent}.elementor-widget-text-editor:not(.elementor-drop-cap-view-default) .elementor-drop-cap{margin-top:8px}.elementor-widget-text-editor:not(.elementor-drop-cap-view-default) .elementor-drop-cap-letter{width:1em;height:1em}.elementor-widget-text-editor .elementor-drop-cap{float:left;text-align:center;line-height:1;font-size:50px}.elementor-widget-text-editor .elementor-drop-cap-letter{display:inline-block}<\/style>\t\t\t\t<p>Ap\u00f3s ser empossado no Congresso Nacional, o presidente Luiz In\u00e1cio Lula da Silva subiu hoje (1\u00ba) a rampa do Pal\u00e1cio do Planalto, em Bras\u00edlia, e recebeu a faixa presidencial de cidad\u00e3os que representam a diversidade do povo brasileiro. Entre eles estava o cacique Raoni Metuktire, de 90 anos, l\u00edder do povo Kayap\u00f3, o menino Francisco Carlos do Nascimento e Silva, o professor Murilo de Quadros Jesus, a vig\u00edlia Jucimara Fausto dos Santos, o influenciador da inclus\u00e3o Ivan Vitor Dantas Pereira, o metal\u00fargico Weslley Viesba Rodrigues Rocha e a catadora Aline Sousa.<\/p><p>A primeira-dama Janja Silva, o vice-presidente Geraldo Alckmin e sua esposa, Lu Alckmin, acompanharam Lula e o grupo na entrada do pal\u00e1cio. A cadela vira-lata Resist\u00eancia tamb\u00e9m subiu a rampa. Ela morava no acampamento de militantes do Partidos dos Trabalhadores em frente \u00e0 Pol\u00edcia Federal, em Curitiba, e foi adotada por Janja quando o presidente estava preso na cidade, em 2018.<\/p><p>Lula voltou a discursar no Parlat\u00f3rio da sede do Executivo federal. Ao se dirigir aos apoiadores que o aguardavam na Pra\u00e7a dos Tr\u00eas Poderes, o presidente iniciou o discurso agradecendo os eleitores que combateram a \u201cviol\u00eancia pol\u00edtica\u201d durante na campanha eleitoral e disse que vai governar para todos os brasileiros.<\/p><p>\u201cVou governar para os 215 milh\u00f5es de brasileiros e brasileiras, e n\u00e3o apenas para quem votou em mim. Vou governar para todas e todos, olhando para o nosso luminoso futuro em comum, e n\u00e3o pelo retrovisor de um passado\u201d, afirmou.<\/p><p>Fonte: Ag\u00eancia Brasil<\/p>\t\t\t\t\t\t<\/div>\n\t\t\t\t<\/div>\n\t\t\t\t\t<\/div>\n\t\t<\/div>\n\t\t\t\t\t\t\t<\/div>\n\t\t<\/section>\n\t\t\t\t\t\t<\/div>\n\t\t\t\t\t<\/div>\n\t\t","protected":false},"excerpt":{"rendered":"<p>Lula sobe a rampa do Planalto e recebe faixa presidencial Ap\u00f3s ser empossado no Congresso Nacional, o presidente Luiz In\u00e1cio Lula da Silva subiu hoje (1\u00ba) a rampa do Pal\u00e1cio do Planalto, em Bras\u00edlia, e recebeu a faixa presidencial de cidad\u00e3os que representam a diversidade do povo brasileiro. Entre eles estava o cacique Raoni Metuktire, [&hellip;]<\/p>\n","protected":false},"author":1,"featured_media":0,"comment_status":"closed","ping_status":"closed","sticky":false,"template":"elementor_canvas","format":"standard","meta":{"footnotes":""},"categories":[2],"tags":[],"_links":{"self":[{"href":"https:\/\/quimicositapetininga.org.br\/index.php?rest_route=\/wp\/v2\/posts\/1066"}],"collection":[{"href":"https:\/\/quimicositapetininga.org.br\/index.php?rest_route=\/wp\/v2\/posts"}],"about":[{"href":"https:\/\/quimicositapetininga.org.br\/index.php?rest_route=\/wp\/v2\/types\/post"}],"author":[{"embeddable":true,"href":"https:\/\/quimicositapetininga.org.br\/index.php?rest_route=\/wp\/v2\/users\/1"}],"replies":[{"embeddable":true,"href":"https:\/\/quimicositapetininga.org.br\/index.php?rest_route=%2Fwp%2Fv2%2Fcomments&post=1066"}],"version-history":[{"count":4,"href":"https:\/\/quimicositapetininga.org.br\/index.php?rest_route=\/wp\/v2\/posts\/1066\/revisions"}],"predecessor-version":[{"id":1072,"href":"https:\/\/quimicositapetininga.org.br\/index.php?rest_route=\/wp\/v2\/posts\/1066\/revisions\/1072"}],"wp:attachment":[{"href":"https:\/\/quimicositapetininga.org.br\/index.php?rest_route=%2Fwp%2Fv2%2Fmedia&parent=1066"}],"wp:term":[{"taxonomy":"category","embeddable":true,"href":"https:\/\/quimicositapetininga.org.br\/index.php?rest_route=%2Fwp%2Fv2%2Fcategories&post=1066"},{"taxonomy":"post_tag","embeddable":true,"href":"https:\/\/quimicositapetininga.org.br\/index.php?rest_route=%2Fwp%2Fv2%2Ftags&post=1066"}],"curies":[{"name":"wp","href":"https:\/\/api.w.org\/{rel}","templated":true}]}}