{"id":1030,"date":"2022-12-02T01:39:40","date_gmt":"2022-12-02T01:39:40","guid":{"rendered":"https:\/\/quimicositapetininga.org.br\/?p=1030"},"modified":"2022-12-02T01:43:34","modified_gmt":"2022-12-02T01:43:34","slug":"liderancas-sindicais-reunem-se-com-lula-em-brasilia","status":"publish","type":"post","link":"https:\/\/quimicositapetininga.org.br\/?p=1030","title":{"rendered":"Lideran\u00e7as sindicais re\u00fanem-se com Lula em Bras\u00edlia"},"content":{"rendered":"\t\t<div data-elementor-type=\"wp-post\" data-elementor-id=\"1030\" class=\"elementor elementor-1030\" data-elementor-settings=\"[]\">\n\t\t\t\t\t\t\t<div class=\"elementor-section-wrap\">\n\t\t\t\t\t\t\t<section class=\"elementor-section elementor-top-section elementor-element elementor-element-6be6263 elementor-section-boxed elementor-section-height-default elementor-section-height-default\" data-id=\"6be6263\" data-element_type=\"section\">\n\t\t\t\t\t\t<div class=\"elementor-container elementor-column-gap-default\">\n\t\t\t\t\t<div class=\"elementor-column elementor-col-100 elementor-top-column elementor-element elementor-element-d93d102\" data-id=\"d93d102\" data-element_type=\"column\">\n\t\t\t<div class=\"elementor-widget-wrap elementor-element-populated\">\n\t\t\t\t\t\t\t\t<div class=\"elementor-element elementor-element-e740293 elementor-widget elementor-widget-heading\" data-id=\"e740293\" data-element_type=\"widget\" data-widget_type=\"heading.default\">\n\t\t\t\t<div class=\"elementor-widget-container\">\n\t\t\t<style>\/*! elementor - v3.5.3 - 28-12-2021 *\/\n.elementor-heading-title{padding:0;margin:0;line-height:1}.elementor-widget-heading .elementor-heading-title[class*=elementor-size-]>a{color:inherit;font-size:inherit;line-height:inherit}.elementor-widget-heading .elementor-heading-title.elementor-size-small{font-size:15px}.elementor-widget-heading .elementor-heading-title.elementor-size-medium{font-size:19px}.elementor-widget-heading .elementor-heading-title.elementor-size-large{font-size:29px}.elementor-widget-heading .elementor-heading-title.elementor-size-xl{font-size:39px}.elementor-widget-heading .elementor-heading-title.elementor-size-xxl{font-size:59px}<\/style><h2 class=\"elementor-heading-title elementor-size-xl\">Lideran\u00e7as sindicais re\u00fanem-se com Lula em Bras\u00edlia<\/h2>\t\t<\/div>\n\t\t\t\t<\/div>\n\t\t\t\t\t<\/div>\n\t\t<\/div>\n\t\t\t\t\t\t\t<\/div>\n\t\t<\/section>\n\t\t\t\t<section class=\"elementor-section elementor-top-section elementor-element elementor-element-acbb95f elementor-section-boxed elementor-section-height-default elementor-section-height-default\" data-id=\"acbb95f\" data-element_type=\"section\">\n\t\t\t\t\t\t<div class=\"elementor-container elementor-column-gap-default\">\n\t\t\t\t\t<div class=\"elementor-column elementor-col-100 elementor-top-column elementor-element elementor-element-363bf8f\" data-id=\"363bf8f\" data-element_type=\"column\">\n\t\t\t<div class=\"elementor-widget-wrap elementor-element-populated\">\n\t\t\t\t\t\t\t\t<div class=\"elementor-element elementor-element-9c83ed1 elementor-widget elementor-widget-image\" data-id=\"9c83ed1\" data-element_type=\"widget\" data-widget_type=\"image.default\">\n\t\t\t\t<div class=\"elementor-widget-container\">\n\t\t\t<style>\/*! elementor - v3.5.3 - 28-12-2021 *\/\n.elementor-widget-image{text-align:center}.elementor-widget-image a{display:inline-block}.elementor-widget-image a img[src$=\".svg\"]{width:48px}.elementor-widget-image img{vertical-align:middle;display:inline-block}<\/style>\t\t\t\t\t\t\t\t\t\t\t\t<img loading=\"lazy\" decoding=\"async\" width=\"696\" height=\"522\" src=\"https:\/\/quimicositapetininga.org.br\/wp-content\/uploads\/2022\/12\/lula-e-centrais_brasilia_01-12-2022-1-696x522-1.jpeg\" class=\"attachment-large size-large\" alt=\"\" \/>\t\t\t\t\t\t\t\t\t\t\t\t\t\t\t<\/div>\n\t\t\t\t<\/div>\n\t\t\t\t\t<\/div>\n\t\t<\/div>\n\t\t\t\t\t\t\t<\/div>\n\t\t<\/section>\n\t\t\t\t<section class=\"elementor-section elementor-top-section elementor-element elementor-element-f2205cd elementor-section-boxed elementor-section-height-default elementor-section-height-default\" data-id=\"f2205cd\" data-element_type=\"section\">\n\t\t\t\t\t\t<div class=\"elementor-container elementor-column-gap-default\">\n\t\t\t\t\t<div class=\"elementor-column elementor-col-100 elementor-top-column elementor-element elementor-element-ce51961\" data-id=\"ce51961\" data-element_type=\"column\">\n\t\t\t<div class=\"elementor-widget-wrap elementor-element-populated\">\n\t\t\t\t\t\t\t\t<div class=\"elementor-element elementor-element-0f41144 elementor-widget elementor-widget-text-editor\" data-id=\"0f41144\" data-element_type=\"widget\" data-widget_type=\"text-editor.default\">\n\t\t\t\t<div class=\"elementor-widget-container\">\n\t\t\t<style>\/*! elementor - v3.5.3 - 28-12-2021 *\/\n.elementor-widget-text-editor.elementor-drop-cap-view-stacked .elementor-drop-cap{background-color:#818a91;color:#fff}.elementor-widget-text-editor.elementor-drop-cap-view-framed .elementor-drop-cap{color:#818a91;border:3px solid;background-color:transparent}.elementor-widget-text-editor:not(.elementor-drop-cap-view-default) .elementor-drop-cap{margin-top:8px}.elementor-widget-text-editor:not(.elementor-drop-cap-view-default) .elementor-drop-cap-letter{width:1em;height:1em}.elementor-widget-text-editor .elementor-drop-cap{float:left;text-align:center;line-height:1;font-size:50px}.elementor-widget-text-editor .elementor-drop-cap-letter{display:inline-block}<\/style>\t\t\t\t<p>O presidente da FEQUIMFAR e vice-presidente da For\u00e7a Sindical, Sergio Luiz Leite, Serginho,\u00a0esteve hoje em Bras\u00edlia DF, no Centro Cultural Banco do Brasil (CCBB), onde funciona o gabinete de transi\u00e7\u00e3o de governo, para reuni\u00e3o com representantes das Centrais Sindicais e o presidente eleito, Luiz In\u00e1cio Lula da Silva.<\/p><p>O evento foi a pedido de Lula e teve a presen\u00e7a de lideran\u00e7as das Centrais e algumas categorias, entre elas, qu\u00edmicos, metal\u00fargicos, eletricit\u00e1rios, constru\u00e7\u00e3o civil, comerci\u00e1rios e petroleiros.<\/p><p>Serginho explica que o grupo de transi\u00e7\u00e3o do tema Trabalho apresentou um relat\u00f3rio das atividades e elencou as prioridades para o tema, em especial,\u00a0as\u00a0propostas da classe trabalhadora que constam na Conclat 2022, para entre outras medidas, ajudar a acelerar o desenvolvimento econ\u00f4mico do Brasil, com gera\u00e7\u00e3o de empregos com direitos.<\/p><p>Miguel Torres, presidente da For\u00e7a Sindical destaca que, entre as medidas defendidas pelo movimento sindical, ser\u00e3o apresentadas a\u00e7\u00f5es para\u00a0gera\u00e7\u00e3o de empregos de qualidade, aumento dos sal\u00e1rios, prote\u00e7\u00e3o dos direitos trabalhistas, recria\u00e7\u00e3o do Minist\u00e9rio do Trabalho e tamb\u00e9m da Previd\u00eancia, combate \u00e0s desigualdades, prote\u00e7\u00f5es sociais e previdenci\u00e1rias, a defesa da democracia, da soberania e da vida.<\/p><p>O presidente Lula agradeceu o apoio dado pelo movimento sindical e destacou os enormes desafios a serem enfrentados em seu terceiro mandato. \u201cVamos construir um Brasil com mais direitos e dignidade para trabalhadores, gerar empregos e estimular novos mercados. E vamos fazer isso ouvindo todos.\u201d<\/p><p>Fonte: com informa\u00e7\u00f5es da For\u00e7a Sindical.<\/p>\t\t\t\t\t\t<\/div>\n\t\t\t\t<\/div>\n\t\t\t\t\t<\/div>\n\t\t<\/div>\n\t\t\t\t\t\t\t<\/div>\n\t\t<\/section>\n\t\t\t\t\t\t<\/div>\n\t\t\t\t\t<\/div>\n\t\t","protected":false},"excerpt":{"rendered":"<p>Lideran\u00e7as sindicais re\u00fanem-se com Lula em Bras\u00edlia O presidente da FEQUIMFAR e vice-presidente da For\u00e7a Sindical, Sergio Luiz Leite, Serginho,\u00a0esteve hoje em Bras\u00edlia DF, no Centro Cultural Banco do Brasil (CCBB), onde funciona o gabinete de transi\u00e7\u00e3o de governo, para reuni\u00e3o com representantes das Centrais Sindicais e o presidente eleito, Luiz In\u00e1cio Lula da Silva. [&hellip;]<\/p>\n","protected":false},"author":1,"featured_media":0,"comment_status":"closed","ping_status":"closed","sticky":false,"template":"elementor_canvas","format":"standard","meta":{"footnotes":""},"categories":[2],"tags":[],"_links":{"self":[{"href":"https:\/\/quimicositapetininga.org.br\/index.php?rest_route=\/wp\/v2\/posts\/1030"}],"collection":[{"href":"https:\/\/quimicositapetininga.org.br\/index.php?rest_route=\/wp\/v2\/posts"}],"about":[{"href":"https:\/\/quimicositapetininga.org.br\/index.php?rest_route=\/wp\/v2\/types\/post"}],"author":[{"embeddable":true,"href":"https:\/\/quimicositapetininga.org.br\/index.php?rest_route=\/wp\/v2\/users\/1"}],"replies":[{"embeddable":true,"href":"https:\/\/quimicositapetininga.org.br\/index.php?rest_route=%2Fwp%2Fv2%2Fcomments&post=1030"}],"version-history":[{"count":7,"href":"https:\/\/quimicositapetininga.org.br\/index.php?rest_route=\/wp\/v2\/posts\/1030\/revisions"}],"predecessor-version":[{"id":1039,"href":"https:\/\/quimicositapetininga.org.br\/index.php?rest_route=\/wp\/v2\/posts\/1030\/revisions\/1039"}],"wp:attachment":[{"href":"https:\/\/quimicositapetininga.org.br\/index.php?rest_route=%2Fwp%2Fv2%2Fmedia&parent=1030"}],"wp:term":[{"taxonomy":"category","embeddable":true,"href":"https:\/\/quimicositapetininga.org.br\/index.php?rest_route=%2Fwp%2Fv2%2Fcategories&post=1030"},{"taxonomy":"post_tag","embeddable":true,"href":"https:\/\/quimicositapetininga.org.br\/index.php?rest_route=%2Fwp%2Fv2%2Ftags&post=1030"}],"curies":[{"name":"wp","href":"https:\/\/api.w.org\/{rel}","templated":true}]}}